{"id":2220,"date":"2014-07-17T15:40:22","date_gmt":"2014-07-17T18:40:22","guid":{"rendered":"http:\/\/www.ctainternacionales.org\/?p=2220"},"modified":"2014-07-17T20:17:21","modified_gmt":"2014-07-17T23:17:21","slug":"que-es-la-precop-social","status":"publish","type":"post","link":"https:\/\/ctainternacionales.org\/?p=2220","title":{"rendered":"\u00bfQu\u00e9 es la PreCOP Social?"},"content":{"rendered":"<p style=\"text-align: justify;\"><a href=\"http:\/\/www.ctainternacionales.org\/wp-content\/uploads\/2014\/07\/caricatura-cumbre-cambio-climatico-cancun.jpg\"><img loading=\"lazy\" decoding=\"async\" class=\"aligncenter size-thumbnail wp-image-2221\" src=\"http:\/\/www.ctainternacionales.org\/wp-content\/uploads\/2014\/07\/caricatura-cumbre-cambio-climatico-cancun-307x245.jpg\" alt=\"caricatura-cumbre-cambio-climatico-cancun\" width=\"307\" height=\"245\" \/><\/a>La PreCOP Social de Cambio Clim\u00e1tico es la primera Consulta P\u00fablica Mundial que se propone sentar juntos a los Gobiernos con Movimientos y organizaciones sociales de todo el planeta para establecer las bases de una alianza entre Pueblos y Gobiernos de cara a la amenaza que el cambio clim\u00e1tico representa en la actualidad para la humanidad entera.<!--more--><\/p>\n<p style=\"text-align: justify;\">A partir de la confianza y el liderazgo ganados internacionalmente bajo la conducci\u00f3n del Comandante Hugo Ch\u00e1vez, la Rep\u00fablica Bolivariana de Venezuela abri\u00f3 el espacio de la PreCOP Social de Cambio Clim\u00e1tico para permitir a las organizaciones populares de todo el mundo influir en la agenda de la ONU en un momento hist\u00f3rico clave: la posibilidad de superar el depredador sistema de desarrollo capitalista a trav\u00e9s de la concertaci\u00f3n pol\u00edtica y, con ello, salvar el planeta.<\/p>\n<p style=\"text-align: justify;\">Tres consultas pol\u00edticas de Alto Nivel convocadas para este 2014 lo convierten en un a\u00f1o crucial para las negociaciones clim\u00e1ticas:<\/p>\n<p style=\"text-align: justify;\">La primera es el 23 de septiembre en la sede de la ONU en Nueva York, Estados Unidos, convocada por el Secretario General de la ONU, Ban Ki-Moon, en el marco de la 69 Asamblea General de Naciones Unidas.<br \/>\nDespu\u00e9s, del 4 al 7 de noviembre Venezuela acoger\u00e1 la PreCOP Social de Cambio Clim\u00e1tico<br \/>\nFinalmente, la vig\u00e9sima Conferencia de las Partes (COP 20), que se realizar\u00e1 en Lima, Per\u00fa.<br \/>\nVenezuela ha materializado su protagonismo en el \u00e1mbito internacional al participar en la conducci\u00f3n pol\u00edtica del nuevo acuerdo jur\u00eddico sobre Cambio Clim\u00e1tico, y ha salido al frente de este reto mundial desde una perspectiva revolucionaria haciendo frente con el Socialismo del Siglo XXI y con el Buen Vivir al \u201cCapitalismo Verde\u201d y el \u201cDesarrollo Bajo en Carbono\u201d.<\/p>\n<p style=\"text-align: justify;\">La PreCOP Social de Cambio Clim\u00e1tico: Cambiando el Sistema No el Clima, se llevar\u00e1 a cabo del 4 al 7 de noviembre de 2014 en el Hotel Venetur Margarita.<\/p>\n<p style=\"text-align: justify;\">Entre el 4 y el 5 de Noviembre est\u00e1 prevista la reuni\u00f3n de las Organizaciones No Gubernamentales (ONG) y Movimientos Sociales Nacionales e Internacionales que fijar\u00e1n posici\u00f3n frente al cambio clim\u00e1tico y elaborar\u00e1n un documento con sus propuestas para ser presentadas y debatidas el d\u00eda 6 de Noviembre, en mesa redonda, con los Ministros responsables del tema de Cambio Clim\u00e1tico de 40 pa\u00edses del mundo.<\/p>\n","protected":false},"excerpt":{"rendered":"La PreCOP Social de Cambio Clim\u00e1tico es la primera Consulta P\u00fablica Mundial que se propone sentar juntos a los Gobiernos con Movimientos y \n<a class=\"moretag\" href=\"https:\/\/ctainternacionales.org\/?p=2220\"> [...]<\/a>","protected":false},"author":1,"featured_media":0,"comment_status":"closed","ping_status":"closed","sticky":false,"template":"","format":"standard","meta":{"ngg_post_thumbnail":0,"footnotes":""},"categories":[],"tags":[],"class_list":["post-2220","post","type-post","status-publish","format-standard","hentry"],"_links":{"self":[{"href":"https:\/\/ctainternacionales.org\/index.php?rest_route=\/wp\/v2\/posts\/2220","targetHints":{"allow":["GET"]}}],"collection":[{"href":"https:\/\/ctainternacionales.org\/index.php?rest_route=\/wp\/v2\/posts"}],"about":[{"href":"https:\/\/ctainternacionales.org\/index.php?rest_route=\/wp\/v2\/types\/post"}],"author":[{"embeddable":true,"href":"https:\/\/ctainternacionales.org\/index.php?rest_route=\/wp\/v2\/users\/1"}],"replies":[{"embeddable":true,"href":"https:\/\/ctainternacionales.org\/index.php?rest_route=%2Fwp%2Fv2%2Fcomments&post=2220"}],"version-history":[{"count":2,"href":"https:\/\/ctainternacionales.org\/index.php?rest_route=\/wp\/v2\/posts\/2220\/revisions"}],"predecessor-version":[{"id":2223,"href":"https:\/\/ctainternacionales.org\/index.php?rest_route=\/wp\/v2\/posts\/2220\/revisions\/2223"}],"wp:attachment":[{"href":"https:\/\/ctainternacionales.org\/index.php?rest_route=%2Fwp%2Fv2%2Fmedia&parent=2220"}],"wp:term":[{"taxonomy":"category","embeddable":true,"href":"https:\/\/ctainternacionales.org\/index.php?rest_route=%2Fwp%2Fv2%2Fcategories&post=2220"},{"taxonomy":"post_tag","embeddable":true,"href":"https:\/\/ctainternacionales.org\/index.php?rest_route=%2Fwp%2Fv2%2Ftags&post=2220"}],"curies":[{"name":"wp","href":"https:\/\/api.w.org\/{rel}","templated":true}]}}