{"id":2214,"date":"2014-07-17T14:20:08","date_gmt":"2014-07-17T17:20:08","guid":{"rendered":"http:\/\/www.ctainternacionales.org\/?p=2214"},"modified":"2014-07-17T21:47:50","modified_gmt":"2014-07-18T00:47:50","slug":"que-es-el-tratado-vinculante-sobre-derechos-humanos-para-empresas-transnacionales","status":"publish","type":"post","link":"https:\/\/ctainternacionales.org\/?p=2214","title":{"rendered":"Qu\u00e9 es el Tratado Vinculante sobre Derechos Humanos para Empresas Transnacionales?"},"content":{"rendered":"<p style=\"text-align: justify;\"><a href=\"http:\/\/www.ctainternacionales.org\/wp-content\/uploads\/2014\/07\/nike3.jpg\"><img loading=\"lazy\" decoding=\"async\" class=\"aligncenter size-thumbnail wp-image-2234\" src=\"http:\/\/www.ctainternacionales.org\/wp-content\/uploads\/2014\/07\/nike3-307x217.jpg\" alt=\"nike3\" width=\"307\" height=\"217\" \/><\/a><a href=\"http:\/\/www.ctainternacionales.org\/wp-content\/uploads\/2014\/07\/multinacionales-1.jpg\"><br \/>\n<\/a>El 24 de julio a las 11 hs, nos visita el Dr. Gonzalo Berr\u00f3n, del consejo directivo de Transnational Institute de Holanda y activo miembro de la campa\u00f1a \u201cDesmantelar el poder de las Transnacionales\u201d<br \/>\nGonzalo Berr\u00f3n, investigador asociado del TNI, ha desempe\u00f1ado un destacado papel en la coordinaci\u00f3n de movimientos latinoamericanos que luchan contra los acuerdos de libre comercio. Tambi\u00e9n ha participado muy activamente en los debates entre sociedad civil y Gobiernos<br \/>\nprogresistas sobre la construcci\u00f3n de una estructura financiera y comercial alternativa y justa en Latinoam\u00e9rica.<br \/>\nGonzalo tambi\u00e9n ha trabajado como coordinador de la Secretar\u00eda de la Alianza Social Continental y ha colaborado con la Oficina Internacional de la Central \u00danica dos Trabalhadores (CUT) de Brasil. Aunque es argentino de nacimiento, lleva muchos a\u00f1os viviendo en Brasil.<br \/>\nEn este encuentro, buscaremos informarnos y comprender el alcance de la Resoluci\u00f3n Adoptada por el Consejo de Naciones Unidas de la ONU en junio 2014 y cu\u00e1les son las pr\u00f3ximas acciones previstas desde la campa\u00f1a y pr\u00f3ximas instancias de debate y coordinaci\u00f3n.<br \/>\nLos invitamos a compartir esta charla el 24 de julio a las 11 hs. en el 1er piso de CTA Nacional \u2013 Lima 609.<!--more--><a href=\"http:\/\/www.ctainternacionales.org\/wp-content\/uploads\/2014\/07\/berron-1.jpg\"><img loading=\"lazy\" decoding=\"async\" class=\"aligncenter size-full wp-image-2216\" src=\"http:\/\/www.ctainternacionales.org\/wp-content\/uploads\/2014\/07\/berron-1.jpg\" alt=\"berron-1\" width=\"156\" height=\"220\" \/><\/a><\/p>\n<p style=\"text-align: justify;\"><em><strong>a continuaci\u00f3n el comunicado de prensa de la coordinaci\u00f3n de la campa\u00f1a y en anexo la resoluci\u00f3n de la ONU:<\/strong><\/em><br \/>\n26 de Junio de 2014: Despu\u00e9s de semanas de negociaci\u00f3n y de lobbying fren\u00e9tico de las naciones del norte para evitar la creaci\u00f3n de un tratado vinculante con obligaciones de derechos humanos dirigido a las empresas transnacionales (ETN), el Consejo de Derechos Humanos de Naciones Unidas (CDH) aprob\u00f3 la Resoluci\u00f3n A\/HRC\/26\/L.22\/Rev.1, que permitir\u00e1 iniciar dicho proceso. El tenso debate que rode\u00f3 la Resoluci\u00f3n desde el principio cuando en septiembre de 2013, 85 Estados abrieron el di\u00e1logo, la mayor\u00eda del grupo africano, el grupo \u00e1rabe y los pa\u00edses del ALBA, lleg\u00f3 hoy a su fin con 20 votos en favor, 14 en contra, y 13 abstenciones.\u2028\u2028Cuando el d\u00eda jueves por la ma\u00f1ana la Resoluci\u00f3n fue presentada en el CDH, Ecuador, China, Sud\u00e1frica e India hicieron un llamamiento para que fuese aprobada por consenso la creaci\u00f3n de un tratado vinculante que garantice a las v\u00edctimas de violaciones de derechos humanos de ETN el derecho de acceso a la justicia. A pesar de la expresa y firme oposici\u00f3n de los Estados Unidos, la Uni\u00f3n Europea (UE), Jap\u00f3n y Reino Unido, quienes pidieron a los dem\u00e1s Estados miembros del CDH que se opusiesen a la Resoluci\u00f3n, esta fue aprobada y muy bien recibida con un aplauso espont\u00e1neo en el hemiciclo, un evento inusual y excepcional en las sesiones de la ONU.\u2028\u2028Despu\u00e9s de haber observado el proceso de votaci\u00f3n desde la misma sala del Palais de Nations, la activista brasile\u00f1a Diana Aguiar coment\u00f3 que \u201clos argumentos basados en las amenazas de la delegaci\u00f3n de la UE sobre los posibles efectos de la creaci\u00f3n de normas vinculantes en las inversiones de las ETN en los pa\u00edses del sur, as\u00ed como las declaraciones del representante de EE.UU. para incluir a las ETN en cualquier discusi\u00f3n sobre negocios y derechos humanos, son el reflejo de las pol\u00edticas institucionales que no diferencian entre la protecci\u00f3n del bien p\u00fablico y la defensa de los intereses privados\u201d. Tambi\u00e9n a\u00f1adi\u00f3 que \u201cel enfoque de m\u00faltiples actores (multi-stakeholder) de los pa\u00edses del norte, es un simple camuflaje de la profunda infiltraci\u00f3n de las empresas en los gobiernos, quienes colocan los intereses de los inversores por delante de los derechos de las personas\u201d.\u2028\u2028Antes de la votaci\u00f3n tanto Ecuador como Sud\u00e1frica subrayaron el apoyo sin precedentes que centenares de organizaciones de la sociedad civil y movimientos sociales prestaron a la aprobaci\u00f3n de la Resoluci\u00f3n. Como dijo el Embajador de Ecuador, \u201ctenemos que agradecer las m\u00e1s de 500 organizaciones de la sociedad civil que formaron una coalici\u00f3n para demandar reparaciones a las v\u00edctimas y para apoyar nuestro esfuerzo\u201d, a\u00f1adiendo tambi\u00e9n que \u201csin su trabajo nada de esto hubiese sido posible\u201d. La Campa\u00f1a Global para Desmantelar el Poder Corporativo y Poner Fin a la Impunidad (en ingl\u00e9s, Global Campaign to Dismantle Corporate Power &amp; Stop Impunity), ha estado involucrada en este proceso desde septiembre de 2013, cuando Ecuador anunci\u00f3 por primera vez la iniciativa. \u2028\u2028\u201cUna de las demandas principales de la Campa\u00f1a Global para Desmantelar el Poder Corporativo y Poner Fin a la Impunidad, ha sido siempre la de crear un tratado vinculante que garantice el derecho al acceso a la justicia para las v\u00edctimas de las sistem\u00e1ticas violaciones de derechos humanos cometidas por las ETN\u201d, dijo Brid Brennan del Transnational Institute. \u201cAcogemos con benepl\u00e1cito la adopci\u00f3n de esta Resoluci\u00f3n y estamos comprometidas en asegurar que el proceso en el seno del CDH, permita alcanzar un marco de protecci\u00f3n a los derechos humanos basado en la justicia social y ambiental\u201d. \u2028\u2028El voto dividido entre los pa\u00edses del norte y del sur del mundo, muestra claramente quien quiere defender los intereses del capital transnacional y quien por el contrario, quiere defender los derechos de las v\u00edctimas de violaciones de derechos humanos\u201d.<\/p>\n<p>&nbsp;<\/p>\n<p><strong>PARA BAJAR LA RESOLUCION COMPLETA:\u00a0<\/strong><\/p>\n<p>http:\/\/www.especieenpeligro.net\/index.php\/organismos-internacionales\/2195-resolucion-hrc-26th-25-06-2014-a-hrc-26-l-22-rev-1-del-consejo-de-derechos-humanos-onu-26-periodo-de-sesiones<\/p>\n<p>&nbsp;<\/p>\n<p>&nbsp;<\/p>\n<p>&nbsp;<\/p>\n","protected":false},"excerpt":{"rendered":"El 24 de julio a las 11 hs, nos visita el Dr. Gonzalo Berr\u00f3n, del consejo directivo de Transnational Institute de Holanda y \n<a class=\"moretag\" href=\"https:\/\/ctainternacionales.org\/?p=2214\"> [...]<\/a>","protected":false},"author":1,"featured_media":0,"comment_status":"closed","ping_status":"closed","sticky":false,"template":"","format":"standard","meta":{"ngg_post_thumbnail":0,"footnotes":""},"categories":[],"tags":[],"class_list":["post-2214","post","type-post","status-publish","format-standard","hentry"],"_links":{"self":[{"href":"https:\/\/ctainternacionales.org\/index.php?rest_route=\/wp\/v2\/posts\/2214","targetHints":{"allow":["GET"]}}],"collection":[{"href":"https:\/\/ctainternacionales.org\/index.php?rest_route=\/wp\/v2\/posts"}],"about":[{"href":"https:\/\/ctainternacionales.org\/index.php?rest_route=\/wp\/v2\/types\/post"}],"author":[{"embeddable":true,"href":"https:\/\/ctainternacionales.org\/index.php?rest_route=\/wp\/v2\/users\/1"}],"replies":[{"embeddable":true,"href":"https:\/\/ctainternacionales.org\/index.php?rest_route=%2Fwp%2Fv2%2Fcomments&post=2214"}],"version-history":[{"count":5,"href":"https:\/\/ctainternacionales.org\/index.php?rest_route=\/wp\/v2\/posts\/2214\/revisions"}],"predecessor-version":[{"id":2218,"href":"https:\/\/ctainternacionales.org\/index.php?rest_route=\/wp\/v2\/posts\/2214\/revisions\/2218"}],"wp:attachment":[{"href":"https:\/\/ctainternacionales.org\/index.php?rest_route=%2Fwp%2Fv2%2Fmedia&parent=2214"}],"wp:term":[{"taxonomy":"category","embeddable":true,"href":"https:\/\/ctainternacionales.org\/index.php?rest_route=%2Fwp%2Fv2%2Fcategories&post=2214"},{"taxonomy":"post_tag","embeddable":true,"href":"https:\/\/ctainternacionales.org\/index.php?rest_route=%2Fwp%2Fv2%2Ftags&post=2214"}],"curies":[{"name":"wp","href":"https:\/\/api.w.org\/{rel}","templated":true}]}}