{"id":2146,"date":"2014-06-25T21:43:07","date_gmt":"2014-06-25T21:43:07","guid":{"rendered":"http:\/\/www.ctainternacionales.org\/?p=2146"},"modified":"2014-07-18T20:02:22","modified_gmt":"2014-07-18T23:02:22","slug":"se-conformo-un-equipo-de-la-cta-para-trabajo-sobre-oit","status":"publish","type":"post","link":"https:\/\/ctainternacionales.org\/?p=2146","title":{"rendered":"Se conform\u00f3 un equipo de la CTA para trabajo sobre OIT"},"content":{"rendered":"<p><a href=\"http:\/\/www.ctainternacionales.org\/wp-content\/uploads\/2014\/06\/reu.jpg\"><img loading=\"lazy\" decoding=\"async\" class=\"aligncenter size-thumbnail wp-image-2273\" src=\"http:\/\/www.ctainternacionales.org\/wp-content\/uploads\/2014\/06\/reu-307x230.jpg\" alt=\"reu\" width=\"307\" height=\"230\" \/><\/a>El lunes 23 de junio, se reunieron en la CTA, los compa\u00f1eros que participaron en la delegaci\u00f3n argentina ante la 103 Conferencia de la Organizaci\u00f3n Internacional del Trabajo, realizada a inicios de Junio, en su sede en Ginebra. Durante esta Conferencia, Horacio Meguira fue nombrado vicepresidente por las Am\u00e9ricas del grupo de trabajadores.<!--more--><\/p>\n<p>Adolfo \u00abFito\u00bb Aguirre, Secretario de Relaciones Inernacionales, abri\u00f3 la reuni\u00f3n, felicitando al grupo por su participaci\u00f3n en la OIT; invitando a la reflexi\u00f3n colectiva y a la preparaci\u00f3n de la 18 Reuni\u00f3n Regional Americana a realizarse en Lima del 13 al 16 de octubre.<\/p>\n<p>Jos\u00e9 Rigane, Secretario Adjunto, evalu\u00f3 con preocupaci\u00f3n los debates en la OIT, que pueden entenderse como un retroceso para el movimiento obrero. Por otra parte, resalt\u00f3 la necesidad de coordinar mejor la acci\u00f3n en la conferencia con centrales hermanas como el PIT CNT-(Uruguay). Esta necesidad de consolidar las estrategias en el seno del movimiento sindical, fue tambi\u00e9n expresada por Rub\u00e9n Garrido, quien sostuvo la importancia de una mayor acci\u00f3n sindical en el marco de la CSA.<\/p>\n<p>Por su parte, el Secretario Gremial de la CTA, Daniel Jorajur\u00eda, present\u00f3 una descripci\u00f3n y an\u00e1lisis pol\u00edtico sobre la participaci\u00f3n de la delegaci\u00f3n de CTA y relat\u00f3 junto a Horacio Meguira, la positiva presentaci\u00f3n ante el Consejo de Administraci\u00f3n de una queja por la intromisi\u00f3n del Ministerio de Trabajo en las elecciones de CTA. A su vez, relataron la solidaridad de otras centrales con el proceso eleccionario aut\u00f3nomo de nuestra central.<\/p>\n<p>A su turno, Guillermo Pacagnini, evalu\u00f3 la dificultad que implica para el movimiento de trabajadores, la cercan\u00eda y cooptaci\u00f3n por parte de gobiernos, lo que los lleva a intervenir en desmedro de graves violaciones a derechos laborales en terceros pa\u00edses. El secretario de DDHH, Hugo Blasco, sostuvo que para la federaci\u00f3n de judiciales fue muy importante integrar la delegaci\u00f3n y llevar la demanda de una misi\u00f3n t\u00e9cnica a la Argentina.<\/p>\n<p>Finalmente, Horacio Meguira, explic\u00f3 el complejo significado simb\u00f3lico de un no acuerdo entre las tres partes, sobre el derecho a huelga. El pretendido avance del sector empresarial sobre el derecho a huelga, fue enfrentado s\u00f3lidamente por el grupo de trabajadores. Sin embargo, la rotura del acuerdo comenzada por los empresarios, muestra la gravedad de la situaci\u00f3n para los derechos de los trabajadores.<\/p>\n<p>Finalmente Adolfo Aguirre, llam\u00f3 al grupo a seguir trabajando juntos y a expresar nuestra solidaridad con aquellos que est\u00e1n en peores condiciones que nosotros para enfrentar los embates sobre los derechos.<\/p>\n<p>Desde la secretar\u00eda de relaciones internacionales se coordinar\u00e1 la invitaci\u00f3n a sumarse al equipo a otros sindicatos, se organizar\u00e1 la distribuci\u00f3n de materiales en torno a esta disputa global,y se comenzar\u00e1 a trabajar desde ahora en la pr\u00f3xima conferencia internacional. En este sentido, se realizar\u00e1 en el mes de agosto una reuni\u00f3n preparatoria y formativa.<\/p>\n","protected":false},"excerpt":{"rendered":"El lunes 23 de junio, se reunieron en la CTA, los compa\u00f1eros que participaron en la delegaci\u00f3n argentina ante la 103 Conferencia de \n<a class=\"moretag\" href=\"https:\/\/ctainternacionales.org\/?p=2146\"> [...]<\/a>","protected":false},"author":1,"featured_media":0,"comment_status":"closed","ping_status":"closed","sticky":false,"template":"","format":"standard","meta":{"ngg_post_thumbnail":0,"footnotes":""},"categories":[],"tags":[],"class_list":["post-2146","post","type-post","status-publish","format-standard","hentry"],"_links":{"self":[{"href":"https:\/\/ctainternacionales.org\/index.php?rest_route=\/wp\/v2\/posts\/2146","targetHints":{"allow":["GET"]}}],"collection":[{"href":"https:\/\/ctainternacionales.org\/index.php?rest_route=\/wp\/v2\/posts"}],"about":[{"href":"https:\/\/ctainternacionales.org\/index.php?rest_route=\/wp\/v2\/types\/post"}],"author":[{"embeddable":true,"href":"https:\/\/ctainternacionales.org\/index.php?rest_route=\/wp\/v2\/users\/1"}],"replies":[{"embeddable":true,"href":"https:\/\/ctainternacionales.org\/index.php?rest_route=%2Fwp%2Fv2%2Fcomments&post=2146"}],"version-history":[{"count":2,"href":"https:\/\/ctainternacionales.org\/index.php?rest_route=\/wp\/v2\/posts\/2146\/revisions"}],"predecessor-version":[{"id":2274,"href":"https:\/\/ctainternacionales.org\/index.php?rest_route=\/wp\/v2\/posts\/2146\/revisions\/2274"}],"wp:attachment":[{"href":"https:\/\/ctainternacionales.org\/index.php?rest_route=%2Fwp%2Fv2%2Fmedia&parent=2146"}],"wp:term":[{"taxonomy":"category","embeddable":true,"href":"https:\/\/ctainternacionales.org\/index.php?rest_route=%2Fwp%2Fv2%2Fcategories&post=2146"},{"taxonomy":"post_tag","embeddable":true,"href":"https:\/\/ctainternacionales.org\/index.php?rest_route=%2Fwp%2Fv2%2Ftags&post=2146"}],"curies":[{"name":"wp","href":"https:\/\/api.w.org\/{rel}","templated":true}]}}