{"id":2142,"date":"2014-06-24T18:44:16","date_gmt":"2014-06-24T18:44:16","guid":{"rendered":"http:\/\/www.ctainternacionales.org\/?p=2142"},"modified":"2014-06-24T19:13:05","modified_gmt":"2014-06-24T19:13:05","slug":"viste-a-alguien-en-el-estadio-con-cara-de-pobre","status":"publish","type":"post","link":"https:\/\/ctainternacionales.org\/?p=2142","title":{"rendered":"\u00bfViste a alguien en el estadio con cara de Pobre ?"},"content":{"rendered":"<p><a href=\"http:\/\/www.ctainternacionales.org\/wp-content\/uploads\/2014\/06\/TAPA_5-43.jpg\"><img loading=\"lazy\" decoding=\"async\" class=\"aligncenter size-thumbnail wp-image-2143\" src=\"http:\/\/www.ctainternacionales.org\/wp-content\/uploads\/2014\/06\/TAPA_5-43-307x181.jpg\" alt=\"TAPA_5-43\" width=\"307\" height=\"181\" \/><\/a><\/p>\n<p>\u201dDilma, viste a alguien en el estadio con cara de pobre? No hab\u00eda ning\u00fan moreno\u201c, declar\u00f3 Luiz In\u00e1cio da Silva, en respuesta a los abucheos e insultos a la presidenta Dilma Rousseff, en el partido inaugural (&#8230;) Este no es el mundial de los pobres, ni tampoco de Brasil, es el mundial de la FIFA, que se realiza en Brasil. Pa\u00eds cuyo gobierno acept\u00f3 de manera humillante todas y cada una de las imposiciones que la multinacional del negocio del f\u00fatbol le exigi\u00f3. Por Silvio Schachter \/ Im\u00e1genes: Nazareno Ausa, para ANRed desde Brasil.<br \/>\n\u201dDilma, viste a alguien en el estadio con cara de pobre? No hab\u00eda ning\u00fan moreno\u201c, declar\u00f3 Luiz In\u00e1cio da Silva, en respuesta a los abucheos e insultos a la presidenta Dilma Rousseff en el partido inaugural, que \u00e9l atribuyo a los sectores mas ricos de la poblaci\u00f3n. Tiene raz\u00f3n Lula (lula es calamar en portugu\u00e9s), el mundial de f\u00fatbol que \u00e9l patrocino entusiastamente hasta lograr su designaci\u00f3n, el 30 de octubre de 2007, cuando ejerc\u00eda la presidencia del pa\u00eds, no tiene pobres en los estadios. El sabe que no es un evento para los pobres, porque lejos est\u00e1n los \u201cmorenos favelados\u201d de poder abonar hasta los mas de mil d\u00f3lares, que pag\u00f3 el publico asistente, por un sitio en el estadio paulista.<br \/>\nEste no es el mundial de los pobres, ni tampoco de Brasil, es el mundial de la FIFA, que se realiza en Brasil. Pa\u00eds cuyo gobierno acepto de manera humillante todas y cada una de las imposiciones que la multinacional del negocio del f\u00fatbol le exigi\u00f3.<br \/>\nAl pueblo brasilero esta \u201cfiesta del deporte mas popular\u201c le cost\u00f3 m\u00e1s de 15.000 millones de d\u00f3lares, que si se toman todos los gastos realizados desde el 2008 llegar\u00edan a los 30.000 millones. M\u00e1s que lo gastado en los mundiales de Alemania y Sudafrica juntos. A Lula no deber\u00eda extra\u00f1arle entonces la genuina indignaci\u00f3n de la mayor\u00eda del pueblo, no los asistentes a la inauguraci\u00f3n, incluidos quienes lo eligieron por dos periodos presidenciales.<br \/>\nEste no es el mundial de los pobres, es el negocio de las corporaciones encabezadas por la FIFA, entidad atravesada por la corrupci\u00f3n de sus dirigentes, involucrados en todo tipo de maniobras il\u00edcitas, cuyo punto mas relevante es la designaci\u00f3n de Qatar para le mundial del 2022. La \u201c fiesta\u201dde la Copa 2014 le dejar\u00e1 a la Federaci\u00f3n el mundial la ganancia de 4.000 millones de d\u00f3lares.<br \/>\nPara garantizar el \u00e9xito de su empresa, la FIFA impuso durante los dias del f\u00fatbol su propia ley, que el gobierno federal aprob\u00f3 en junio del 2012 (Ley 12.663) que entre otras cuestiones establece el monopolio concedido a la FIFA en todo lo referente a la Copa de 2014. De acuerdo a ella todas las personas- f\u00edsicas o jur\u00eddicas- deber\u00e1n tener cuidado de no incurrir en ninguna infracci\u00f3n que la FIFA considere tal, o ser\u00e1n punidos por ello (ver articulo en www.pavio.net ). Esta forma de operar se empez\u00f3 a aplicar en el mundial de Alemania, sigui\u00f3 en el Sudafrica y continu\u00f3 en Brasil, as\u00ed pues, Lula y Dilma sab\u00edan con quien trataban, he hicieron los deberes.<br \/>\nEl costo de las entradas, el tipo de estadios, los criterios de admisi\u00f3n, fueron pensados con la l\u00f3gica propia de la rentabilidad y el lucro propios de una multinacional. Por lo que no hay lugar para sorpresas.<br \/>\nEl absurdo para defender el negocio mundialista llega hasta el punto de lograr la suspensi\u00f3n durante junio y julio de la ley, el estatuto del torcedor, que proh\u00edbe la venta de alcohol en los estadios. La FIFA privilegia su contrato con la cervecera Budweiser e impuso la excepci\u00f3n. \u201cVoy a pelear hasta el final para que la FIFA no cree un Estado dentro del Estado\u201d, declar\u00f3 el ex jugador y actual diputado Rom\u00e1rio. Su esfuerzo no alcanzo.<br \/>\nEsta no es la Copa de los pobres y del pueblo, es el evento de las marcas, Coca cola, Mc Donals, Adidas, Nike, Puma, empresas automotrices, bancos, aerol\u00edneas, de publicidad, comunicaciones y las cadenas de televisi\u00f3n, que compraron la atenci\u00f3n de millones en el evento mas visto del No es el mundial de lo pobres, porque a los reclamos de mejoras en la salud, educaci\u00f3n, transporte, que explotaron en junio del 2013 en todo Brasil se les respondi\u00f3 con leyes y acciones represivas, que en estos d\u00edas incluyen requisas y detenciones de personas que hicieron conocer su rechazo a la Copa.<br \/>\nNo es el mundial de los pobres, porque favorecieron a las empresas que se adjudicaron las obras, que manifiestamente demoraron los trabajos para extorsionar sobre las fechas perentorias, para obtener sobre-precios que llegan al 100 por ciento de las licitaciones originales. No es el mundial de los pobres, porque signific\u00f3 la remoci\u00f3n violenta de viviendas en barrios humildes para garantizar el cumplimiento de las exigencias de la FIFA y abrir el paso a los operadores inmobiliarios.<br \/>\nNo es el mundial de los pobres porque las ciudades sede fueron objeto de la limpieza social, de los sin techo que \u201censuciaban\u201d las calles..<br \/>\nNo es el mundial de los pobres, porque mientras se construyeron estadios fara\u00f3nicos, como el de Manaos en el coraz\u00f3n del Amazonas, se reprimi\u00f3 brutalmente a los nativos de esa regi\u00f3n, que se manifestaron en Brasilia, con el argumento que con sus trajes t\u00edpicos llevaban peligrosos arcos y lanzas.<\/p>\n<p><a href=\"http:\/\/www.ctainternacionales.org\/wp-content\/uploads\/2014\/06\/TAPA_1-20.jpg\"><img loading=\"lazy\" decoding=\"async\" class=\"aligncenter size-thumbnail wp-image-2144\" src=\"http:\/\/www.ctainternacionales.org\/wp-content\/uploads\/2014\/06\/TAPA_1-20-307x181.jpg\" alt=\"TAPA_1-20\" width=\"307\" height=\"181\" \/><\/a><br \/>\nNo es el mundial de los pobres porque el modelo socio cultural, que se les ofrece a los j\u00f3venes, es el de tratar de imitar a una \u00e9lite de exitosos jugadores que ganan millones de euros por mes. No es el mundial de los pobres porque el f\u00fatbol, hermoso juego colectivo, que solo requiere una simple pelota para divertirse, el que juegan millones de pobres en todo el mundo, se ha transformado en una mercanc\u00eda que lo envilece.<br \/>\nNo es el mundial de los pobres porque degrada el patriotismo, para convertirlo en una parodia exitista, donde el himno se canta con la mano en logo de Adidas o Nike. Tampoco es la selecci\u00f3n de todos y todas, es el seleccionado de la AFA, presidida por el capo mafioso don Julio, designado en el cargo por el vice-almirante de la dictadura, Carlos Lacoste en 1979. Don Julio es el actual vicepresidente de la FIFA en su estrat\u00e9gica \u00e1rea de finanzas.<br \/>\nNo es el mundial de los pobres porque exuda machismo y sexismo, que exalta a las mujeres adorno llamadas \u201cbotineras\u201d y a las \u201cbellezas\u201d de la tribuna, festejando al periodista que dijo \u201clo mejor que pueden hacer las mujeres en casa, es no tapar el televisor durante los partidos\u201d.<br \/>\nNo es el mundial de los pobres porque sus reclamos y reivindicaciones son opacados por la abrumadora propaganda mundialista.<br \/>\nAs\u00ed es Lula, no hab\u00eda ni habr\u00e1 pobres negros en ninguno de los estadios de la Copa, con palcos fastuosos y amplias y prolijas butacas para los ricos que profirieron \u201dvaias\u00bb &#8211; abucheos &#8211; e insultos a Dilma. Aunque festejen y con raz\u00f3n cada gol de la verdeamarela e incluso el campeonato, los mundiales desde hace mucho tiempo dejaron de ser una fiesta popular. Usted lo supo siempre.<br \/>\nPor Silvio Schachter<\/p>\n","protected":false},"excerpt":{"rendered":"\u201dDilma, viste a alguien en el estadio con cara de pobre? No hab\u00eda ning\u00fan moreno\u201c, declar\u00f3 Luiz In\u00e1cio da Silva, en respuesta a \n<a class=\"moretag\" href=\"https:\/\/ctainternacionales.org\/?p=2142\"> [...]<\/a>","protected":false},"author":1,"featured_media":0,"comment_status":"closed","ping_status":"closed","sticky":false,"template":"","format":"standard","meta":{"ngg_post_thumbnail":0,"footnotes":""},"categories":[],"tags":[],"class_list":["post-2142","post","type-post","status-publish","format-standard","hentry"],"_links":{"self":[{"href":"https:\/\/ctainternacionales.org\/index.php?rest_route=\/wp\/v2\/posts\/2142","targetHints":{"allow":["GET"]}}],"collection":[{"href":"https:\/\/ctainternacionales.org\/index.php?rest_route=\/wp\/v2\/posts"}],"about":[{"href":"https:\/\/ctainternacionales.org\/index.php?rest_route=\/wp\/v2\/types\/post"}],"author":[{"embeddable":true,"href":"https:\/\/ctainternacionales.org\/index.php?rest_route=\/wp\/v2\/users\/1"}],"replies":[{"embeddable":true,"href":"https:\/\/ctainternacionales.org\/index.php?rest_route=%2Fwp%2Fv2%2Fcomments&post=2142"}],"version-history":[{"count":1,"href":"https:\/\/ctainternacionales.org\/index.php?rest_route=\/wp\/v2\/posts\/2142\/revisions"}],"predecessor-version":[{"id":2145,"href":"https:\/\/ctainternacionales.org\/index.php?rest_route=\/wp\/v2\/posts\/2142\/revisions\/2145"}],"wp:attachment":[{"href":"https:\/\/ctainternacionales.org\/index.php?rest_route=%2Fwp%2Fv2%2Fmedia&parent=2142"}],"wp:term":[{"taxonomy":"category","embeddable":true,"href":"https:\/\/ctainternacionales.org\/index.php?rest_route=%2Fwp%2Fv2%2Fcategories&post=2142"},{"taxonomy":"post_tag","embeddable":true,"href":"https:\/\/ctainternacionales.org\/index.php?rest_route=%2Fwp%2Fv2%2Ftags&post=2142"}],"curies":[{"name":"wp","href":"https:\/\/api.w.org\/{rel}","templated":true}]}}