{"id":2132,"date":"2014-06-24T15:55:56","date_gmt":"2014-06-24T15:55:56","guid":{"rendered":"http:\/\/www.ctainternacionales.org\/?p=2132"},"modified":"2014-07-01T20:59:18","modified_gmt":"2014-07-01T23:59:18","slug":"activistas-de-toda-europa-reclaman-la-proteccion-de-las-personas-apatridas","status":"publish","type":"post","link":"https:\/\/ctainternacionales.org\/?p=2132","title":{"rendered":"Activistas de toda Europa reclaman la protecci\u00f3n  de las personas  ap\u00e1triadas"},"content":{"rendered":"<p>M\u00e1s de 50 organizaciones de la sociedad civil apoyan la campa\u00f1a por los derechos de las personas ap\u00e1tridas, que coincide con el 60\u00aa aniversario de la convenci\u00f3n de las Naciones Unidas sobre la apatridia de 1954.<\/p>\n<p>La Red Europea sobre Apatridia (ENS, sus siglas en ingl\u00e9s) \u2014 una alianza de organizaciones no gubernamentales, iniciativas acad\u00e9micas y especialistas en la materia \u2014 ha lanzado una petici\u00f3n online para exigir a los gobiernos que protejan adecuadamente a las m\u00e1s de 600.000 personas que viven en Europa sin una nacionalidad oficial.<!--more--><\/p>\n<p><a href=\"http:\/\/www.ctainternacionales.org\/wp-content\/uploads\/2014\/06\/ap112679598164_spip-7b9df.jpg\"><img loading=\"lazy\" decoding=\"async\" class=\"aligncenter size-thumbnail wp-image-2133\" src=\"http:\/\/www.ctainternacionales.org\/wp-content\/uploads\/2014\/06\/ap112679598164_spip-7b9df-307x205.jpg\" alt=\"ap112679598164_spip-7b9df\" width=\"307\" height=\"205\" \/><\/a><\/p>\n<p>De acuerdo con la ENS, a pesar de que la convenci\u00f3n ha recibido la adhesi\u00f3n de numerosos pa\u00edses, s\u00f3lo un pu\u00f1ado de ellos ofrece la protecci\u00f3n apropiada a las personas ap\u00e1tridas.<\/p>\n<p>Chris Nash, Coordinador de la ENS, ha explicado a Equal Times que las personas ap\u00e1tridas suelen sufrir abusos contra los derechos humanos y son extremadamente vulnerables a la explotaci\u00f3n.<\/p>\n<p>\u201cLos estudios demuestran que cuando los Estados carecen de un procedimiento de determinaci\u00f3n de la condici\u00f3n de ap\u00e1trida que permita identificar y regularizar su situaci\u00f3n, estas personas suelen quedar atrapadas en un limbo.<\/p>\n<p>\u201cCorren un gran riesgo de sufrir diferentes abusos contra los derechos humanos, como las detenciones a largo plazo o la indigencia, entre otras; pero, sobre todo, carecen del derecho a trabajar y a ser autosuficientes, lo cual les obliga a no hacer nada o a trabajar ilegalmente\u201d.<br \/>\nLa ENS se encarga de sacar a la luz la lucha de las personas ap\u00e1tridas que sufren de manera directa estos abusos.<\/p>\n<p>&nbsp;<\/p>\n<p>\u201cNo soy un delincuente\u201d<\/p>\n<p>Rashid tiene 25 a\u00f1os y naci\u00f3 en Maungdaw (Myanmar). Tras el asesinato de su padre, un activista de los derechos de los musulmanes, en 1992, huy\u00f3 con su madre a Bangladesh, donde vivi\u00f3 durante veinte a\u00f1os, primero en un campo de refugiados y despu\u00e9s en varios pueblos.<\/p>\n<p>El a\u00f1o pasado Rashid lleg\u00f3 a Holanda para pedir asilo, pero le han denegado todas sus solicitudes. Sus dificultades se deben, en parte, a que el gobierno de Myanmar le niega la nacionalidad por pertenecer a la etnia rohingya. Jam\u00e1s ha pose\u00eddo un documento de identidad v\u00e1lido.<\/p>\n<p>Rashid vive hoy en un albergue para sintechos pero, como es inmigrante ilegal, le pueden obligar a marcharse en cualquier momento.<\/p>\n<p>\u201cNo puedo ir a ninguna parte. No puedo volver a Bangladesh porque all\u00ed s\u00f3lo ten\u00eda un permiso temporal para permanecer en el campo de refugiados. No puedo volver a Myanmar porque me ha retirado la nacionalidad\u201d, lamenta.<\/p>\n<p>\u201cHe venido a pedir ayuda a Holanda y solo por eso me tiene detenido con otros delincuentes. Pero yo no he hecho nada malo, no soy un delincuente\u201d.<\/p>\n<p>Holanda, como casi todos los pa\u00edses de la Uni\u00f3n Europea, se ha adherido a la convenci\u00f3n de la apatridia de 1954. Estonia, Chipre, Malta y Polonia a\u00fan no la han ratificado y est\u00e1n dejando a las personas ap\u00e1tridas que viven dentro de sus fronteras en una situaci\u00f3n especialmente vulnerable.<br \/>\nEn 2011, el Alto Comisionado de las Naciones Unidas para los Refugiados (ACNUR) y Asylum Aid (ambos miembros de la ENS) publicaron un informe sobre la apatridia en el Reino Unido que concluye: \u201cLa ausencia de un procedimiento terminante mediante el cual se pueda identificar y ayudar a quienes est\u00e1n en esta situaci\u00f3n\u2026 Permite que las personas ap\u00e1tridas caigan por las rendijas de la pol\u00edtica gubernamental y carezcan del apoyo que tan desesperadamente necesitan\u201d.<\/p>\n<p>El a\u00f1o pasado, el Reino Unido se convirti\u00f3 en uno de los primeros pa\u00edses europeos en introducir un procedimiento de identificaci\u00f3n de la apatridia que permite a los migrantes solicitar su reconocimiento oficial como ap\u00e1tridas y permanecer legalmente en el pa\u00eds \u2014 un ejemplo que Nash espera que sigan pronto otros Estados.<\/p>\n<p>\u201cLa mayor\u00eda de los Estados europeos han dado ya el primer paso de ratificar la convenci\u00f3n, pero el problema es que no han dado segundo paso, que consiste en implementar su obligaci\u00f3n internacional de introducir un procedimiento de determinaci\u00f3n de la apatridia que permita identificar a las personas ap\u00e1tridas que viven en su territorio y concederles el permiso de residencia para que puedan reconstruir su vida\u201d.<\/p>\n<p>\u201cNecesitamos que muchos otros Estados europeos sigan el ejemplo brit\u00e1nico\u201d.<\/p>\n","protected":false},"excerpt":{"rendered":"M\u00e1s de 50 organizaciones de la sociedad civil apoyan la campa\u00f1a por los derechos de las personas ap\u00e1tridas, que coincide con el 60\u00aa \n<a class=\"moretag\" href=\"https:\/\/ctainternacionales.org\/?p=2132\"> [...]<\/a>","protected":false},"author":1,"featured_media":0,"comment_status":"closed","ping_status":"closed","sticky":false,"template":"","format":"standard","meta":{"ngg_post_thumbnail":0,"footnotes":""},"categories":[],"tags":[],"class_list":["post-2132","post","type-post","status-publish","format-standard","hentry"],"_links":{"self":[{"href":"https:\/\/ctainternacionales.org\/index.php?rest_route=\/wp\/v2\/posts\/2132","targetHints":{"allow":["GET"]}}],"collection":[{"href":"https:\/\/ctainternacionales.org\/index.php?rest_route=\/wp\/v2\/posts"}],"about":[{"href":"https:\/\/ctainternacionales.org\/index.php?rest_route=\/wp\/v2\/types\/post"}],"author":[{"embeddable":true,"href":"https:\/\/ctainternacionales.org\/index.php?rest_route=\/wp\/v2\/users\/1"}],"replies":[{"embeddable":true,"href":"https:\/\/ctainternacionales.org\/index.php?rest_route=%2Fwp%2Fv2%2Fcomments&post=2132"}],"version-history":[{"count":3,"href":"https:\/\/ctainternacionales.org\/index.php?rest_route=\/wp\/v2\/posts\/2132\/revisions"}],"predecessor-version":[{"id":2165,"href":"https:\/\/ctainternacionales.org\/index.php?rest_route=\/wp\/v2\/posts\/2132\/revisions\/2165"}],"wp:attachment":[{"href":"https:\/\/ctainternacionales.org\/index.php?rest_route=%2Fwp%2Fv2%2Fmedia&parent=2132"}],"wp:term":[{"taxonomy":"category","embeddable":true,"href":"https:\/\/ctainternacionales.org\/index.php?rest_route=%2Fwp%2Fv2%2Fcategories&post=2132"},{"taxonomy":"post_tag","embeddable":true,"href":"https:\/\/ctainternacionales.org\/index.php?rest_route=%2Fwp%2Fv2%2Ftags&post=2132"}],"curies":[{"name":"wp","href":"https:\/\/api.w.org\/{rel}","templated":true}]}}