{"id":2125,"date":"2014-06-24T03:56:10","date_gmt":"2014-06-24T03:56:10","guid":{"rendered":"http:\/\/www.ctainternacionales.org\/?p=2125"},"modified":"2014-06-24T03:56:10","modified_gmt":"2014-06-24T03:56:10","slug":"paraguay-a-dos-anos-del-golpe-a-lugo-franco-dice-que-masacre-de-curuguaty-fue-preparada","status":"publish","type":"post","link":"https:\/\/ctainternacionales.org\/?p=2125","title":{"rendered":"Paraguay: a dos a\u00f1os del golpe a Lugo, Franco dice que Masacre de Curuguaty fue preparada"},"content":{"rendered":"<p>Federico Franco: \u201cLa pregunta \u00bfqu\u00e9 pas\u00f3 en Curuguaty? me provoca \u00falcera\u201d<br \/>\nEste domingo se cumple el segundo aniversario del cese de Lugo por parte del Congreso paraguayo, que llev\u00f3 a Franco a la presidencia y provoc\u00f3 el aislamiento de Paraguay por los pa\u00edses de la regi\u00f3n, que lo vieron como una ruptura del orden democr\u00e1tico.<!--more--><\/p>\n<p style=\"text-align: justify;\"><a href=\"http:\/\/www.ctainternacionales.org\/wp-content\/uploads\/2014\/06\/Unknown-1.jpeg\"><img loading=\"lazy\" decoding=\"async\" class=\"aligncenter size-full wp-image-2126\" src=\"http:\/\/www.ctainternacionales.org\/wp-content\/uploads\/2014\/06\/Unknown-1.jpeg\" alt=\"Unknown-1\" width=\"285\" height=\"177\" \/><\/a>El detonante de ese acontecimiento, la muerte de seis polic\u00edas y once campesinos en Curuguaty, aun est\u00e1 envuelto en interrogantes.<\/p>\n<p style=\"text-align: justify;\">\u201cEsa pregunta \u2018\u00bfqu\u00e9 pas\u00f3 en Curuguaty?\u2019 a m\u00ed realmente me provoca \u00falcera porque hay una intenci\u00f3n perversa de confundir a la ciudadan\u00eda\u201d, dijo Franco en una entrevista con Efe en la sede de su futura fundaci\u00f3n.<\/p>\n<p style=\"text-align: justify;\">Esa cuesti\u00f3n se ha convertido en el lema de los campesinos, defensores de los derechos humanos y grupos de izquierda, que exigen que se esclarezca qu\u00e9 ocurri\u00f3 aquel 15 de junio de 2012.<\/p>\n<p style=\"text-align: justify;\">Franco era entonces vicepresidente, producto de una alianza entre su agrupaci\u00f3n, el Partido Liberal Radical Aut\u00e9ntico (PLRA), y el Frente Guas\u00fa, del exobispo Lugo.<\/p>\n<p style=\"text-align: justify;\">\u201cHubo una inacci\u00f3n, una incapacidad tremenda de parte de las autoridades del momento, primero por no reclamar el terreno como suyo\u201d, dijo. Franco no se incluye entre esas \u201cautoridades\u201d, pues mantiene que estaba marginado \u201cde todos los temas y decisiones\u201d del Gobierno.<\/p>\n<p style=\"text-align: justify;\">\u201cEstas personas que permitieron la muerte de 17 van a llevar la sangre hasta el momento de su tumba porque son los responsables criminales de este hecho\u201d, declar\u00f3.<\/p>\n<p style=\"text-align: justify;\">Franco record\u00f3 que los polic\u00edas no ten\u00edan orden de desalojar a los campesinos, que hab\u00edan ocupado el terreno para reclamar que formara parte de la reforma agraria, sino de realizar un cateo, para sustraer de manera pac\u00edfica las posibles armas que portaran.<\/p>\n<p style=\"text-align: justify;\">\u201cSi yo hubiera sido el presidente no hubiera permitido que se haga el cateo, hubi\u00e9ramos reclamado el terreno\u201d, manifest\u00f3 Franco, quien cuestion\u00f3 \u201cla posesi\u00f3n absolutamente ilegal de la familia Riquelme\u201d, vinculada con el Partido Colorado, en el poder.<\/p>\n<p style=\"text-align: justify;\">Franco mantiene que el enfrentamiento \u201cfue fraguado y preparado\u201d.<\/p>\n<p style=\"text-align: justify;\">Por aquella matanza, trece campesinos enfrentar\u00e1n cargos de invasi\u00f3n de inmueble ajeno y asociaci\u00f3n criminal, y diez de ellos tambi\u00e9n est\u00e1n acusados de intento de homicidio de los polic\u00edas, en un juicio que comenzar\u00e1 el 26 de junio. No hay imputados por la muerte de los once labriegos.<\/p>\n<p style=\"text-align: justify;\">La defensa denuncia que el proceso ha estado plagado de irregularidades, por lo que pide la suspensi\u00f3n del juicio, mientras que la fiscal\u00eda niega esas alegaciones.<\/p>\n<p style=\"text-align: justify;\">Aquel sangriento episodio le cost\u00f3 la presidencia a Lugo, a un a\u00f1o de concluir su mandato, despu\u00e9s de que en el Legislativo los liberales de Franco sumaran sus votos a los colorados, que ya hab\u00edan intentado llevar antes a Lugo a un juicio pol\u00edtico.<\/p>\n<p style=\"text-align: justify;\">Franco dijo que \u201cno ten\u00eda ning\u00fan conocimiento\u201d de que se fuera a producir el juicio y explic\u00f3 que en ese momento trabajaba para su candidatura para senador.<\/p>\n<p style=\"text-align: justify;\">\u201c\u00bfC\u00f3mo una persona va aceptar ser presidente sabiendo que en ese periodo ten\u00eda que compartir con el candidato de su partido y compartir 4 meses con el presidente electo? Yo era consciente que me quedaban 6 u 8 meses de gobierno, yo no busqu\u00e9 ese cargo\u201d, dijo.<\/p>\n<p style=\"text-align: justify;\">Aun as\u00ed, Franco asever\u00f3 que si lo hubiera rechazado habr\u00eda quedado \u201ccomo un cobarde\u201d que incumpl\u00eda su juramento como vicepresidente.<\/p>\n<p style=\"text-align: justify;\">El exmandatario lament\u00f3 su alianza con Lugo y haberle visto \u201ccomo un obispo de la Iglesia\u201d. \u201cPens\u00e9 que iba a hacer absolutamente todo lo que el sentido com\u00fan dec\u00eda, pero me pegu\u00e9 muchas decepciones muy pronto\u201d, admiti\u00f3.<\/p>\n<p style=\"text-align: justify;\">Franco objet\u00f3 a su relaci\u00f3n cercana con el entonces presidente venezolano, Hugo Ch\u00e1vez, y \u201csu decisi\u00f3n personal de no perseguir al EPP\u201d, en referencia al Ej\u00e9rcito del Pueblo Paraguayo, un grupo guerrillero al que se atribuye una treintena muertes, entre otras diferencias, seg\u00fan dijo.<\/p>\n<p style=\"text-align: justify;\">\u201c\u00bfSi yo intent\u00e9 llegar a la Presidencia de la Rep\u00fablica? No, en ning\u00fan caso\u201d.<\/p>\n<p style=\"text-align: justify;\">http:\/\/www.ultimahora.com\/federico-franco-la-pregunta-que-paso-curuguaty-me-provoca-ulcera-n805865.html<\/p>\n<p style=\"text-align: justify;\">\n<p style=\"text-align: justify;\">El golpe a Lugo<br \/>\nAquel viernes, tardecita noche, terminaba una semana de alta tensi\u00f3n e incertidumbre en nuestro pa\u00eds. Una tensi\u00f3n que casi se igual\u00f3 a aquellos d\u00edas de marzo de 1993 luego de la muerte de Luis Mar\u00eda Arga\u00f1a, ocurrida el 23.<\/p>\n<p style=\"text-align: justify;\">Es que a la masacre de Curuguaty, ocurrida el 15 de junio de 2012, siguieron d\u00edas de gran conmoci\u00f3n y reposicionamiento en torno de la destituci\u00f3n de Fernando Lugo. En los primeros d\u00edas, la masacre fue presentada por la televisi\u00f3n y los grandes medios como obra de \u201cmalvados campesinos\u201d que emboscaron a \u201cindefensos polic\u00edas\u201d. No habr\u00eda tiempo para dilucidar nada porque desde el mismo d\u00eda de la masacre toda la clase pol\u00edtica tradicional, en coincidencia con casi todos los grupos de poder econ\u00f3mico de nuestro pa\u00eds, actuar\u00edan articuladamente en una campa\u00f1a por la destituci\u00f3n de Fernando Lugo.<\/p>\n<p style=\"text-align: justify;\">El Partido Colorado y el Partido Liberal Radical Aut\u00e9ntico, el oviedismo y Patria Querida no dar\u00edan ni siquiera la posibilidad de contar los votos. \u201cLa sentencia estaba predeterminada\u201d, hab\u00eda denunciado el defensor de Lugo, el actual senador Adolfo Ferreiro. Efectivamente, la copia de la sentencia ya estaba circulando antes de la sesi\u00f3n principal.<\/p>\n<p style=\"text-align: justify;\">Desde Uruguay, el presidente Jos\u00e9 M\u00fajica, en su programa radial del 5 de julio, comentaba: \u201csobran las versiones por todas partes que ese sector instigador del coloradismo paraguayo est\u00e1 muy ligado al fen\u00f3meno del narcotr\u00e1fico y a much\u00edsimos episodios dolores de la historia reciente del Paraguay\u201d.<\/p>\n<p style=\"text-align: justify;\">El diputado Oscar Tuma encabezar\u00eda el libelo acusatorio en la C\u00e1mara de Diuptados. Oscar Tuma hab\u00eda pedido, a principios de ese a\u00f1o, al entonces presidente de la Comisi\u00f3n Permanente del Senado, Efra\u00edn Alegre, que exija a las autoridades del Ejecutivo dotar de efectivos policiales el desalojo de los campesinos que ocupaban Marina Cue. Efra\u00edn Alegre, efectivamente, hab\u00eda remitido la nota.<\/p>\n<p style=\"text-align: justify;\">La vertiginosidad de la trama pol\u00edtica para derrocar a Lugo ensombreci\u00f3 la tragedia y las primeras investigaciones period\u00edsticas que se\u00f1alaban que las tierras donde ocurriera la masacre no pertenec\u00edan a Blas N. Riquelme sino que al Estado paraguayo.<\/p>\n<p style=\"text-align: justify;\">Aquel viernes 22, exactamente una semana despu\u00e9s de la masacre, unas 15.000 personas se opusieron al juicio pol\u00edtico expr\u00e9s con un cerco policial de gran envergadura y con un cerco de algunos medios televisivos que infund\u00edan miedo a la gente y planteaban no salir a manifestarse por si ocurriera \u201cotro marzo paraguayo\u201d.<\/p>\n<p style=\"text-align: justify;\">A su destituci\u00f3n, Fernando Lugo agradeci\u00f3 a la prensa y dijo que sal\u00eda por las \u201cpuertas grandes del coraz\u00f3n\u201d.<\/p>\n<p style=\"text-align: justify;\">En tanto todo esto ocurr\u00eda, los familiares de los campesinos asesinados recib\u00edan los cuerpos de su gente atados en un hule negro. El caso ahora est\u00e1 para juicio oral. Est\u00e1n imputados solamente los campesinos, presentados por el fiscal Jalil Rachid como invasores de propiedad que se organizaron para emboscar a los polic\u00edas.<\/p>\n<p style=\"text-align: justify;\">http:\/\/ea.com.py\/el-golpe-a-lugo\/<\/p>\n<p style=\"text-align: justify;\">\n<p style=\"text-align: justify;\">Las medidas posteriores al golpe parlamentario<br \/>\nEntre las medidas m\u00e1s importantes tomadas tras el golpe parlamentario est\u00e1n la habilitaci\u00f3n de la semilla transg\u00e9nica de algod\u00f3n, la emisi\u00f3n de los \u201cbonos soberanos\u201d, la ley de militarizaci\u00f3n, la ley de Alianza P\u00fablica Privado y el veto de Horacio Cartes al proyecto de impuesto a la exportaci\u00f3n de la soja.<\/p>\n<p style=\"text-align: justify;\">Apenas acced\u00eda Federico Franco a la presidencia de la Rep\u00fablica, vendr\u00eda una serie de medidas que marcar\u00edan estos dos a\u00f1os de gobierno posteriores al golpe parlamentario. Ya durante Franco, se habilitar\u00eda la semilla transg\u00e9nica de algod\u00f3n, producida por Monsanto, y empezar\u00eda la \u201creprogramaci\u00f3n presupuestaria\u201d sobre la base de la emisi\u00f3n de los \u201cbonos soberanos\u201d (endeudamiento externo). En ese per\u00edodo tambi\u00e9n se concede a la petrolera norteamericana Dahava Petr\u00f3leos la exploraci\u00f3n y explotaci\u00f3n de petr\u00f3leo en el Chaco, regi\u00f3n en la que se desarroll\u00f3 guerra del chaco entre Bolivia y Paraguay (1932-1935) impulsada, seg\u00fan varios historiadores, por la tambi\u00e9n petrolera norteamericana Standar Oil.<\/p>\n<p style=\"text-align: justify;\">Ya durante el per\u00edodo de Horacio Cartes, el \u201cpacto azulgrana\u201d (Partido Colorado y Partido Liberal Radical Aut\u00e9ntico, m\u00e1s ap\u00e9ndices) recrear\u00eda la ley de Defensa Nacional otorg\u00e1ndole al Poder Ejecutivo la atribuci\u00f3n de utilizar las fuerzas militares en conflictos internos cuando as\u00ed lo requiera. A esta medida se sumar\u00eda la ley de Alianza P\u00fablico Privado, una ley que habilita la concesi\u00f3n de obras p\u00fablicas a empresas privadas y explotaci\u00f3n de recursos naturales, en un marco a ser regulado por el Ejecutivo. Esta es una de las razones por las cuales algunas personas sostienen que en el Paraguay, adem\u00e1s del retroceso grande en su gesti\u00f3n pol\u00edtica, se produce un \u201cun neoliberalismo tard\u00edo\u201d.<\/p>\n<p style=\"text-align: justify;\">Reagrupamiento<\/p>\n<p style=\"text-align: justify;\">En este per\u00edodo recrudece el avance de los granos transg\u00e9nicos, utiliz\u00e1ndose para su fumigaci\u00f3n (ilegal en la mayor\u00eda de los casos al no respetarse las leyes medio ambientales) a fiscales, jueces y polic\u00edas. Este recrudecimiento tambi\u00e9n traer\u00eda consigo una reacci\u00f3n en\u00e9rgica de las bases campesinas principalmente de la Federaci\u00f3n Nacional. En el sector urbano, el aumento del pasaje de colectivo en la zona metropolitana de Asunci\u00f3n a 2.400 (20 por ciento de aumento) disparar\u00eda tambi\u00e9n una escalada de protestas. Estas reacciones contra las medidas del \u201cnuevo rumbo\u201d, m\u00e1s la paralizaci\u00f3n de servicios sociales b\u00e1sicos (ausencia de remedios en los hospitales, retrasos en programas sociales como Tekopora, retrasos en los pagos a proveedores\u2026) confluir\u00edan en la huelga general del 26 de marzo pasado.<\/p>\n","protected":false},"excerpt":{"rendered":"Federico Franco: \u201cLa pregunta \u00bfqu\u00e9 pas\u00f3 en Curuguaty? me provoca \u00falcera\u201d Este domingo se cumple el segundo aniversario del cese de Lugo por \n<a class=\"moretag\" href=\"https:\/\/ctainternacionales.org\/?p=2125\"> [...]<\/a>","protected":false},"author":1,"featured_media":0,"comment_status":"closed","ping_status":"closed","sticky":false,"template":"","format":"standard","meta":{"ngg_post_thumbnail":0,"footnotes":""},"categories":[],"tags":[],"class_list":["post-2125","post","type-post","status-publish","format-standard","hentry"],"_links":{"self":[{"href":"https:\/\/ctainternacionales.org\/index.php?rest_route=\/wp\/v2\/posts\/2125","targetHints":{"allow":["GET"]}}],"collection":[{"href":"https:\/\/ctainternacionales.org\/index.php?rest_route=\/wp\/v2\/posts"}],"about":[{"href":"https:\/\/ctainternacionales.org\/index.php?rest_route=\/wp\/v2\/types\/post"}],"author":[{"embeddable":true,"href":"https:\/\/ctainternacionales.org\/index.php?rest_route=\/wp\/v2\/users\/1"}],"replies":[{"embeddable":true,"href":"https:\/\/ctainternacionales.org\/index.php?rest_route=%2Fwp%2Fv2%2Fcomments&post=2125"}],"version-history":[{"count":1,"href":"https:\/\/ctainternacionales.org\/index.php?rest_route=\/wp\/v2\/posts\/2125\/revisions"}],"predecessor-version":[{"id":2128,"href":"https:\/\/ctainternacionales.org\/index.php?rest_route=\/wp\/v2\/posts\/2125\/revisions\/2128"}],"wp:attachment":[{"href":"https:\/\/ctainternacionales.org\/index.php?rest_route=%2Fwp%2Fv2%2Fmedia&parent=2125"}],"wp:term":[{"taxonomy":"category","embeddable":true,"href":"https:\/\/ctainternacionales.org\/index.php?rest_route=%2Fwp%2Fv2%2Fcategories&post=2125"},{"taxonomy":"post_tag","embeddable":true,"href":"https:\/\/ctainternacionales.org\/index.php?rest_route=%2Fwp%2Fv2%2Ftags&post=2125"}],"curies":[{"name":"wp","href":"https:\/\/api.w.org\/{rel}","templated":true}]}}