{"id":2013,"date":"2014-06-04T17:10:16","date_gmt":"2014-06-04T17:10:16","guid":{"rendered":"http:\/\/www.ctainternacionales.org\/?p=2013"},"modified":"2014-06-13T16:32:24","modified_gmt":"2014-06-13T16:32:24","slug":"103a-conferencia-de-la-oit-fortaleciendo-el-desarrollo-de-la-central","status":"publish","type":"post","link":"https:\/\/ctainternacionales.org\/?p=2013","title":{"rendered":"Fortaleciendo el desarrollo de la Central en la OIT"},"content":{"rendered":"<p><a href=\"http:\/\/www.ctainternacionales.org\/wp-content\/uploads\/2014\/06\/2014-06-03_09-44-27_8904.jpg\"><img loading=\"lazy\" decoding=\"async\" class=\"aligncenter size-thumbnail wp-image-2025\" title=\"2014-06-03_09-44-27_890\" src=\"http:\/\/www.ctainternacionales.org\/wp-content\/uploads\/2014\/06\/2014-06-03_09-44-27_8904-307x172.jpg\" alt=\"\" width=\"307\" height=\"172\" \/><\/a><\/p>\n<p>El equipo de la Central de Trabajadores de la Argentina que se encuentra en la 103\u00aa Conferencia de la OIT en Ginebra mantuvo una importante reuni\u00f3n con la nueva Directora ACTRAV (Oficina de Actividades para los Trabajadores) en la OIT, con qui\u00e9n se dialog\u00f3 acerca del avance de la Central en la organizaci\u00f3n de trabajadores de la actividad privada<\/p>\n<p><!--more--><\/p>\n<p>El equipo de la Central de Trabajadores de la Argentina que se encuentra en la 103\u00aa Conferencia de la OIT en Ginebra mantuvo una importante reuni\u00f3n con la nueva Directora ACTRAV (Oficina de Actividades para los Trabajadores) en la OIT, con qui\u00e9n se dialog\u00f3 acerca del avance de la Central en la organizaci\u00f3n de trabajadores de la actividad privada<\/p>\n<div>\n<p>La Delegaci\u00f3n de la CTA est\u00e1 integrada por Jos\u00e9 Rigane, secretario Adjunto; Daniel Jorajur\u00eda, secretario Gremial y Guillermo Pacagnini, secretario de Condiciones y Medio Ambiente de Trabajo. En la jornada de ayer se entrevistaron con la directora de ACTRAV, Mar\u00eda Elena Andre, y la secretaria responsable para Am\u00e9rica, Hilda S\u00e1nchez.<\/p>\n<p>Dado que la Directora de ACTRAV recientemente se hace cargo de la direcci\u00f3n de su oficina, durante el encuentro se le augur\u00f3 una buena gesti\u00f3n en esa oficina. Tambi\u00e9n se habl\u00f3 de las prioridades en el desarrollo de la CTA, como lo es el avance organizativo del sector privado.<\/p>\n<p>\u201cEn ese marco le planteamos la formaci\u00f3n de cuadros en los \u00e1mbitos que desarrolla ACTRAV, como la participaci\u00f3n en la escuela de Tur\u00edn\u201d, destac\u00f3 Rigane.<\/p>\n<p>\u201cEn el marco de la transici\u00f3n de la econom\u00eda informal a la econom\u00eda formal, le mencionamos el fortalecimiento de las organizaciones construidas e incorporadas por la CTA en la \u00faltima etapa\u201d, explic\u00f3 Jorajur\u00eda a ACTA. Ejemplo de ello son las organizaciones de los sindicatos azucareros, donde cinco dirigentes est\u00e1n siendo procesados en Argentina por acciones sindicales vinculadas a la normativa convencional y salarios.<\/p>\n<p>\u201cTambi\u00e9n son ejemplo del avance de la CTA en el sector privado: los tareferos (trabajadores de los yerbatales), los teaferos (trabajadores del t\u00e9), los tercerizados de la energ\u00eda y empresas telef\u00f3nicas y las organizaciones de las trabajadoras domesticas que ya se desarrolla en siete provincias\u201d.<\/p>\n<p>Otro tema abordado durante la entrevista con la Directora de la OIT fue en torno a los corredores migratorios para la integraci\u00f3n de los trabajadores inmigrantes y la sensibilizaci\u00f3n de sus derechos en la zona de fronterizas.<\/p>\n<p>Tambi\u00e9n se les hizo saber sobre la situaci\u00f3n y los derechos de las comunidades de los pueblos originarios y el trabajo que viene realizando la Central al respecto.<\/p>\n<p>Finalmente, los representantes de ACTRAV manifestaron su inter\u00e9s por las tareas desarrolladas por la CTA y se comprometieron, en el marco del programa de la OIT, a contemplar propuestas de cooperaci\u00f3n para el fortalecimiento de nuestras organizaciones y cuadros dirigentes en esas organizaciones.<\/p>\n<div><\/div>\n<\/div>\n","protected":false},"excerpt":{"rendered":"El equipo de la Central de Trabajadores de la Argentina que se encuentra en la 103\u00aa Conferencia de la OIT en Ginebra mantuvo \n<a class=\"moretag\" href=\"https:\/\/ctainternacionales.org\/?p=2013\"> [...]<\/a>","protected":false},"author":1,"featured_media":0,"comment_status":"closed","ping_status":"closed","sticky":false,"template":"","format":"standard","meta":{"ngg_post_thumbnail":0,"footnotes":""},"categories":[],"tags":[],"class_list":["post-2013","post","type-post","status-publish","format-standard","hentry"],"_links":{"self":[{"href":"https:\/\/ctainternacionales.org\/index.php?rest_route=\/wp\/v2\/posts\/2013","targetHints":{"allow":["GET"]}}],"collection":[{"href":"https:\/\/ctainternacionales.org\/index.php?rest_route=\/wp\/v2\/posts"}],"about":[{"href":"https:\/\/ctainternacionales.org\/index.php?rest_route=\/wp\/v2\/types\/post"}],"author":[{"embeddable":true,"href":"https:\/\/ctainternacionales.org\/index.php?rest_route=\/wp\/v2\/users\/1"}],"replies":[{"embeddable":true,"href":"https:\/\/ctainternacionales.org\/index.php?rest_route=%2Fwp%2Fv2%2Fcomments&post=2013"}],"version-history":[{"count":13,"href":"https:\/\/ctainternacionales.org\/index.php?rest_route=\/wp\/v2\/posts\/2013\/revisions"}],"predecessor-version":[{"id":2065,"href":"https:\/\/ctainternacionales.org\/index.php?rest_route=\/wp\/v2\/posts\/2013\/revisions\/2065"}],"wp:attachment":[{"href":"https:\/\/ctainternacionales.org\/index.php?rest_route=%2Fwp%2Fv2%2Fmedia&parent=2013"}],"wp:term":[{"taxonomy":"category","embeddable":true,"href":"https:\/\/ctainternacionales.org\/index.php?rest_route=%2Fwp%2Fv2%2Fcategories&post=2013"},{"taxonomy":"post_tag","embeddable":true,"href":"https:\/\/ctainternacionales.org\/index.php?rest_route=%2Fwp%2Fv2%2Ftags&post=2013"}],"curies":[{"name":"wp","href":"https:\/\/api.w.org\/{rel}","templated":true}]}}