{"id":2010,"date":"2014-06-04T17:05:52","date_gmt":"2014-06-04T17:05:52","guid":{"rendered":"http:\/\/www.ctainternacionales.org\/?p=2010"},"modified":"2014-06-17T18:42:56","modified_gmt":"2014-06-17T18:42:56","slug":"la-cta-en-brasilia-contra-el-tratado-de-libre-comercio","status":"publish","type":"post","link":"https:\/\/ctainternacionales.org\/?p=2010","title":{"rendered":"La CTA en Brasilia contra el Tratado de Libre Comercio"},"content":{"rendered":"<p>En la ciudad de Brasilia, Brasil, se realiz\u00f3 un encuentro con organizaciones sociales y sindicales para comenzar a dar un debate sobre la preocupaci\u00f3n del intento de un acuerdo de libre comercio entre la Uni\u00f3n Europea y el MERCOSUR.<!--more--><\/p>\n<p>En la ciudad de Brasilia, Brasil, se realiz\u00f3 un encuentro con organizaciones sociales y sindicales para comenzar a dar un debate sobre la preocupaci\u00f3n del intento de un acuerdo de libre comercio entre la Uni\u00f3n Europea y el MERCOSUR.<\/p>\n<div>\n<p>En el encuentro particip\u00f3 la CTA que estuvo representada por el compa\u00f1ero Adri\u00e1n Ruiz, Director de la secretaria de Derechos Humanos, estuvieron presentes en dicho debate la CUT de Brasil, el PIT-CNT de Uruguay, como as\u00ed tambi\u00e9n compa\u00f1eras y compa\u00f1eros de la Red Brasile\u00f1a por la Integraci\u00f3n de los Pueblos, REBRIP y de Jubileo Sur Am\u00e9rica.<\/p>\n<p>All\u00ed se comparti\u00f3 la preocupaci\u00f3n por las negociaciones que son pr\u00e1cticamente clandestinas, sin ning\u00fan conocimiento de las organizaciones populares de los pa\u00edses miembros del Mercosur. Este acuerdo que se intenta desarrollar tiene similares caracter\u00edsticas como fue el proyecto ALCA. Como plantea el ex vicecanciller Brasile\u00f1o, Samuel Pinheiro Guimaraes: \u00abEl eventual acuerdo Uni\u00f3n Europea\/MERCOSUR ser\u00e1 el inicio del fin del MERCOSUR y el fin de la posibilidad de un desarrollo aut\u00f3nomo y soberano para la regi\u00f3n\u00bb.<\/p>\n<p>En este espacio de organizaciones se particip\u00f3 en una reuni\u00f3n solicitada por la Comisi\u00f3n de Relaciones Exteriores de la C\u00e1mara de Diputados de Brasil organizada por del Diputado Rocinha del Partido de los Trabajadores.<\/p>\n<p>Alli estuvieron a cargo de las exposiciones centrales el secretario de relaciones internacionales de la CUT Brasil, compa\u00f1ero Alexander Bento, Jocelo Enrique Drummond, de la REBRIP, un representante de los empresarios de CNI y el embajador Ronaldo Costa Filho, por parte de la Cancilleria de Brasil.<\/p>\n<p>Tras finalizar esa audiencia, nuevamente se realiz\u00f3 una reuni\u00f3n de balance por parte de las organizaciones sociales con acuerdos b\u00e1sicos de compartir informaci\u00f3n y comenzar a viabilizar una campa\u00f1a com\u00fan regional contra este tratado, el compromiso de constituir espacios amplios nacionales y llevar adelante una campa\u00f1a contra este tratado que es un nuevo eslab\u00f3n en los tratados de libre cambio. Es para consignar que nuestra Central participa de un espacio auto-convocado contra este acuerdo de libre comercio y que ya ha agendado dos reuniones en marcha para construir un encuentro de car\u00e1cter nacional que pueda ser una iniciativa pol\u00edtica unificadora de una cantidad de conflictos regionales y tem\u00e1ticos, como lo son las luchas contra el extractivismo minero o sojero, parte medular del modelo actual de la econom\u00eda de nuestro pa\u00eds y de la regi\u00f3n y que pueda ser unificada con nuestra Campa\u00f1a en defensa de los bienes comunes.<\/p>\n<div><\/div>\n<\/div>\n","protected":false},"excerpt":{"rendered":"En la ciudad de Brasilia, Brasil, se realiz\u00f3 un encuentro con organizaciones sociales y sindicales para comenzar a dar un debate sobre la \n<a class=\"moretag\" href=\"https:\/\/ctainternacionales.org\/?p=2010\"> [...]<\/a>","protected":false},"author":1,"featured_media":0,"comment_status":"closed","ping_status":"closed","sticky":false,"template":"","format":"standard","meta":{"ngg_post_thumbnail":0,"footnotes":""},"categories":[],"tags":[],"class_list":["post-2010","post","type-post","status-publish","format-standard","hentry"],"_links":{"self":[{"href":"https:\/\/ctainternacionales.org\/index.php?rest_route=\/wp\/v2\/posts\/2010","targetHints":{"allow":["GET"]}}],"collection":[{"href":"https:\/\/ctainternacionales.org\/index.php?rest_route=\/wp\/v2\/posts"}],"about":[{"href":"https:\/\/ctainternacionales.org\/index.php?rest_route=\/wp\/v2\/types\/post"}],"author":[{"embeddable":true,"href":"https:\/\/ctainternacionales.org\/index.php?rest_route=\/wp\/v2\/users\/1"}],"replies":[{"embeddable":true,"href":"https:\/\/ctainternacionales.org\/index.php?rest_route=%2Fwp%2Fv2%2Fcomments&post=2010"}],"version-history":[{"count":4,"href":"https:\/\/ctainternacionales.org\/index.php?rest_route=\/wp\/v2\/posts\/2010\/revisions"}],"predecessor-version":[{"id":2068,"href":"https:\/\/ctainternacionales.org\/index.php?rest_route=\/wp\/v2\/posts\/2010\/revisions\/2068"}],"wp:attachment":[{"href":"https:\/\/ctainternacionales.org\/index.php?rest_route=%2Fwp%2Fv2%2Fmedia&parent=2010"}],"wp:term":[{"taxonomy":"category","embeddable":true,"href":"https:\/\/ctainternacionales.org\/index.php?rest_route=%2Fwp%2Fv2%2Fcategories&post=2010"},{"taxonomy":"post_tag","embeddable":true,"href":"https:\/\/ctainternacionales.org\/index.php?rest_route=%2Fwp%2Fv2%2Ftags&post=2010"}],"curies":[{"name":"wp","href":"https:\/\/api.w.org\/{rel}","templated":true}]}}