{"id":1996,"date":"2014-06-02T05:51:43","date_gmt":"2014-06-02T05:51:43","guid":{"rendered":"http:\/\/www.ctainternacionales.org\/?p=1996"},"modified":"2014-06-13T17:28:36","modified_gmt":"2014-06-13T17:28:36","slug":"la-cta-en-la-103o-conferencia-de-la-oit","status":"publish","type":"post","link":"https:\/\/ctainternacionales.org\/?p=1996","title":{"rendered":"La CTA en la 103\u00ba Conferencia de la OIT"},"content":{"rendered":"<p><a href=\"http:\/\/www.ctainternacionales.org\/wp-content\/uploads\/2014\/06\/2014-05-29_08-54-20_532.jpg\"><img loading=\"lazy\" decoding=\"async\" class=\"aligncenter size-thumbnail wp-image-2003\" title=\"2014-05-29_08-54-20_532\" src=\"http:\/\/www.ctainternacionales.org\/wp-content\/uploads\/2014\/06\/2014-05-29_08-54-20_532-307x147.jpg\" alt=\"\" width=\"307\" height=\"147\" \/><\/a><\/p>\n<p>El 28 de mayo comenz\u00f3, tal cual estaba previsto, la 103\u00b0 Reuni\u00f3n de la Conferencia Internacional de la Organizaci\u00f3n Internacional de Trabajo (OIT) que se re\u00fane en Ginebra, Suiza.<!--more--><\/p>\n<div><\/div>\n<div>El 28 de mayo comenz\u00f3, tal cual estaba previsto, la 103\u00b0 Reuni\u00f3n de la Conferencia Internacional de la Organizaci\u00f3n Internacional de Trabajo (OIT) que se re\u00fane en Ginebra, Suiza.<\/div>\n<div>\n<div>\n<p>Cada delegaci\u00f3n tripartita (Gobierno\u2013Trabajadores\u2013Empleadores) concurre de acuerdo a las normativas de la OIT, con arreglo a los poderes otorgados.<\/p>\n<p>Hasta el 28 de mayo se hab\u00edan inscrito 163 Estados miembros quienes comunican las listas con los nombres que integran las delegaciones. La inmensa mayor\u00eda, de acuerdo al art\u00edculo 3 de la Constituci\u00f3n de la Organizaci\u00f3n, impone a cada Gobierno la obligaci\u00f3n de enviar a las Conferencia una delegaci\u00f3n completa, es decir, tripartita.<\/p>\n<p>A pesar de la obligaci\u00f3n que tienen los gobiernos de pagar los gastos de viaje y estad\u00eda de los delegados y consejeros t\u00e9cnicos, alrededor de 39 Gobiernos no han confirmado aun que vayan a cumplir con esta obligaci\u00f3n que est\u00e1 claramente expresada en la Constituci\u00f3n de la OIT.<\/p>\n<p>Esto representa un problema, sobre todo, para las delegaciones de trabajadores que debemos afrontar los gastos (que son muy altos por el tipo de cambio y el costo de vida en Suiza que es uno de los pa\u00edses m\u00e1s caros) para garantizar que nuestros reclamos y planteos lleguen a la Conferencia. El Gobierno argentino aun no ha pagado los gastos de nuestra delegaci\u00f3n y, seg\u00fan la informaci\u00f3n que existe, s\u00f3lo reconocer\u00eda a un \u00fanico integrante.<\/p>\n<p>Hasta el momento, se han acreditado ante la Conferencia Internacional 323 delegados gubernamentales, 161 delegados de los empleadores y 161 de los trabajadores. Cada delegaci\u00f3n, adem\u00e1s acredita a consejeros t\u00e9cnicos. En esta 103\u00b0 Reuni\u00f3n se acreditaron 1187 consejeros de los gobiernos, 488 de los empleadores y 692 de los trabajadores. Lo que representa que, entre delegados (645) y consejeros t\u00e9cnicos (2367) participan (aunque luego se pueden agregar m\u00e1s) 3012 personas.<\/p>\n<p>Lo llamativo es que hay, ante la Conferencia, dos delegaciones acreditadas como observadores: Una pertenece a la Santa Sede (Vaticano) y otra debuta, Butan. Tambi\u00e9n asisten como invitados, delegaciones de Palestina y representantes de Naciones Unidas entre otras organizaciones internacionales.<\/p>\n<p>La 103\u00b0 Reuni\u00f3n de la Conferencia Internacional de la OIT, en esta oportunidad est\u00e1 presidida por Daniel Funes de Rioja designado por el Grupo de los Empleadores. Funes de Rioja es presidente de la Organizaci\u00f3n Internacional de Empleadores (OIE) y Vicepresidente Empleador del Consejo de Administraci\u00f3n de la OIT.<\/p>\n<p>La Conferencia eligi\u00f3 como Vicepresidentes a Alexandros Alexandris (Gobiernos) de Grecia, Takaaki Sakurada (Trabajadores) de Jap\u00f3n y Jacqueline Mugo (Empleadores) de Kenya.<\/p>\n<p>Inmediatamente despu\u00e9s de la inauguraci\u00f3n, que se realiz\u00f3 el 28 de mayo por la ma\u00f1ana, se pusieron en marcha las Comisiones y las reuniones, por separado, del grupo de empleadores, trabajadores y de los representantes gubernamentales.<\/p>\n<p>A diferencia de otros a\u00f1os, los hoteles de Ginebra otorgan a cada delegado y consejeros t\u00e9cnicos una tarjeta para poder acceder de manera gratuita para utilizar el transporte interno y facilitar la participaci\u00f3n de las reuniones y comisiones que funcionan desde las primeras horas de la ma\u00f1ana y hasta la noche.<\/p>\n<h3>Actividades de la Delegaci\u00f3n de la CTA<\/h3>\n<p><img loading=\"lazy\" decoding=\"async\" src=\"http:\/\/www.agenciacta.org\/IMG\/jpg\/10390318_805331856145231_692105160201752869_n.jpg\" alt=\"\" width=\"400\" height=\"225\" \/>La delegaci\u00f3n de la CTA que encabeza como Secretario Adjunto Jos\u00e9 Rigane, est\u00e1 integrada por los compa\u00f1eros Daniel Jorajur\u00eda, Gremial de la CTA; Hugo Blasco, Secretario de Derechos Humanos; Guillermo Pacagnini, Secretario Gremial de la FESPROSA; Rub\u00e9n Garrido, Director de Relaciones Internacionales de ATE; Carlos Ord\u00f3\u00f1ez, secretario General de la Federaci\u00f3n Judicial Argentina (FJA-CTA) y el director del Departamento Jur\u00eddico, Horacio Meguira.<\/p>\n<p>Desde el arribo a Suiza, la delegaci\u00f3n ha mantenido varias reuniones. La primera de ellas se realiz\u00f3 el 27 de mayo (d\u00eda anterior a la inauguraci\u00f3n de la Conferencia) y correspondi\u00f3 a un encuentro de la Confederaci\u00f3n Sindical Internacional de la que nuestra Central es integrante del Consejo Directivo. All\u00ed, el doctor Horacio Meguira realiz\u00f3 una intervenci\u00f3n en la que se abord\u00f3 la cuesti\u00f3n de la Libertad y Democracia Sindical y manifest\u00f3 la preocupaci\u00f3n ante las presiones del Grupo de Empleadores.<\/p>\n<p>\u201cLas limitaciones puestas por el Grupo de Empleadores est\u00e1n produciendo efectos en toda la estructura de la OIT, inclusive en la Oficina. Nosotros debemos elaborar estrategias para, no solamente defendernos sobre la \u201cdesnacionalizaci\u00f3n\u201d del Derecho de Huelga sino para establecer estrategias positivas de ofensiva respecto de la internacionalizaci\u00f3n del Derecho de Huelga. Los pa\u00edses Latinoamericanos vemos con preocupaci\u00f3n que ya se est\u00e1n produciendo efectos concretos en las legislaciones nacionales respecto a los l\u00edmites impuestos por los gobiernos al derecho de huelga. Apoyamos la postura del Grupo de Trabajadores en cuanto a no ceder a las presiones del Grupo de Empleadores\u201d, sostuvo Meguira.<\/p>\n<p>El 28 de mayo, se realiz\u00f3 la presentaci\u00f3n de una reclamaci\u00f3n ante Karen Curtis, Directora Adjunta del Departamento de Normas Internacionales de la OIT por la intervenci\u00f3n del Gobierno Nacional en el proceso electoral de la CTA. Adem\u00e1s, se mantuvo una reuni\u00f3n con la Directora del Departamento de Normas Internacionales del Trabajo, Cleopatra Doumbia-Henry y con Horacio Guide, Jefe del Servicio de Aplicaci\u00f3n de Normas de la OIT.<\/p>\n<p>El encuentro, que fue solicitado tanto por la CTA como por la Federaci\u00f3n Judicial Argentina, tuvo varios temas de agenda. Entre ellos, la falta de negociaci\u00f3n colectiva en el \u00e1mbito judicial argentino; libertad y democracia sindical; la aplicaci\u00f3n de la Ley Antiterrorista a periodistas de C\u00f3rdoba y Santiago del Estero; la condena a cadena perpetua de los petroleros de Las Heras y la creciente criminalizaci\u00f3n de la protesta social en nuestro pa\u00eds. Tambi\u00e9n dialogaron sobre la nueva ley de Asociaciones Sindicales que present\u00f3 V\u00edctor De Gennaro y que se adec\u00faa a los convenios de la OIT.<\/p>\n<p>Adem\u00e1s, se habl\u00f3 del caso particular de la FeTERA (Federaci\u00f3n de Trabajadores de la Argentina de la Rep\u00fablica Argentina) ya que se realiz\u00f3 una nueva presentaci\u00f3n ante la OIT despu\u00e9s de 12 a\u00f1os de reclamar la Personer\u00eda Gremial, negada sistem\u00e1ticamente por los gobiernos de turno. Tambi\u00e9n, se denunci\u00f3 la situaci\u00f3n de los trabajadores municipales que no tienen convenio ni sus salarios alcanzan el m\u00ednimo vital y m\u00f3vil.<\/p>\n<p>Tambi\u00e9n, la delegaci\u00f3n fue recibida por el Director General de la OIT, Guy Ryder a quien tambi\u00e9n se le manifest\u00f3 la situaci\u00f3n que se vivi\u00f3 los d\u00edas previos a la realizaci\u00f3n de las elecciones de la CTA, cuando el Gobierno Nacional a trav\u00e9s del Ministerio de Trabajo y Seguridad Social intent\u00f3 desconocer el proceso eleccionario del que participan m\u00e1s de 1 mill\u00f3n de trabajadores y trabajadoras. Ryder escuch\u00f3 el planteo realizado y manifest\u00f3 su preocupaci\u00f3n por la situaci\u00f3n que vive nuestro pa\u00eds.<\/p>\n<\/div>\n<div>* Federaci\u00f3n de Trabajadores de la Energ\u00eda de la Rep\u00fablica Argentina.<\/div>\n<\/div>\n","protected":false},"excerpt":{"rendered":"El 28 de mayo comenz\u00f3, tal cual estaba previsto, la 103\u00b0 Reuni\u00f3n de la Conferencia Internacional de la Organizaci\u00f3n Internacional de Trabajo (OIT) \n<a class=\"moretag\" href=\"https:\/\/ctainternacionales.org\/?p=1996\"> [...]<\/a>","protected":false},"author":1,"featured_media":0,"comment_status":"closed","ping_status":"closed","sticky":false,"template":"","format":"standard","meta":{"ngg_post_thumbnail":0,"footnotes":""},"categories":[],"tags":[],"class_list":["post-1996","post","type-post","status-publish","format-standard","hentry"],"_links":{"self":[{"href":"https:\/\/ctainternacionales.org\/index.php?rest_route=\/wp\/v2\/posts\/1996","targetHints":{"allow":["GET"]}}],"collection":[{"href":"https:\/\/ctainternacionales.org\/index.php?rest_route=\/wp\/v2\/posts"}],"about":[{"href":"https:\/\/ctainternacionales.org\/index.php?rest_route=\/wp\/v2\/types\/post"}],"author":[{"embeddable":true,"href":"https:\/\/ctainternacionales.org\/index.php?rest_route=\/wp\/v2\/users\/1"}],"replies":[{"embeddable":true,"href":"https:\/\/ctainternacionales.org\/index.php?rest_route=%2Fwp%2Fv2%2Fcomments&post=1996"}],"version-history":[{"count":8,"href":"https:\/\/ctainternacionales.org\/index.php?rest_route=\/wp\/v2\/posts\/1996\/revisions"}],"predecessor-version":[{"id":2072,"href":"https:\/\/ctainternacionales.org\/index.php?rest_route=\/wp\/v2\/posts\/1996\/revisions\/2072"}],"wp:attachment":[{"href":"https:\/\/ctainternacionales.org\/index.php?rest_route=%2Fwp%2Fv2%2Fmedia&parent=1996"}],"wp:term":[{"taxonomy":"category","embeddable":true,"href":"https:\/\/ctainternacionales.org\/index.php?rest_route=%2Fwp%2Fv2%2Fcategories&post=1996"},{"taxonomy":"post_tag","embeddable":true,"href":"https:\/\/ctainternacionales.org\/index.php?rest_route=%2Fwp%2Fv2%2Ftags&post=1996"}],"curies":[{"name":"wp","href":"https:\/\/api.w.org\/{rel}","templated":true}]}}