{"id":1991,"date":"2014-06-02T05:33:44","date_gmt":"2014-06-02T05:33:44","guid":{"rendered":"http:\/\/www.ctainternacionales.org\/?p=1991"},"modified":"2014-06-13T17:32:16","modified_gmt":"2014-06-13T17:32:16","slug":"lecciones-en-la-cta-nueva-conduccion-en-cta-nacional","status":"publish","type":"post","link":"https:\/\/ctainternacionales.org\/?p=1991","title":{"rendered":"Elecciones en la CTA Nueva Conducci\u00f3n en CTA Nacional"},"content":{"rendered":"<p><a href=\"http:\/\/www.ctainternacionales.org\/wp-content\/uploads\/2014\/06\/ctanacional-31.jpg\"><img loading=\"lazy\" decoding=\"async\" class=\"aligncenter size-thumbnail wp-image-1993\" title=\"ctanacional-3\" src=\"http:\/\/www.ctainternacionales.org\/wp-content\/uploads\/2014\/06\/ctanacional-31-307x230.jpg\" alt=\"\" width=\"307\" height=\"230\" \/><\/a>Pablo Micheli fue reelegido Secretario General de la Central secundado por Jos\u00e9 Rigane y Ricardo Peidro como Secretarios Adjuntos. Claudia Baigorria ocupar\u00e1 nuevamente la Secretaria Administrativa mientras Daniel Jorajur\u00eda Kahrs fue reelecto como Secretario Gremial.<!--more--><\/p>\n<p>Pablo Micheli fue reelegido Secretario General de la Central secundado por Jos\u00e9 Rigane y Ricardo Peidro como Secretarios Adjuntos. Claudia Baigorria ocupar\u00e1 nuevamente la Secretaria Administrativa mientras Daniel Jorajur\u00eda Kahrs fue reelecto como Secretario Gremial.<\/p>\n<div>\n<p>El nuevo Secretario de Organizaci\u00f3n que asumir\u00e1 en noviembre pr\u00f3ximo es Carlos Chile (ex secretario General de CTA Capital). Tambi\u00e9n estrena cargo Carolina Ocar como secretaria de Comunicaci\u00f3n y Difusi\u00f3n de la Central. La compa\u00f1era Rita Beatriz Liempe ocupar\u00e1 la Secretaria de Relaciones con los Pueblos Originarios en esta nueva etapa.<\/p>\n<p>Nuevamente la Secretar\u00eda de Relaciones Institucionales tendr\u00e1 a Juan Carlos \u201cPip\u00f3n\u201d Giuliani a la cabeza, Jorge Cardelli ser\u00e1 responsable de la Secretar\u00eda de Cultura y Carlos Ferreres de la de Discapacidad.<\/p>\n<p>Fernando \u00abNando\u00bb Acosta contin\u00faa a cargo de la Secretar\u00eda de Interior, al igual que Adolfo \u201cFito\u201d Aguirre en la Secretar\u00eda de Relaciones Internacionales y Hugo Blasco como secretario de Derechos Humanos.<\/p>\n<p>En esta nueva etapa, Jos\u00e9 Zas se har\u00e1 cargo de la Secretar\u00eda de Contabilidad y Finanzas mientras que el compa\u00f1ero Mario Barrios ser\u00e1 secretario de Asistencia Social.<\/p>\n<p>Una vez m\u00e1s, la secretar\u00eda de Previsi\u00f3n Social estar\u00e1 liderada por Lidia Meza, mientras Jorge Yabkowski tendr\u00e1 a cargo la de Salud Laboral y Guillermo Pacagnini la Secretar\u00eda de Condiciones y Medio Ambiente de Trabajo.<\/p>\n<p>Alejandra Angriman asume nuevamente en la Secretar\u00eda de Igualdad de G\u00e9neros y Oportunidades y Ra\u00fal Ernesto Rajnery coordinar\u00e1 la Secretar\u00eda de Juventud. Tras las elecciones en la CTA, Cynthia Pok ser\u00e1 secretaria de Formaci\u00f3n y Blanca \u00c1vila de Actas.<\/p>\n<p>La lista de Vocales titulares electos son los siguientes: Elia Espen, Rub\u00e9n Garrido, Silverio G\u00f3mez, Ester Garciaviviana, Jos\u00e9 Ronconi, Francisco \u201cPancho\u201d Montiel, Sergio Val, Mariano S\u00e1nchez Toranzo, Guillermo D\u00edaz, Dora Mart\u00ednez, Eduardo Moyano, Melina Rojas, Jorge Alfredo Portel, Julio Gambina y Silvia Bergalio.<\/p>\n<p>En la Comisi\u00f3n Revisora de Cuentas los titulares son: Jos\u00e9 Lu\u00eds Bravo, N\u00e9stor Jeifetz y de suplentes: Carlos Alberto Chasson, Mar\u00eda Cristina Chiste y Alicia Coca.<\/p>\n<div><\/div>\n<\/div>\n","protected":false},"excerpt":{"rendered":"Pablo Micheli fue reelegido Secretario General de la Central secundado por Jos\u00e9 Rigane y Ricardo Peidro como Secretarios Adjuntos. Claudia Baigorria ocupar\u00e1 nuevamente \n<a class=\"moretag\" href=\"https:\/\/ctainternacionales.org\/?p=1991\"> [...]<\/a>","protected":false},"author":1,"featured_media":0,"comment_status":"closed","ping_status":"closed","sticky":false,"template":"","format":"standard","meta":{"ngg_post_thumbnail":0,"footnotes":""},"categories":[],"tags":[],"class_list":["post-1991","post","type-post","status-publish","format-standard","hentry"],"_links":{"self":[{"href":"https:\/\/ctainternacionales.org\/index.php?rest_route=\/wp\/v2\/posts\/1991","targetHints":{"allow":["GET"]}}],"collection":[{"href":"https:\/\/ctainternacionales.org\/index.php?rest_route=\/wp\/v2\/posts"}],"about":[{"href":"https:\/\/ctainternacionales.org\/index.php?rest_route=\/wp\/v2\/types\/post"}],"author":[{"embeddable":true,"href":"https:\/\/ctainternacionales.org\/index.php?rest_route=\/wp\/v2\/users\/1"}],"replies":[{"embeddable":true,"href":"https:\/\/ctainternacionales.org\/index.php?rest_route=%2Fwp%2Fv2%2Fcomments&post=1991"}],"version-history":[{"count":4,"href":"https:\/\/ctainternacionales.org\/index.php?rest_route=\/wp\/v2\/posts\/1991\/revisions"}],"predecessor-version":[{"id":2074,"href":"https:\/\/ctainternacionales.org\/index.php?rest_route=\/wp\/v2\/posts\/1991\/revisions\/2074"}],"wp:attachment":[{"href":"https:\/\/ctainternacionales.org\/index.php?rest_route=%2Fwp%2Fv2%2Fmedia&parent=1991"}],"wp:term":[{"taxonomy":"category","embeddable":true,"href":"https:\/\/ctainternacionales.org\/index.php?rest_route=%2Fwp%2Fv2%2Fcategories&post=1991"},{"taxonomy":"post_tag","embeddable":true,"href":"https:\/\/ctainternacionales.org\/index.php?rest_route=%2Fwp%2Fv2%2Ftags&post=1991"}],"curies":[{"name":"wp","href":"https:\/\/api.w.org\/{rel}","templated":true}]}}