{"id":1983,"date":"2014-05-30T15:22:34","date_gmt":"2014-05-30T15:22:34","guid":{"rendered":"http:\/\/www.ctainternacionales.org\/?p=1983"},"modified":"2014-06-20T04:57:09","modified_gmt":"2014-06-20T04:57:09","slug":"la-cta-liderada-por-pablo-micheli-gano-en-todo-el-pais","status":"publish","type":"post","link":"https:\/\/ctainternacionales.org\/?p=1983","title":{"rendered":"La CTA liderada por Pablo Micheli gan\u00f3 en todo el pa\u00eds"},"content":{"rendered":"<p><a href=\"http:\/\/www.ctainternacionales.org\/wp-content\/uploads\/2014\/05\/Micheli-21.jpg\"><img loading=\"lazy\" decoding=\"async\" class=\"aligncenter size-thumbnail wp-image-1986\" title=\"Micheli-2\" src=\"http:\/\/www.ctainternacionales.org\/wp-content\/uploads\/2014\/05\/Micheli-21-307x182.jpg\" alt=\"\" width=\"307\" height=\"182\" \/><\/a><\/p>\n<p>Pasadas las 21 y en medio de la ovaci\u00f3n de compa\u00f1eros y compa\u00f1eras que se juntaron en la puerta de la sede de la CTA (Lima 609 de la Ciudad de Buenos Aires), Pablo Micheli, result\u00f3 reelecto Secretario General de la Central por el 90% de los votos, llam\u00f3 a seguir profundizando la lucha en las calles y en cada sector de trabajo y agradeci\u00f3 el compromiso de todos los trabajadores que de Ushuaia a La Quiaca se comprometen d\u00eda a d\u00eda en la construcci\u00f3n de una Central anticapitalista, antiimperialista y aut\u00f3noma de los gobiernos y de los patrones.\u00a0<!--more--><\/p>\n<p><a href=\"https:\/\/www.youtube.com\/watch?v=oDWdJPBnok4\">CLICK PARA VER VIDEO PABLO MICHELI CIERRE<\/a><\/p>\n<p>\u201cQuiero felicitar a todos ustedes y a los compa\u00f1eros y compa\u00f1eras de todo el pa\u00eds que ratifican d\u00eda a d\u00eda la construcci\u00f3n de esta CTA anticapitalista, antiimperialista y aut\u00f3noma de los gobiernos y de los patrones en esta elecci\u00f3n hist\u00f3rica\u00bb, dijo Pablo Micheli ante todos y todas.<\/p>\n<p>Por otra parte, el dirigente destac\u00f3 que estos comicios eran un desaf\u00edo: \u201cEn esta Central resuelven las asambleas de trabajadores y no los punteros pol\u00edticos\u201d. Micheli se\u00f1al\u00f3 tambi\u00e9n que se eligieron 18.900 cargos en esta elecci\u00f3n y salud\u00f3 a las otras dos listas por haber participado (la del Partido Obrero y la del Nuevo M\u00e1s).<\/p>\n<div>\n<p>\u201cVamos a seguir en la calle y aunque fue una elecci\u00f3n hist\u00f3rica porque vot\u00f3 m\u00e1s del 30% del padr\u00f3n (m\u00e1s que en la elecci\u00f3n de 2010), nosotros queremos ser una Central de masas porque nuestro pueblo y nuestro pa\u00eds lo necesitan para pelear para que nuestros pibes vayan a la escuela, nuestros jubilados cobren el 82% m\u00f3vil y que no haya m\u00e1s pobreza y desigualdad\u201d, agreg\u00f3 Micheli ante los aplausos y los bombos como fondo.<\/p>\n<p>Antes de finalizar, el recientemente reelecto Secretario General de la Central de Trabajadores de la Argentina por un nuevo per\u00edodo de 4 a\u00f1os, llam\u00f3 a seguir luchando contra el ajuste y en la construcci\u00f3n de un nuevo paro de 36 horas con el compromiso de todos los compa\u00f1eros y compa\u00f1eras.<\/p>\n<p>Las elecciones se llevaron a cabo con normalidad en todo el pa\u00eds a pesar de la resoluci\u00f3n del Ministerio de Trabajo de la Naci\u00f3n, del martes pasado que declar\u00f3 la invalidez de la votaci\u00f3n. En ese marco, una delegaci\u00f3n de la CTA, encabezada por uno de sus secretarios adjuntos, Jos\u00e9 Rigane, Daniel Jorajur\u00eda (secretario de Organizaci\u00f3n) y Horacio Meguira (director del Departamento Jur\u00eddico) viaj\u00f3 a Ginebra a la 103\u00ba Conferencia Internacional de la OIT para denunciar \u00abla injerencia del Gobierno en las elecciones y la falta de libertad y democracia sindical en la Argentina\u00bb.<\/p>\n<div><\/div>\n<\/div>\n","protected":false},"excerpt":{"rendered":"Pasadas las 21 y en medio de la ovaci\u00f3n de compa\u00f1eros y compa\u00f1eras que se juntaron en la puerta de la sede de \n<a class=\"moretag\" href=\"https:\/\/ctainternacionales.org\/?p=1983\"> [...]<\/a>","protected":false},"author":1,"featured_media":0,"comment_status":"closed","ping_status":"closed","sticky":false,"template":"","format":"standard","meta":{"ngg_post_thumbnail":0,"footnotes":""},"categories":[],"tags":[],"class_list":["post-1983","post","type-post","status-publish","format-standard","hentry"],"_links":{"self":[{"href":"https:\/\/ctainternacionales.org\/index.php?rest_route=\/wp\/v2\/posts\/1983","targetHints":{"allow":["GET"]}}],"collection":[{"href":"https:\/\/ctainternacionales.org\/index.php?rest_route=\/wp\/v2\/posts"}],"about":[{"href":"https:\/\/ctainternacionales.org\/index.php?rest_route=\/wp\/v2\/types\/post"}],"author":[{"embeddable":true,"href":"https:\/\/ctainternacionales.org\/index.php?rest_route=\/wp\/v2\/users\/1"}],"replies":[{"embeddable":true,"href":"https:\/\/ctainternacionales.org\/index.php?rest_route=%2Fwp%2Fv2%2Fcomments&post=1983"}],"version-history":[{"count":5,"href":"https:\/\/ctainternacionales.org\/index.php?rest_route=\/wp\/v2\/posts\/1983\/revisions"}],"predecessor-version":[{"id":2101,"href":"https:\/\/ctainternacionales.org\/index.php?rest_route=\/wp\/v2\/posts\/1983\/revisions\/2101"}],"wp:attachment":[{"href":"https:\/\/ctainternacionales.org\/index.php?rest_route=%2Fwp%2Fv2%2Fmedia&parent=1983"}],"wp:term":[{"taxonomy":"category","embeddable":true,"href":"https:\/\/ctainternacionales.org\/index.php?rest_route=%2Fwp%2Fv2%2Fcategories&post=1983"},{"taxonomy":"post_tag","embeddable":true,"href":"https:\/\/ctainternacionales.org\/index.php?rest_route=%2Fwp%2Fv2%2Ftags&post=1983"}],"curies":[{"name":"wp","href":"https:\/\/api.w.org\/{rel}","templated":true}]}}