{"id":1972,"date":"2014-05-28T05:26:44","date_gmt":"2014-05-28T05:26:44","guid":{"rendered":"http:\/\/www.ctainternacionales.org\/?p=1972"},"modified":"2014-06-30T21:14:18","modified_gmt":"2014-06-30T21:14:18","slug":"lula-da-silva-expresidente-de-brasil-el-deporte-es-inclusion-social-evo-fue-invitado-al-mundial","status":"publish","type":"post","link":"https:\/\/ctainternacionales.org\/?p=1972","title":{"rendered":"Lula da Silva, expresidente de Brasil: \u201cEl deporte es inclusi\u00f3n social, Evo fue invitado al Mundial\u201d"},"content":{"rendered":"<p>El expresidente de Brasil Luiz In\u00e1cio Lula da Silva, que convirti\u00f3 a su pa\u00eds en la octava econom\u00eda mundial tras siete a\u00f1os en el poder, ve hasta en el f\u00fatbol una forma de hacer pol\u00edtica social. Desde Brasil, concedi\u00f3 a EL DEBER una entrevista exclusiva. Hoy llega a Santa Cruz y ma\u00f1ana participa junto al presidente Evo Morales del seminario internacional \u201cFrente al cambio clim\u00e1tico: econom\u00eda y sociedad para Vivir Bien\u201d, en la agenda previa a la cumbre del G-77+China.<!--more--><\/p>\n<p>El expresidente de Brasil Luiz In\u00e1cio Lula da Silva, que convirti\u00f3 a su pa\u00eds en la octava econom\u00eda mundial tras siete a\u00f1os en el poder, ve hasta en el f\u00fatbol una forma de hacer pol\u00edtica social. Desde Brasil, concedi\u00f3 a EL DEBER una entrevista exclusiva. Hoy llega a Santa Cruz y ma\u00f1ana participa junto al presidente Evo Morales del seminario internacional \u201cFrente al cambio clim\u00e1tico: econom\u00eda y sociedad para Vivir Bien\u201d, en la agenda previa a la cumbre del G-77+China.<\/p>\n<p>El liderazgo de Brasil como potencia econ\u00f3mica mundial es innegable, \u00bfcu\u00e1l debe ser su rol en el G-77 + China?<\/p>\n<p>En sus 50 a\u00f1os de existencia, el G-77 ha ampliado mucho su membres\u00eda. Hoy por hoy representa una coalici\u00f3n de 133 pa\u00edses, una mayor\u00eda expresiva de los miembros de las Naciones Unidas y de la poblaci\u00f3n mundial. Su representatividad es un reconocimiento del valor de sus ideas y actuaci\u00f3n, que han resistido la prueba del tiempo. El G-77 fue y contin\u00faa siendo un canal fundamental para promover la participaci\u00f3n de los pa\u00edses en desarrollo en el seno del sistema multilateral, en sus dimensiones pol\u00edtica, econ\u00f3mica y ambiental. El grupo ha jugado, por ejemplo, un rol central en la inclusi\u00f3n y la defensa del desarrollo sostenible en la agenda internacional.<\/p>\n<p>Estoy seguro de que para Brasil y para otros grandes pa\u00edses en desarrollo, como la India, China y \u00c1frica del Sur, el G-77 continuar\u00e1 representando un instrumento privilegiado de acci\u00f3n diplom\u00e1tica. Un ejemplo m\u00e1s cercano de ello fue la Cumbre de Naciones Unidas sobre Desarrollo Sostenible, la R\u00edo+20.<\/p>\n<p>Debemos mucho al G-77 por el \u00e9xito logrado al integrar plenamente en el documento final titulado \u201cEl futuro que queremos\u201d, preocupaciones medioambientales sin olvidar nuestras necesidades de crecimiento econ\u00f3mico y de justicia social.<\/p>\n<p>En este momento, \u00bfcu\u00e1l es el tema de mayor inter\u00e9s de Brasil en Bolivia?<\/p>\n<p>Nuestra agenda bilateral siempre contar\u00e1 con un conjunto robusto de iniciativas con potencial de beneficiar a ambos pa\u00edses. As\u00ed es con la integraci\u00f3n energ\u00e9tica, la cooperaci\u00f3n t\u00e9cnica y de fronteras, el combate a los il\u00edcitos transnacionales, el corredor vial interoce\u00e1nico, la ampliaci\u00f3n de inversiones en el \u00e1rea de infraestructura, el intercambio comercial.<\/p>\n<p>Con la decisi\u00f3n de Bolivia de ingresar al Mercosur como miembro pleno, que espero pueda cumplirse lo m\u00e1s pronto posible, se abrir\u00e1n muchas otras \u00e1reas de aproximaci\u00f3n entre nuestros pa\u00edses. Adem\u00e1s de eso, Bolivia y Brasil son activos promotores de la integraci\u00f3n regional en la Unasur y en la Celac, lo que tambi\u00e9n exige mucha coordinaci\u00f3n de nuestros gobiernos.<\/p>\n<p>En lo bilateral, quisiera mencionar un tema muy cercano a todos nosotros: el deporte como herramienta de inclusi\u00f3n social. El hecho de que Brasil va a ser anfitri\u00f3n del pr\u00f3ximo Mundial de F\u00fatbol y de los Juegos Ol\u00edmpicos en R\u00edo 2016, y de que Bolivia ser\u00e1 la sede de los Juegos Sudamericanos en Cochabamba 2018, tambi\u00e9n abre una ventana para la cooperaci\u00f3n bilateral.<\/p>\n<p>Supe que la presidenta Dilma Rousseff invit\u00f3 al presidente Evo Morales a la apertura del Mundial, el 12 de junio pr\u00f3ximo en San Pablo. Como gran aficionado del f\u00fatbol y buen jugador que es, espero que mi amigo Evo pueda brindarnos su presencia.<\/p>\n<p>El narcotr\u00e1fico y la producci\u00f3n de coca excedentaria es un tema que preocupa en las relaciones bilaterales, \u00bfqu\u00e9 opina al respecto?<\/p>\n<p>El hecho de que tengamos en la Unasur un Consejo Sudamericano sobre el Problema Mundial de las Drogas refleja esta preocupaci\u00f3n y nos ha permitido tratar el tema con un enfoque m\u00e1s amplio y acciones volcadas a combatir la oferta y el consumo. En el caso de Bolivia y Brasil, hemos avanzado de forma significativa en la cooperaci\u00f3n bilateral para el combate al narcotr\u00e1fico y otros il\u00edcitos transnacionales. Cada vez es m\u00e1s fluida la relaci\u00f3n entre la Polic\u00eda Federal de Brasil y la Fuerza Especial de Lucha Contra el Narcotr\u00e1fico de Bolivia, y tenemos un Plan de Acci\u00f3n bilateral que involucra a los ministerios de Gobierno en Bolivia y al de Justicia en Brasil. Hay muchas operaciones conjuntas y el permanente intercambio de informaci\u00f3n de Inteligencia. Bolivia, Brasil y EEUU est\u00e1n implementando el monitoreo por sat\u00e9lite de cultivos excedentarios de coca, y estamos estableciendo una agenda de cooperaci\u00f3n entre Bolivia, Brasil y Per\u00fa.<\/p>\n<p>Una mirada a Brasil<\/p>\n<p>La econom\u00eda brasile\u00f1a es una de las que m\u00e1s creci\u00f3 en los \u00faltimos a\u00f1os, pero ahora apenas supera el 2%. \u00bfQu\u00e9 pas\u00f3 y c\u00f3mo puede llegar a un crecimiento sostenible?<\/p>\n<p>La econom\u00eda brasile\u00f1a ha tenido un crecimiento extraordinario en la \u00faltima d\u00e9cada. Nuestro PIB pas\u00f3 de 550 billones de d\u00f3lares a 2,2 trillones. Y lo m\u00e1s importante es: crecemos distribuyendo renta y reduciendo la desigualdad. En este periodo conseguimos sacar a 36 millones de personas de la pobreza y llevar a 42 millones hacia la clase media. Por primera vez en nuestra historia, alcanzamos t\u00e9cnicamente el empleo pleno. Y, junto a la inclusi\u00f3n social, logramos una verdadera revoluci\u00f3n educacional, desde el nivel pre-escolar hasta la posgraduaci\u00f3n, para elevar el nivel cultural y profesional de nuestro pueblo, adem\u00e1s de la productividad de nuestra econom\u00eda.<\/p>\n<p>La crisis financiera internacional, entretanto, cambi\u00f3 el escenario global. Europa entr\u00f3 en recesi\u00f3n, la econom\u00eda de EEUU se estanc\u00f3 y reci\u00e9n empieza a recuperarse, el comercio mundial sufri\u00f3 una gran recesi\u00f3n. Todo eso afect\u00f3, de una manera u otra, a nuestros pa\u00edses, especialmente en las exportaciones. El mundo est\u00e1 creciendo mucho menos.<\/p>\n<p>Sin embargo, a pesar de esta coyuntura adversa Brasil no dej\u00f3 de crecer. En 2013 crecimos 2,3%, lo que es bastante significativo. EEUU, por ejemplo, crecer\u00e1 1,9% y M\u00e9xico solo 1,1%. En los pr\u00f3ximos a\u00f1os, Brasil tiene todas las condiciones para acelerar nuevamente su crecimiento, con la expansi\u00f3n del mercado interno o con la propia recuperaci\u00f3n de la econom\u00eda mundial. El pa\u00eds est\u00e1 ejecutando un amplio programa de inversiones p\u00fablicas y privadas en infraestructura, sin hablar de la exploraci\u00f3n de petr\u00f3leo en aguas profundas (\u2018Pre-Sal\u2019) que ya comenz\u00f3 a dar resultados y tendr\u00e1 un crecimiento exponencial hasta 2018. Hay buenas razones para ser optimistas con la econom\u00eda brasile\u00f1a.<\/p>\n<p>Existe descontento social al interior de su pa\u00eds. \u00bfC\u00f3mo lograr un equilibrio entre econom\u00eda y demandas sociales?<\/p>\n<p>Nuestro Gobierno demostr\u00f3 que es perfectamente posible equilibrar una econom\u00eda fuerte con la atenci\u00f3n a las demandas sociales. Antes esa l\u00f3gica no exist\u00eda en Brasil. Se gobernaba apenas para un tercio de la poblaci\u00f3n. Lo que hicimos fue invertir esa l\u00f3gica perversa, para pensar en todos, con un cari\u00f1o especial por los que m\u00e1s necesitan.<\/p>\n<p>Y conseguimos demostrar que fortalecer las clases medias m\u00e1s pobres de la poblaci\u00f3n sirvi\u00f3 para mover la econom\u00eda, aumentar el consumo, generar empleos y criar otra l\u00f3gica para Brasil. Yo ya dije algunas veces que veo perfectamente normal que las personas se manifiesten por mejoras.<\/p>\n<p>El pa\u00eds avanz\u00f3 de modo admirable en los \u00faltimos 11 a\u00f1os y las manifestaciones son un retrato de que \u201cquien tiene m\u00e1s, quiere m\u00e1s\u201d. Servir\u00e1n de alerta para no-sotros. Para que no nos acomodemos. Para incitarnos a hacer a\u00fan m\u00e1s. La democracia no es un pacto de silencio, es una sociedad en movimiento.<\/p>\n<p>No tememos a las protestas, pero no se puede actuar con violencia, saquear el patrimonio de todos, eso no se puede. Unirse por mejores condiciones de vida es un derecho conquistado de todos y valoramos profundamente eso. Lo m\u00e1s importante es que la presidenta Dilma respondi\u00f3 r\u00e1pidamente a las voces en las calles, estableci\u00f3 pactos para la movilizaci\u00f3n urbana, salud, educaci\u00f3n, responsabilidad fiscal y reforma pol\u00edtica, y fue capaz de dialogar con los sectores.<\/p>\n<p>Medioambiente y alimentos<\/p>\n<p>En el tema medioambiental hay obras como las represas de Santo Antonio y Jirau que son cuestionadas. \u00bfC\u00f3mo cree que se debe manejar el desarrollo versus el medioambiente?<\/p>\n<p>El desarrollo econ\u00f3mico y la preservaci\u00f3n ambiental no son incompatibles. Al contrario: pueden y deben ser complementarios. Cuando fui presidente procur\u00e9 poner en pr\u00e1ctica esta idea y considero que tuvimos bastante \u00e9xito. El pa\u00eds alcanz\u00f3 un notable crecimiento econ\u00f3mico y grandes conquistas sociales, al mismo tiempo se consigui\u00f3, por ejemplo, reducir dr\u00e1sticamente la deforestaci\u00f3n y transformar 516 millones de hect\u00e1reas en reservas forestales.<\/p>\n<p>En cuanto a las plantas hidroel\u00e9ctricas de Santo Antonio y Jirau, que est\u00e1n siendo construidas en Rondonia, ellas fueron ampliamente discutidas con la poblaci\u00f3n local y con los m\u00e1s diversos movimientos sociales, incluso con las comunidades ind\u00edgenas. Varias de sus reivindicaciones fueron atendidas por el Gobierno, lo que hizo a los proyectos mucho m\u00e1s sustentables, aunque eso represent\u00f3 costos adicionales. Los procesos participativos a veces llevan m\u00e1s tiempo, pero garantizar mejores resultados para la sociedad. La poblaci\u00f3n de la Amazonia brasile\u00f1a, que es de 20 millones de personas, la mayor\u00eda vive en ciudades, valora el medioambiente, pero no quiere vivir sin energ\u00eda.<\/p>\n<p>Lo que hicimos en el caso de las dos represas fue adoptar las t\u00e9cnicas m\u00e1s avanzadas de gesti\u00f3n y protecci\u00f3n de los bosques, al tiempo de garantizar los derechos econ\u00f3micos y sociales de las personas que viven all\u00ed.<\/p>\n<p>\u00bfLatinoam\u00e9rica podr\u00eda convertirse en el gran granero del mundo? \u00bfQu\u00e9 desaf\u00edos tiene que cumplir para llegar a eso?<\/p>\n<p>Am\u00e9rica Latina, principalmente Am\u00e9rica del Sur, ya es uno de los grandes graneros del mundo. Si se mantiene el aumento de sus exportaciones de granos y carnes al ritmo de los \u00faltimos a\u00f1os, en breve asumir\u00e1 el liderazgo mundial de algunos productos agr\u00edcolas m\u00e1s importantes. Estoy hablando no solo de la soya, tambi\u00e9n del ma\u00edz, del pollo y la carne roja. Solo en trigo y arroz nos ubicaremos en segundo lugar dado el papel destacado de EEUU y Asia en estos cultivos.<\/p>\n<p>Pero hay algunos desaf\u00edos que debemos superar para lograr este liderazgo.<\/p>\n<p>El m\u00e1s grande es el proteccionismo de los pa\u00edses ricos que hablan de mercados abiertos, pero no siempre practican lo que predican. Ellos crean barreras artificiales que perjudican las exportaciones de Am\u00e9rica Latina y de \u00c1frica. Ese es, por ejemplo, un problema que debe ser resuelto en negociaciones del Mercosur con la Uni\u00f3n Europea.<\/p>\n<p>Otro tema fundamental es el tecnol\u00f3gico. Y esto depender\u00e1 mucho de la disponibilidad de nuevas tecnolog\u00edas generadas en la regi\u00f3n. Los pa\u00edses que han acumulado conocimientos tecnol\u00f3gicos, como Argentina, Uruguay y Brasil, tienen que apoyar cada vez m\u00e1s el esfuerzo productivo de sus vecinos. Y, naturalmente, los gobiernos populares como los nuestros nunca pueden olvidar la dimensi\u00f3n social de la agricultura. Adem\u00e1s de hacerla m\u00e1s eficiente y competitiva, tenemos que mejorar los derechos de los trabajadores rurales y agricultores, con salarios m\u00e1s altos, el acceso a la atenci\u00f3n sanitaria, la educaci\u00f3n de calidad y mejores condiciones de vida.<\/p>\n<p>Pol\u00edtica latinoamericana<\/p>\n<p>Hay quienes relacionan el neopopulismo o socialismo con la crisis que est\u00e1n pasando Venezuela, Argentina y otros pa\u00edses de esa misma l\u00ednea pol\u00edtica. \u00bfPor qu\u00e9 cree usted que est\u00e9 sucediendo esto?<\/p>\n<p>Cada pa\u00eds tiene su formaci\u00f3n hist\u00f3rica y su trayectoria, que deben ser respetadas. Las etiquetas ideol\u00f3gicas, muchas veces con prejuicios, rara vez ayudan a entender lo que est\u00e1 pasando con los pa\u00edses. Argentina y Venezuela sufrieron mucho durante la d\u00e9cada de 1990 con las pol\u00edticas destructivas del neoliberalismo. En 2001, Argentina pr\u00e1cticamente quebr\u00f3, con terribles consecuencias sociales. De ah\u00ed hacia ac\u00e1, a pesar de todas las dificultades, el pa\u00eds volvi\u00f3 a crecer, distribuir renta y promover la inclusi\u00f3n social. Las tensiones pol\u00edticas que existen en Argentina son normales en la vida democr\u00e1tica.<\/p>\n<p>Venezuela, a partir de la primera elecci\u00f3n de Hugo Ch\u00e1vez, tambi\u00e9n obtuvo formidables conquistas sociales, que todos admiramos, y que pueden y deben avanzar en la gesti\u00f3n del presidente Nicol\u00e1s Maduro. El desaf\u00edo actual de Venezuela parece especialmente pol\u00edtico. Estoy convencido de que el di\u00e1logo entre el Gobierno del presidente Maduro y los sectores m\u00e1s representativos de la oposici\u00f3n ayudar\u00e1 a asegurar la paz en el pa\u00eds.<\/p>\n","protected":false},"excerpt":{"rendered":"El expresidente de Brasil Luiz In\u00e1cio Lula da Silva, que convirti\u00f3 a su pa\u00eds en la octava econom\u00eda mundial tras siete a\u00f1os en \n<a class=\"moretag\" href=\"https:\/\/ctainternacionales.org\/?p=1972\"> [...]<\/a>","protected":false},"author":1,"featured_media":0,"comment_status":"closed","ping_status":"closed","sticky":false,"template":"","format":"standard","meta":{"ngg_post_thumbnail":0,"footnotes":""},"categories":[],"tags":[],"class_list":["post-1972","post","type-post","status-publish","format-standard","hentry"],"_links":{"self":[{"href":"https:\/\/ctainternacionales.org\/index.php?rest_route=\/wp\/v2\/posts\/1972","targetHints":{"allow":["GET"]}}],"collection":[{"href":"https:\/\/ctainternacionales.org\/index.php?rest_route=\/wp\/v2\/posts"}],"about":[{"href":"https:\/\/ctainternacionales.org\/index.php?rest_route=\/wp\/v2\/types\/post"}],"author":[{"embeddable":true,"href":"https:\/\/ctainternacionales.org\/index.php?rest_route=\/wp\/v2\/users\/1"}],"replies":[{"embeddable":true,"href":"https:\/\/ctainternacionales.org\/index.php?rest_route=%2Fwp%2Fv2%2Fcomments&post=1972"}],"version-history":[{"count":2,"href":"https:\/\/ctainternacionales.org\/index.php?rest_route=\/wp\/v2\/posts\/1972\/revisions"}],"predecessor-version":[{"id":1974,"href":"https:\/\/ctainternacionales.org\/index.php?rest_route=\/wp\/v2\/posts\/1972\/revisions\/1974"}],"wp:attachment":[{"href":"https:\/\/ctainternacionales.org\/index.php?rest_route=%2Fwp%2Fv2%2Fmedia&parent=1972"}],"wp:term":[{"taxonomy":"category","embeddable":true,"href":"https:\/\/ctainternacionales.org\/index.php?rest_route=%2Fwp%2Fv2%2Fcategories&post=1972"},{"taxonomy":"post_tag","embeddable":true,"href":"https:\/\/ctainternacionales.org\/index.php?rest_route=%2Fwp%2Fv2%2Ftags&post=1972"}],"curies":[{"name":"wp","href":"https:\/\/api.w.org\/{rel}","templated":true}]}}