{"id":1968,"date":"2014-05-28T05:20:17","date_gmt":"2014-05-28T05:20:17","guid":{"rendered":"http:\/\/www.ctainternacionales.org\/?p=1968"},"modified":"2014-05-28T05:22:27","modified_gmt":"2014-05-28T05:22:27","slug":"paraguay-indigenas-desalojados-de-tierras-ancestrales-por-policias-y-matones-de-la-empresa-laguna-sa","status":"publish","type":"post","link":"https:\/\/ctainternacionales.org\/?p=1968","title":{"rendered":"Paraguay: ind\u00edgenas desalojados de tierras ancestrales por polic\u00edas y matones de la empresa Laguna SA"},"content":{"rendered":"<p>En di\u00e1logo con Made in Paraguay, la hermana Raquel Peralta (Conapi) ofreci\u00f3 detalles del salvaje desalojo que sufri\u00f3 la comunidad Av\u00e1 de Ybarovan\u00e1 (Canindey\u00fa) el \u00faltimo 20 de mayo de 2014.<!--more--><\/p>\n<p>En di\u00e1logo con Made in Paraguay, la hermana Raquel Peralta (Conapi) ofreci\u00f3 detalles del salvaje desalojo que sufri\u00f3 la comunidad Av\u00e1 de Ybarovan\u00e1 (Canindey\u00fa) el \u00faltimo 20 de mayo de 2014.El procedimiento se ejecut\u00f3 el mismo d\u00eda en que estaba pautada una Audiencia entre las partes involucradas.<\/p>\n<p>El mismo d\u00eda en que representantes de la empresa Laguna SA y de la comunidad Av\u00e1 deb\u00edan reunirse para llegar a una soluci\u00f3n respecto al conflicto que mantienen por las tierras ancestrales perteneciente a los ind\u00edgenas y que la firma reclama.<\/p>\n<p>Para el desalojo de alrededor de 170 ind\u00edgenas (que tuvieron la prudencia de refugiarse en los montes cercanos para evitar apresamientos y torturas) se dispuso un contingente de m\u00e1s de 300 efectivos.<\/p>\n<p>Los responsables policiales denunciaron \u201cpresiones\u201d de las autoridades para cumplir con la orden del juez, pese a que exist\u00eda la posibilidad de resolver la situaci\u00f3n pac\u00edficamente por medio de la Audiencia.<\/p>\n<p>\u201cLa orden es limpiar el terreno\u201d coment\u00f3 la hermana Raquel que le dijeron los uniformados, antes de prender fuego el lugar.<\/p>\n<p>La empresa puso a disposici\u00f3n de la polic\u00eda un cami\u00f3n para trasladar las pertenencias de los nativos y un grupo de matones que en veh\u00edculos con chapa brasilera \u201ccolabor\u00f3\u201d con el procedimiento.<\/p>\n<p>La religiosa se\u00f1al\u00f3 que en esa zona mandan son los que tienen el poder econ\u00f3mico que reemplazan los ind\u00edgenas con \u201csoja y vacas\u201d.<\/p>\n<p>Desde 1900 historiadores y antrop\u00f3logos hablan de la ancestral presencia de los Av\u00e1 en los alrededores de la laguna San Antonio, que en su mitolog\u00eda representa el origen el mundo.<\/p>\n<p>\u201cEn nombre del desarrollo se pisotean los derechos de los pueblos ind\u00edgenas\u201d indic\u00f3 la hermana.<\/p>\n","protected":false},"excerpt":{"rendered":"En di\u00e1logo con Made in Paraguay, la hermana Raquel Peralta (Conapi) ofreci\u00f3 detalles del salvaje desalojo que sufri\u00f3 la comunidad Av\u00e1 de Ybarovan\u00e1 \n<a class=\"moretag\" href=\"https:\/\/ctainternacionales.org\/?p=1968\"> [...]<\/a>","protected":false},"author":1,"featured_media":0,"comment_status":"closed","ping_status":"closed","sticky":false,"template":"","format":"standard","meta":{"ngg_post_thumbnail":0,"footnotes":""},"categories":[],"tags":[],"class_list":["post-1968","post","type-post","status-publish","format-standard","hentry"],"_links":{"self":[{"href":"https:\/\/ctainternacionales.org\/index.php?rest_route=\/wp\/v2\/posts\/1968","targetHints":{"allow":["GET"]}}],"collection":[{"href":"https:\/\/ctainternacionales.org\/index.php?rest_route=\/wp\/v2\/posts"}],"about":[{"href":"https:\/\/ctainternacionales.org\/index.php?rest_route=\/wp\/v2\/types\/post"}],"author":[{"embeddable":true,"href":"https:\/\/ctainternacionales.org\/index.php?rest_route=\/wp\/v2\/users\/1"}],"replies":[{"embeddable":true,"href":"https:\/\/ctainternacionales.org\/index.php?rest_route=%2Fwp%2Fv2%2Fcomments&post=1968"}],"version-history":[{"count":3,"href":"https:\/\/ctainternacionales.org\/index.php?rest_route=\/wp\/v2\/posts\/1968\/revisions"}],"predecessor-version":[{"id":1970,"href":"https:\/\/ctainternacionales.org\/index.php?rest_route=\/wp\/v2\/posts\/1968\/revisions\/1970"}],"wp:attachment":[{"href":"https:\/\/ctainternacionales.org\/index.php?rest_route=%2Fwp%2Fv2%2Fmedia&parent=1968"}],"wp:term":[{"taxonomy":"category","embeddable":true,"href":"https:\/\/ctainternacionales.org\/index.php?rest_route=%2Fwp%2Fv2%2Fcategories&post=1968"},{"taxonomy":"post_tag","embeddable":true,"href":"https:\/\/ctainternacionales.org\/index.php?rest_route=%2Fwp%2Fv2%2Ftags&post=1968"}],"curies":[{"name":"wp","href":"https:\/\/api.w.org\/{rel}","templated":true}]}}