{"id":1961,"date":"2014-05-28T04:51:56","date_gmt":"2014-05-28T04:51:56","guid":{"rendered":"http:\/\/www.ctainternacionales.org\/?p=1961"},"modified":"2014-05-28T04:51:56","modified_gmt":"2014-05-28T04:51:56","slug":"costa-rica-luego-de-tres-semanas-de-huelga-docentes-entregan-propuesta-y-se-asoma-una-solucion","status":"publish","type":"post","link":"https:\/\/ctainternacionales.org\/?p=1961","title":{"rendered":"Costa Rica: luego de tres semanas de huelga, docentes entregan propuesta y se asoma una soluci\u00f3n"},"content":{"rendered":"<p>Al fin se asoma una soluci\u00f3n a la huelga de educadores que hoy entr\u00f3 a su cuarta semana. As\u00ed lo confirm\u00f3 ayer a DIARIO EXTRA, Gilberth D\u00edaz, presidente del Sindicato de Trabajadores de la Educaci\u00f3n (SEC).<br \/>\nTajantemente advirti\u00f3 ayer que mientras no haya un acuerdo satisfactorio la huelga continuar\u00e1.<\/p>\n<p><!--more--><!--more--><\/p>\n<p>Al fin se asoma una soluci\u00f3n a la huelga de educadores que hoy entr\u00f3 a su cuarta semana. As\u00ed lo confirm\u00f3 ayer a DIARIO EXTRA, Gilberth D\u00edaz, presidente del Sindicato de Trabajadores de la Educaci\u00f3n (SEC).<br \/>\nTajantemente advirti\u00f3 ayer que mientras no haya un acuerdo satisfactorio la huelga continuar\u00e1.<\/p>\n<p>Al fin se asoma una soluci\u00f3n a la huelga de educadores que hoy entr\u00f3 a su cuarta semana. As\u00ed lo confirm\u00f3 ayer a DIARIO EXTRA, Gilberth D\u00edaz, presidente del Sindicato de Trabajadores de la Educaci\u00f3n (SEC).<\/p>\n<p>Tajantemente advirti\u00f3 ayer que mientras no haya un acuerdo satisfactorio la huelga continuar\u00e1.<\/p>\n<p>El sindicalista coment\u00f3 que desde hace d\u00edas le est\u00e1n preparando una propuesta de soluci\u00f3n a la ministra de Educaci\u00f3n, Sonia Marta Mora, la ten\u00edan preparada pero a la \u00faltima reuni\u00f3n no se present\u00f3 por lo que no la entregaron, quienes estaban presentes en la cita eran\u00a0 los viceministros de Trabajo y Educaci\u00f3n, que no han estado en todas las sesiones de trabajo.<\/p>\n<p><strong>SI GOBIERNO ACEPTA,<br \/>\nHUELGA TERMINA MA\u00d1ANA<\/strong><\/p>\n<p>Coment\u00f3 que la propuesta la maduraron todos los gremios del Bloque Sindical y podr\u00eda ser el inicio de una verdadera negociaci\u00f3n. \u201cNosotros queremos una verdadera negociaci\u00f3n y no imposiciones del Gobierno. Somos los m\u00e1s interesados en llegar a un acuerdo y as\u00ed reanudar las lecciones lo antes posible\u201d, agreg\u00f3 D\u00edaz.<\/p>\n<p>Explic\u00f3 que las propuestas se basan en fechas de pago que el mismo Gobierno hab\u00eda dado y responsabilidades adicionales de la comisi\u00f3n bipartita que le dar\u00eda seguimiento a las resoluciones.<\/p>\n<p>\u201cMa\u00f1ana (hoy para los lectores) sigue la huelga. Los de San Jos\u00e9 nos concentraremos en el Parque Central y de ah\u00ed marcharemos al edificio Rofas, donde esperamos que nos atienda la Ministra para entregarle y propuesta y pedirle que iniciemos una verdadera negociaci\u00f3n para solucionar la huelga. Son ellos los que han alargado la soluci\u00f3n\u201d, acot\u00f3 el sindicalista.<\/p>\n<p>Para D\u00edaz a cuatro semanas de huelga, el movimiento se mantiene m\u00e1s fuerte, pero ya es hora de negociar en serio una salida al conflicto.<\/p>\n<p>Explic\u00f3 que espera que se cumpla al pie de la letra el compromiso del Poder Ejecutivo de hoy a las 10 p.m. pagar el salario ordinario de la segunda quincena de mayo y adem\u00e1s los pagos extraordinarios, adem\u00e1s, los salarios atrasados\u00a0 de abril y la primera quincena de este mismo mes. Para el jueves 29 estar\u00edan pagando los sueldos atrasados de febrero y marzo, claro con todo y los recargos, aumentos de lecciones y otros componentes.<\/p>\n<p>\u201cEllos son los que pusieron las fechas, por lo que nosotros solo la pusimos en el acuerdo para que las cumplan\u201d, dijo D\u00edaz.<\/p>\n<p><strong>NO HABR\u00c1 REBAJOS NI REPRESALIAS<\/strong><\/p>\n<p>Adicionalmente, el documento contempla la no aplicaci\u00f3n de represalias de ninguna \u00edndole para los docentes y estudiantes por haber participado en la huelga. Tampoco habr\u00e1 rebajas de salarios, ni se modificar\u00e1n los periodos de vacaciones por la manifestaci\u00f3n.<\/p>\n<p>Adem\u00e1s, piden que el gobierno se comprometa a que el pago de incentivo de zona de menor desarrollo, aguinaldos y el salario escolar 2015, no sufrir\u00e1n ninguna afectaci\u00f3n por los problemas de cancelaci\u00f3n que dieron origen al conflicto.<\/p>\n<p>Tambi\u00e9n,\u00a0 se debe realizar una investigaci\u00f3n y entregar un informe sobre el funcionamiento del sistema Integra2, a m\u00e1s tardar el 30 de agosto del 2014, con el fin de que el Magisterio Nacional conozca las causas de los problemas que generaron el conflicto y las soluciones aplicadas.<\/p>\n<p><strong>PAGO DE INTERESES POR LOS ATRASOS<\/strong><\/p>\n<p>Uno de los aspectos novedosos dentro de la propuesta es solicitar al gobierno que reconozca el pago de intereses legales acumulados por mora en la cancelaci\u00f3n de los salarios, previo reclamo de las personas afectadas, en reconocimiento de los perjuicios causados, sin que ello impida que tales involucrados puedan recurrir ante los Tribunales de Justicia, a realizar las acciones judiciales que correspondan. Dicho pago deber\u00e1 realizarse en el plazo m\u00e1ximo de 6 meses a partir de la presentaci\u00f3n del reclamo.<\/p>\n<p>Asimismo, el Ministerio de Educaci\u00f3n P\u00fablica y\u00a0 las organizaciones gremiales asumir\u00e1n el compromiso de velar por la recuperaci\u00f3n\u00a0 pedag\u00f3gica de las lecciones no impartidas a causa del paro.<\/p>\n","protected":false},"excerpt":{"rendered":"Al fin se asoma una soluci\u00f3n a la huelga de educadores que hoy entr\u00f3 a su cuarta semana. As\u00ed lo confirm\u00f3 ayer a \n<a class=\"moretag\" href=\"https:\/\/ctainternacionales.org\/?p=1961\"> [...]<\/a>","protected":false},"author":1,"featured_media":0,"comment_status":"closed","ping_status":"closed","sticky":false,"template":"","format":"standard","meta":{"ngg_post_thumbnail":0,"footnotes":""},"categories":[],"tags":[],"class_list":["post-1961","post","type-post","status-publish","format-standard","hentry"],"_links":{"self":[{"href":"https:\/\/ctainternacionales.org\/index.php?rest_route=\/wp\/v2\/posts\/1961","targetHints":{"allow":["GET"]}}],"collection":[{"href":"https:\/\/ctainternacionales.org\/index.php?rest_route=\/wp\/v2\/posts"}],"about":[{"href":"https:\/\/ctainternacionales.org\/index.php?rest_route=\/wp\/v2\/types\/post"}],"author":[{"embeddable":true,"href":"https:\/\/ctainternacionales.org\/index.php?rest_route=\/wp\/v2\/users\/1"}],"replies":[{"embeddable":true,"href":"https:\/\/ctainternacionales.org\/index.php?rest_route=%2Fwp%2Fv2%2Fcomments&post=1961"}],"version-history":[{"count":1,"href":"https:\/\/ctainternacionales.org\/index.php?rest_route=\/wp\/v2\/posts\/1961\/revisions"}],"predecessor-version":[{"id":1962,"href":"https:\/\/ctainternacionales.org\/index.php?rest_route=\/wp\/v2\/posts\/1961\/revisions\/1962"}],"wp:attachment":[{"href":"https:\/\/ctainternacionales.org\/index.php?rest_route=%2Fwp%2Fv2%2Fmedia&parent=1961"}],"wp:term":[{"taxonomy":"category","embeddable":true,"href":"https:\/\/ctainternacionales.org\/index.php?rest_route=%2Fwp%2Fv2%2Fcategories&post=1961"},{"taxonomy":"post_tag","embeddable":true,"href":"https:\/\/ctainternacionales.org\/index.php?rest_route=%2Fwp%2Fv2%2Ftags&post=1961"}],"curies":[{"name":"wp","href":"https:\/\/api.w.org\/{rel}","templated":true}]}}