{"id":1954,"date":"2014-05-27T23:39:49","date_gmt":"2014-05-27T23:39:49","guid":{"rendered":"http:\/\/www.ctainternacionales.org\/?p=1954"},"modified":"2014-05-30T15:25:50","modified_gmt":"2014-05-30T15:25:50","slug":"la-cta-ratifica-las-elecciones-pese-a-la-intervencion-del-ministerio-de-trabajo","status":"publish","type":"post","link":"https:\/\/ctainternacionales.org\/?p=1954","title":{"rendered":"La CTA ratifica las elecciones pese a la intervenci\u00f3n del Ministerio de Trabajo"},"content":{"rendered":"<p><a href=\"http:\/\/www.ctainternacionales.org\/wp-content\/uploads\/2014\/05\/Foto-web.jpg\"><img loading=\"lazy\" decoding=\"async\" class=\"aligncenter size-thumbnail wp-image-1955\" title=\"Foto-web\" src=\"http:\/\/www.ctainternacionales.org\/wp-content\/uploads\/2014\/05\/Foto-web-307x191.jpg\" alt=\"\" width=\"307\" height=\"191\" \/><\/a><\/p>\n<p>La CTA rechaza la resoluci\u00f3n del Ministerio de Trabajo de la Naci\u00f3n que pretende juzgar la validez de la convocatoria a elecciones formulada por esta Central a 45 a\u00f1os del Cordobazo y reafirma que, pese a la intromisi\u00f3n del Gobierno, este jueves m\u00e1s de un mill\u00f3n de trabajadores y trabajadoras elegir\u00e1n la nueva conducci\u00f3n que regir\u00e1 los destinos de la CTA por los pr\u00f3ximos 4 a\u00f1os.<!--more--><\/p>\n<p><a href=\"https:\/\/www.youtube.com\/watch?v=rcDZx3rAX7w\">click para ver video Entrevisa a Ricardo Peidro y Maria de las Mercedes Gonzalez <\/a><\/p>\n<p>La CTA rechaza la resoluci\u00f3n del Ministerio de Trabajo de la Naci\u00f3n que pretende juzgar la validez de la convocatoria a elecciones formulada por esta Central a 45 a\u00f1os del Cordobazo y reafirma que, pese a la intromisi\u00f3n del Gobierno, este jueves m\u00e1s de un mill\u00f3n de trabajadores y trabajadoras elegir\u00e1n la nueva conducci\u00f3n que regir\u00e1 los destinos de la CTA por los pr\u00f3ximos 4 a\u00f1os.<\/p>\n<p>En horas de la tarde lleg\u00f3 a la Sede Nacional de la CTA una resoluci\u00f3n del Ministerio de Trabajo en la que despu\u00e9s de los remanidos argumentos de siempre, decide \u201cdesconocer la validez de la convocatoria y la eventual realizaci\u00f3n de las elecciones generales convocadas para el 29 de mayo\u201d.<\/p>\n<p>Para la CTA, el Ministerio de Trabajo carece de facultades para entender en los procesos electorales de los sindicatos en general, mucho m\u00e1s en el caso de la Central teniendo en cuenta la existencia de una clara connivencia pol\u00edtica entre el Gobierno y el impugnante. Esta nueva maniobra del ministro Carlos Tomada demuestra una vez m\u00e1s, y por si hiciera falta, su simbiosis con el grupo de Hugo Yasky, firmante de la pretendida impugnaci\u00f3n a los comicios leg\u00edtimamente convocados por la Central.<\/p>\n<p>La delegaci\u00f3n de la CTA que se apresta a participar en Ginebra de la 103 Conferencia de la OIT, presentar\u00e1 nuevamente una queja a las intromisiones del Gobierno argentino que vuelve a atentar contra el derecho a la libertad y la democracia sindical, entrometi\u00e9ndose en la vida institucional de esta central de trabajadores por concretos e indisimulables intereses pol\u00edticos del partido gobernante.<\/p>\n<p>Por estas razones, para reafirmar la realizaci\u00f3n de las elecciones de la CTA de este jueves a lo largo y ancho del pa\u00eds y para explicitar los fundamentos del rechazo a este nuevo operativo del poder, se convoca a una Conferencia de Prensa para este martes 27 de mayo a las 17 horas en la Sede Nacional de la Central, Lima 609, de la Ciudad Aut\u00f3noma de Buenos Aires.<\/p>\n<hr \/>\n","protected":false},"excerpt":{"rendered":"La CTA rechaza la resoluci\u00f3n del Ministerio de Trabajo de la Naci\u00f3n que pretende juzgar la validez de la convocatoria a elecciones formulada \n<a class=\"moretag\" href=\"https:\/\/ctainternacionales.org\/?p=1954\"> [...]<\/a>","protected":false},"author":1,"featured_media":0,"comment_status":"closed","ping_status":"closed","sticky":false,"template":"","format":"standard","meta":{"ngg_post_thumbnail":0,"footnotes":""},"categories":[],"tags":[],"class_list":["post-1954","post","type-post","status-publish","format-standard","hentry"],"_links":{"self":[{"href":"https:\/\/ctainternacionales.org\/index.php?rest_route=\/wp\/v2\/posts\/1954","targetHints":{"allow":["GET"]}}],"collection":[{"href":"https:\/\/ctainternacionales.org\/index.php?rest_route=\/wp\/v2\/posts"}],"about":[{"href":"https:\/\/ctainternacionales.org\/index.php?rest_route=\/wp\/v2\/types\/post"}],"author":[{"embeddable":true,"href":"https:\/\/ctainternacionales.org\/index.php?rest_route=\/wp\/v2\/users\/1"}],"replies":[{"embeddable":true,"href":"https:\/\/ctainternacionales.org\/index.php?rest_route=%2Fwp%2Fv2%2Fcomments&post=1954"}],"version-history":[{"count":7,"href":"https:\/\/ctainternacionales.org\/index.php?rest_route=\/wp\/v2\/posts\/1954\/revisions"}],"predecessor-version":[{"id":1958,"href":"https:\/\/ctainternacionales.org\/index.php?rest_route=\/wp\/v2\/posts\/1954\/revisions\/1958"}],"wp:attachment":[{"href":"https:\/\/ctainternacionales.org\/index.php?rest_route=%2Fwp%2Fv2%2Fmedia&parent=1954"}],"wp:term":[{"taxonomy":"category","embeddable":true,"href":"https:\/\/ctainternacionales.org\/index.php?rest_route=%2Fwp%2Fv2%2Fcategories&post=1954"},{"taxonomy":"post_tag","embeddable":true,"href":"https:\/\/ctainternacionales.org\/index.php?rest_route=%2Fwp%2Fv2%2Ftags&post=1954"}],"curies":[{"name":"wp","href":"https:\/\/api.w.org\/{rel}","templated":true}]}}