{"id":1950,"date":"2014-05-27T23:36:06","date_gmt":"2014-05-27T23:36:06","guid":{"rendered":"http:\/\/www.ctainternacionales.org\/?p=1950"},"modified":"2014-05-27T23:36:30","modified_gmt":"2014-05-27T23:36:30","slug":"ginebra-la-cta-en-la-103o-conferencia-de-la-oit","status":"publish","type":"post","link":"https:\/\/ctainternacionales.org\/?p=1950","title":{"rendered":"Ginebra La CTA en la 103\u00ba Conferencia de la OIT"},"content":{"rendered":"<p><a href=\"http:\/\/www.ctainternacionales.org\/wp-content\/uploads\/2014\/05\/wcms_216515.jpg\"><img loading=\"lazy\" decoding=\"async\" class=\"aligncenter size-thumbnail wp-image-1951\" title=\"wcms_216515\" src=\"http:\/\/www.ctainternacionales.org\/wp-content\/uploads\/2014\/05\/wcms_216515-307x163.jpg\" alt=\"\" width=\"307\" height=\"163\" \/><\/a><\/p>\n<p>Luego de la destacada participaci\u00f3n de la CTA en el Tercer Congreso de la Confederaci\u00f3n Sindical Internacional (CSI), la que consagrara a nuestro Secretario de Relaciones Internacionales, Adolfo \u00abFito\u00bb Aguirre, como miembro del Consejo Directivo de la CSI, la CTA llega a Ginebra con una fuerte delegaci\u00f3n presidida por Jos\u00e9 Rigane y Daniel Jorajur\u00eda, secretario Adjunto y Gremial de la CTA, respectivamente.<!--more--><\/p>\n<p>Luego de la destacada participaci\u00f3n de la CTA en el Tercer Congreso de la Confederaci\u00f3n Sindical Internacional (CSI), la que consagrara a nuestro Secretario de Relaciones Internacionales, Adolfo \u00abFito\u00bb Aguirre, como miembro del Consejo Directivo de la CSI, la CTA llega a Ginebra con una fuerte delegaci\u00f3n presidida por Jos\u00e9 Rigane y Daniel Jorajur\u00eda, secretario Adjunto y Gremial de la CTA, respectivamente.<\/p>\n<div id=\"extra\">\n<div>\n<p>participaci\u00f3n de la CTA en el Tercer Congreso de la Confederaci\u00f3n Sindical Internacional (CSI), la que consagrara a nuestro Secretario de Relaciones Internacionales, Adolfo \u00abFito\u00bb Aguirre, como miembro del Consejo Directivo de la CSI, la CTA llega a Ginebra con una fuerte delegaci\u00f3n presidida por Jos\u00e9 Rigane y Daniel Jorajur\u00eda, secretario Adjunto y Gremial de la CTA, respectivamente.<\/p>\n<\/div>\n<div id=\"socialtag\"><\/div>\n<\/div>\n<div id=\"artictexto\">\n<div>\n<p><img loading=\"lazy\" decoding=\"async\" src=\"http:\/\/www.agenciacta.org\/IMG\/jpg\/wcms_216515.jpg\" alt=\"\" width=\"400\" height=\"213\" \/><\/p>\n<p>\u00abEstar\u00e1n acompa\u00f1ados por Hugo Blasco, secretario de Derechos Humanos; Guillermo Pacanini, secretario Gremial de la FESPROSA; Rub\u00e9n Garrido, director de Relaciones Internacionales de ATE; Carlos Ord\u00f3\u00f1ez, secretario General de la Federaci\u00f3n Judicial Argentina (FJA-CTA) y el director del Departamento Jur\u00eddico, Horacio Meguira.<\/p>\n<p>\u00abEste mi\u00e9rcoles 28 de mayo en el Palacio de las Naciones de Ginebra, Suiza, ser\u00e1 la ceremonia inaugural donde estar\u00e1n presentes las delegaciones tripartitas de 185 pa\u00edses. All\u00ed se dar\u00e1 el informe de la Presidenta del Consejo de Administraci\u00f3n (\u00f3rgano ejecutivo); la Memoria del Director General, Guy Ryder, y los discursos de los presidentes de cada uno de los grupos de Empleadores, Trabajadores y Gobiernos\u00bb.<\/p>\n<h3>\u00bfQu\u00e9 es la Conferencia y qu\u00e9 tarea realiza?<\/h3>\n<p>\u00abEn primer lugar, debemos decir que la Organizaci\u00f3n Internacional del Trabajo (OIT) es el \u00fanico \u00d3rgano de las Naciones Unidas donde participan con voz y voto los trabajadores. La Conferencia se re\u00fane anualmente en Ginebra, en el mes de junio, y es el m\u00e1ximo \u00f3rgano decisorio de la OIT. Una especie de \u00abParlamento Mundial\u00bb de los derechos laborales.<\/p>\n<p>La Conferencia es el \u00e1mbito donde se aprueban (adoptan) las Recomendaciones y los Convenios Internacionales del Trabajo, que luego de ser ratificados por los pa\u00edses miembros, se vuelven obligatorios y vinculantes para ellos y deben incorporarlos a sus legislaciones nacionales. Es decir, en estos Convenios de la OIT, est\u00e1n contenidas todas las luchas del movimiento obrero mundial plasmadas en Derechos; las Recomendaciones, son el programa pol\u00edtico que deben llevar adelante los pa\u00edses para el cumplimiento de los convenios\u00bb.<\/p>\n<h3>\u00bfCu\u00e1l es la agenda y el plan de trabajo de este a\u00f1o?<\/h3>\n<p>\u00abLa Conferencia funciona en comisiones y sus resoluciones se aprueban en plenaria. La Comisi\u00f3n de Aplicaci\u00f3n de Normas (CAN) este a\u00f1o, adem\u00e1s del juzgamiento de los casos de violaciones a los Convenios de la OIT de 25 pa\u00edses, tiene inscriptos en la agenda: Una discusi\u00f3n sobre los objetivos estrat\u00e9gicos del empleo, es decir, los desaf\u00edos y la lucha por un empleo pleno, digno, productivo y libremente elegido. Con los retos de la desigualdad de genero, el desempleo joven y las altas tasas de informalidad. Esto implica un rol m\u00e1s profundo del Estado y los actores sociales. Esto no puede quedar librado al mercado sino resuelto por la pol\u00edtica.<\/p>\n<p>El otro tema que abordar\u00e1 ser\u00e1 una discusi\u00f3n sobre el Salario M\u00ecnimo. All\u00ed la OIT deber\u00e1 elaborar un programa de trabajo para promover la ratificaci\u00f3n y aplicaci\u00f3n del Convenio 131, cuyo mandato es velar por la seguridad de los ingresos. En \u00e9pocas de crisis juega un papel crucial el salario m\u00ednimo en la lucha contra la pobreza y la desigualdad as\u00ed como en la preservaci\u00f3n del poder adquisitivo de los trabajadores. En nuestro pa\u00eds tiene dos asignaturas pendientes como es la extensi\u00f3n a todos los asalariados y la ratificaci\u00f3n del convenio 131. Por \u00faltimo la CAN debe aprobar una enmienda al c\u00f3digo del Convenio sobre el Trabajo Mar\u00edtimo.<\/p>\n<p>En paralelo seccionar\u00e1 una comisi\u00f3n t\u00e9cnica que abordar\u00e1 la transici\u00f3n de la econom\u00eda informal a la econom\u00eda formal. La informalidad es otro tema fundamental que hoy padecen los trabajadores de cualquier actividad y tanto del sector privado como p\u00fablico, s\u00f3lo en Am\u00e9rica Latina 130 millones de trabajadores lo padecen y la Conferencia deber\u00e1 dar respuesta a esta problem\u00e1tica. La CSI Y la CSA han desarrollado un plan de trabajo hacia la conferencia donde la CTA ha tenido un papel protag\u00f3nico y ser\u00e1 parte de la Comisi\u00f3n.<\/p>\n<p>Por \u00faltimo, la otra Comisi\u00f3n de la Conferencia abordar\u00e1 el trabajo forzoso. Abordar\u00e1 las lagunas y reforzar\u00e1 las medidas de prevenci\u00f3n, protecci\u00f3n e indemnizaci\u00f3n de las v\u00edctimas con vistas a la eliminaci\u00f3n del trabajo forzoso. Si bien una de las primeras luchas por los Derechos Humanos en la historia moderna, la abolici\u00f3n de la esclavitud y el trabajo forzoso; 21 millones hombres, mujeres y ni\u00f1os son v\u00edctimas, del trabajo forzoso y de ellos. El Convenio 29 sobre trabajo forzoso, exige a los estados que el trabajo forzoso sea sancionado penalmente porque no es una violaci\u00f3n cualquiera, sino un acto criminal\u00bb.<\/p>\n<h3>\u00bfQu\u00e9 desaf\u00edos lleva la CTA este a\u00f1o?<\/h3>\n<p>\u00abDesde la asunci\u00f3n de Pablo Micheli como secretario general, la CTA continu\u00f3 creciendo en el prestigio internacional y el trabajo de \u00abFito\u00bb Aguirre en la CCSCS, en la CSA y ahora en el Consejo Directivo de la CSI es una demostraci\u00f3n de ello lo que, a no dudarlo, incrementa nuestras responsabilidades. Lo que est\u00e1 claro es que la CTA que conduce Pablo Micheli no va a Ginebra como otros a aplaudir al gobierno de turno, sino a demandar los reclamos de los trabajadores.<\/p>\n<p>En este sentido, como grupo trabajador estaremos atentos a los ataques sistem\u00e1ticos que llevan adelante los empleadores desde la 101\u00b0 Conferencia, al sistema normativo de la OIT; intentando debilitar a la CAN y a la Comisi\u00f3n de Expertos, cuestionando el sistema de Normas y los \u00f3rganos de control de la OIT.<\/p>\n<p>Nosotros mantendremos los compromisos y el seguimiento de las normas y procedimientos de la OIT. All\u00ed tenemos aprobados con la lucha de los trabajadores un piso de derechos laborales y un mecanismo de control eficaz que no podemos perder. Adem\u00e1s, la CTA llevar\u00e1 sus propuestas concretas a cada una de las comisiones conjuntamente con sus reclamos espec\u00edficos: Por su reconocimiento legal, y la adecuaci\u00f3n de la legislaci\u00f3n argentina al Convenio 87, cuestionada en 18 oportunidades por OIT. En este tema llevamos una abundante documentaci\u00f3n para solicitarles a las centrales de todo el mundo su solidaridad para que el a\u00f1o que viene se trate el Caso Argentino.<\/p>\n<p>Espec\u00edficamente en cuanto a la violaci\u00f3n de los derechos de libertad sindical en la pr\u00e1ctica, plantearemos el agravamiento de las violaciones de los Derechos Humanos y la criminalizaci\u00f3n de la protesta social, llevaremos entre otro, tres casos paradigm\u00e1ticos:<\/p>\n<p>1) La Ley Antiterrorista, como represora de la protesta social.<\/p>\n<p>2) Los trabajadores petroleros condenados a cadena perpetua. Para quienes pediremos la firma de respaldo internacional de las centrales presentes.<\/p>\n<p>3) El caso de diego Silveira, un joven dirigente del Sindicato de los Trabajadores del Mercado Central de Posadas, Misiones, detenido y torturado luego de una acci\u00f3n sindical\u00bb.<\/p>\n<p><strong>Fuente: Daniel Jorajur\u00eda, secretario Gremial de la CTA<\/strong><\/p>\n<div><strong><br \/>\n<\/strong><\/div>\n<\/div>\n<\/div>\n","protected":false},"excerpt":{"rendered":"Luego de la destacada participaci\u00f3n de la CTA en el Tercer Congreso de la Confederaci\u00f3n Sindical Internacional (CSI), la que consagrara a nuestro \n<a class=\"moretag\" href=\"https:\/\/ctainternacionales.org\/?p=1950\"> [...]<\/a>","protected":false},"author":1,"featured_media":0,"comment_status":"closed","ping_status":"closed","sticky":false,"template":"","format":"standard","meta":{"ngg_post_thumbnail":0,"footnotes":""},"categories":[],"tags":[],"class_list":["post-1950","post","type-post","status-publish","format-standard","hentry"],"_links":{"self":[{"href":"https:\/\/ctainternacionales.org\/index.php?rest_route=\/wp\/v2\/posts\/1950","targetHints":{"allow":["GET"]}}],"collection":[{"href":"https:\/\/ctainternacionales.org\/index.php?rest_route=\/wp\/v2\/posts"}],"about":[{"href":"https:\/\/ctainternacionales.org\/index.php?rest_route=\/wp\/v2\/types\/post"}],"author":[{"embeddable":true,"href":"https:\/\/ctainternacionales.org\/index.php?rest_route=\/wp\/v2\/users\/1"}],"replies":[{"embeddable":true,"href":"https:\/\/ctainternacionales.org\/index.php?rest_route=%2Fwp%2Fv2%2Fcomments&post=1950"}],"version-history":[{"count":2,"href":"https:\/\/ctainternacionales.org\/index.php?rest_route=\/wp\/v2\/posts\/1950\/revisions"}],"predecessor-version":[{"id":1953,"href":"https:\/\/ctainternacionales.org\/index.php?rest_route=\/wp\/v2\/posts\/1950\/revisions\/1953"}],"wp:attachment":[{"href":"https:\/\/ctainternacionales.org\/index.php?rest_route=%2Fwp%2Fv2%2Fmedia&parent=1950"}],"wp:term":[{"taxonomy":"category","embeddable":true,"href":"https:\/\/ctainternacionales.org\/index.php?rest_route=%2Fwp%2Fv2%2Fcategories&post=1950"},{"taxonomy":"post_tag","embeddable":true,"href":"https:\/\/ctainternacionales.org\/index.php?rest_route=%2Fwp%2Fv2%2Ftags&post=1950"}],"curies":[{"name":"wp","href":"https:\/\/api.w.org\/{rel}","templated":true}]}}