{"id":1944,"date":"2014-05-26T06:14:01","date_gmt":"2014-05-26T06:14:01","guid":{"rendered":"http:\/\/www.ctainternacionales.org\/?p=1944"},"modified":"2014-05-26T06:23:10","modified_gmt":"2014-05-26T06:23:10","slug":"la-cta-en-la-conduccion-de-la-csi-intervencion-de-fito-aguirre","status":"publish","type":"post","link":"https:\/\/ctainternacionales.org\/?p=1944","title":{"rendered":"La CTA en la conducci\u00f3n de la CSI -Intervenci\u00f3n de Fito Aguirre-"},"content":{"rendered":"<p><a href=\"https:\/\/www.youtube.com\/watch?v=_ZOw8oPTpNw\">Click para ver video Intervenci\u00f3n de Adolfo Aguirre en III Congreso CSI<\/a><\/p>\n<p>La Central de Trabajadores de la Argentina, a trav\u00e9s de un comunicado firmado por su secretario General Pablo Micheli, confirm\u00f3 que entre las flamantes autoridades electas en el Tercer Congreso Mundial de la Confederaci\u00f3n Sindical Internacional (CSI) realizado en la ciudad de Berl\u00edn, Alemania, figura como miembro del Consejo General, Adolfo \u201cFito\u201d Aguirre, Secretario de Relaciones Internacionales de la CTA.<!--more--><!--more--><\/p>\n<p><a href=\"https:\/\/www.youtube.com\/watch?v=_ZOw8oPTpNw\">Click para ver video Intervenci\u00f3n de Adolfo Aguirre en III Congreso CSI<\/a><\/p>\n<p>La Central de Trabajadores de la Argentina, a trav\u00e9s de un comunicado firmado por su secretario General Pablo Micheli, confirm\u00f3 que entre las flamantes autoridades electas en el Tercer Congreso Mundial de la Confederaci\u00f3n Sindical Internacional (CSI) realizado en la ciudad de Berl\u00edn, Alemania, figura como miembro del Consejo General, Adolfo \u201cFito\u201d Aguirre, Secretario de Relaciones Internacionales de la CTA.<\/p>\n<p>Este logro se inscribe en la pol\u00edtica de internacionalismo de la CTA y la clase trabajadora para hacer frente al neoliberalismo. Mientras que el Gobierno argentino desconoce a la CTA en su reclamo por la libertad y democracia sindical y le niega la personer\u00eda gremial, la elecci\u00f3n de \u00abFito\u00bb Aguirre como miembro del la conducci\u00f3n de la CSI, da cuenta del reconocimiento a la Central en las m\u00e1s altas esferas del sindicalismo mundial.<\/p>\n<p>Cabe destacar que la CSI es la Central Sindical m\u00e1s grande del mundo, nuclea a 325 centrales, afiliadas con una representaci\u00f3n de 161 pa\u00edses que significan un total de 176 millones de miembros.<\/p>\n<p><iframe loading=\"lazy\" title=\"Congreso CSI Intervenci\u00f3n de Adolfo Aguirre CTA\" width=\"747\" height=\"420\" src=\"https:\/\/www.youtube.com\/embed\/_ZOw8oPTpNw?feature=oembed\" frameborder=\"0\" allow=\"accelerometer; autoplay; clipboard-write; encrypted-media; gyroscope; picture-in-picture; web-share\" allowfullscreen><\/iframe><\/p>\n","protected":false},"excerpt":{"rendered":"Click para ver video Intervenci\u00f3n de Adolfo Aguirre en III Congreso CSI La Central de Trabajadores de la Argentina, a trav\u00e9s de un \n<a class=\"moretag\" href=\"https:\/\/ctainternacionales.org\/?p=1944\"> [...]<\/a>","protected":false},"author":1,"featured_media":0,"comment_status":"closed","ping_status":"closed","sticky":false,"template":"","format":"standard","meta":{"ngg_post_thumbnail":0,"footnotes":""},"categories":[],"tags":[],"class_list":["post-1944","post","type-post","status-publish","format-standard","hentry"],"_links":{"self":[{"href":"https:\/\/ctainternacionales.org\/index.php?rest_route=\/wp\/v2\/posts\/1944","targetHints":{"allow":["GET"]}}],"collection":[{"href":"https:\/\/ctainternacionales.org\/index.php?rest_route=\/wp\/v2\/posts"}],"about":[{"href":"https:\/\/ctainternacionales.org\/index.php?rest_route=\/wp\/v2\/types\/post"}],"author":[{"embeddable":true,"href":"https:\/\/ctainternacionales.org\/index.php?rest_route=\/wp\/v2\/users\/1"}],"replies":[{"embeddable":true,"href":"https:\/\/ctainternacionales.org\/index.php?rest_route=%2Fwp%2Fv2%2Fcomments&post=1944"}],"version-history":[{"count":5,"href":"https:\/\/ctainternacionales.org\/index.php?rest_route=\/wp\/v2\/posts\/1944\/revisions"}],"predecessor-version":[{"id":1947,"href":"https:\/\/ctainternacionales.org\/index.php?rest_route=\/wp\/v2\/posts\/1944\/revisions\/1947"}],"wp:attachment":[{"href":"https:\/\/ctainternacionales.org\/index.php?rest_route=%2Fwp%2Fv2%2Fmedia&parent=1944"}],"wp:term":[{"taxonomy":"category","embeddable":true,"href":"https:\/\/ctainternacionales.org\/index.php?rest_route=%2Fwp%2Fv2%2Fcategories&post=1944"},{"taxonomy":"post_tag","embeddable":true,"href":"https:\/\/ctainternacionales.org\/index.php?rest_route=%2Fwp%2Fv2%2Ftags&post=1944"}],"curies":[{"name":"wp","href":"https:\/\/api.w.org\/{rel}","templated":true}]}}