{"id":1941,"date":"2014-05-26T06:05:46","date_gmt":"2014-05-26T06:05:46","guid":{"rendered":"http:\/\/www.ctainternacionales.org\/?p=1941"},"modified":"2014-05-26T06:05:46","modified_gmt":"2014-05-26T06:05:46","slug":"la-cta-formara-parte-de-comite-ejecutivo-de-la-csi-entrevista-al-presidente-de-la-csi-joao-felicito","status":"publish","type":"post","link":"https:\/\/ctainternacionales.org\/?p=1941","title":{"rendered":"La CTA formar\u00e1 parte de Comite Ejecutivo de la CSI Entrevista al Presidente de la CSI Joao Felicito"},"content":{"rendered":"<p><a href=\"http:\/\/www.ctainternacionales.org\/wp-content\/uploads\/2014\/05\/10330519_602903566472906_4103577524440690602_n-2-395e2.jpg\"><img loading=\"lazy\" decoding=\"async\" class=\"aligncenter size-thumbnail wp-image-1942\" title=\"10330519_602903566472906_4103577524440690602_n-2-395e2\" src=\"http:\/\/www.ctainternacionales.org\/wp-content\/uploads\/2014\/05\/10330519_602903566472906_4103577524440690602_n-2-395e2-307x230.jpg\" alt=\"\" width=\"307\" height=\"230\" \/><\/a><\/p>\n<p>El III Congreso de la Confederaci\u00f3n Sindical Internacional ( CSI), termin\u00f3 el viernes ( 23 ) con la elecci\u00f3n del profesor Jo\u00e3o Antonio Felicio la presidencia de la organizaci\u00f3n, que representa a m\u00e1s de 180 millones de trabajadores y trabajadoras en todo el mundo. Elegido por unanimidad por el Consejo de 1.500 delegados de 161 pa\u00edses presentes en Berl\u00edn, el presidente y el secretario actual, ex de Hacienda por el Centro de Asuntos Internacionales, ser\u00e1 el primero de Brasil y de Am\u00e9rica Latina para presidir la CSI.<!--more--><\/p>\n<p>El III Congreso de la Confederaci\u00f3n Sindical Internacional ( CSI), termin\u00f3 el viernes ( 23 ) con la elecci\u00f3n del profesor Jo\u00e3o Antonio Felicio la presidencia de la organizaci\u00f3n, que representa a m\u00e1s de 180 millones de trabajadores y trabajadoras en todo el mundo. Elegido por unanimidad por el Consejo de 1.500 delegados de 161 pa\u00edses presentes en Berl\u00edn, el presidente y el secretario actual, ex de Hacienda por el Centro de Asuntos Internacionales, ser\u00e1 el primero de Brasil y de Am\u00e9rica Latina para presidir la CSI.<\/p>\n<div>\n<p>Tambi\u00e9n fue electa Mar\u00eda Fernanda Carvalho de UNTA Angola como Vicepresidenta de la CSI y Sharan Burrow continuar\u00e1 como secretaria general de la CSI. Como dato saliente y a partir de la pol\u00edtica internacional que la CTA viene llevando a cabo, Adolfo \u00abFito\u00bb Aguirre en este nuevo proceso de mandato por primera vez formar\u00e1 parte del Comit\u00e9 Ejecutivo de la CSI.<\/p>\n<p><strong>-\u00bfCu\u00e1l es su evaluaci\u00f3n sobre las elecciones a la Presidencia de CSI?<\/strong><\/p>\n<p><img loading=\"lazy\" decoding=\"async\" src=\"http:\/\/www.agenciacta.org\/squelettes-dist\/puce.gif\" alt=\"-\" width=\"8\" height=\"11\" \/>\u00a0Hubo una participaci\u00f3n masiva de la Central sindical de todos los continentes en la definici\u00f3n de la candidatura y, posteriormente, en las elecciones. Por el sistema de rotaci\u00f3n desplegado en CSI, esta fue la vez de las Am\u00e9ricas, as\u00ed que antes de definir el nombre, consensuamos con \u00c1frica, Europa y Asia Central la necesidad de ampliar la representaci\u00f3n en consonancia con el momento pol\u00edtico que vivimos. Inicialmente debatimos internamente en articular y recibi\u00f3 el apoyo de la For\u00e7a Sindical, General Uni\u00f3n de trabajadores (UGT) y la Confederaci\u00f3n Nacional de las profesiones (CNPL), brasile\u00f1o de plantas que integran con nosotros la CSI. Este proceso de di\u00e1logo y consulta termin\u00f3 generando una enorme expectativa, porque por primera vez a Am\u00e9rica Latina, Am\u00e9rica del sur, se llega a la Presidencia de la entidad principal mundo obrero. Representamos el deseo de cambio expresado por cientos de centrales, que quieren que los avances en la pol\u00edtica y una gesti\u00f3n m\u00e1s participativa en CSI.<\/p>\n<p><strong>-\u00bfC\u00f3mo estos aportes se pondr\u00e1 en pr\u00e1ctica?<\/strong><\/p>\n<p><img loading=\"lazy\" decoding=\"async\" src=\"http:\/\/www.agenciacta.org\/squelettes-dist\/puce.gif\" alt=\"-\" width=\"8\" height=\"11\" \/>\u00a0Tengo amplia experiencia en la construcci\u00f3n de consenso. CSI tiene regional en los cinco continentes y quieres o\u00edr toda definici\u00f3n previa de cualquier pol\u00edtica. Toda Uni\u00f3n Central merecen un tratamiento igual, independientemente de su tama\u00f1o o su l\u00ednea pol\u00edtica. Creo que, con esta l\u00ednea de acci\u00f3n, cambiando las pr\u00e1cticas, cultura y pensamiento, vamos a ayudar a construir una entidad efectivamente m\u00e1s cerca de las necesidades de las bases, m\u00e1s presente en las luchas de los trabajadores.<\/p>\n<p><strong>-Una de las acciones puestas en circulaci\u00f3n en el corte se llama \u00abconsenso progresista\u00bb. \u00bfPuede ser una alternativa para aplicar este cambio en CSI?<\/strong><\/p>\n<p><img loading=\"lazy\" decoding=\"async\" src=\"http:\/\/www.agenciacta.org\/squelettes-dist\/puce.gif\" alt=\"-\" width=\"8\" height=\"11\" \/>\u00a0Las historias, los conceptos y las pr\u00e1cticas de cada central son diferentes, as\u00ed como sus posiciones pol\u00edticas. Por amplitud y representatividad, la CSI tiene que o\u00edr y escuchar mucho, aprovechar la riqueza de esta diversidad para convertirlo en una fuente permanente de energ\u00eda. No todo lo que creo que es consenso, no todo lo que el otro piensa es igual. Pero nadie puede encontrar al verdadero due\u00f1o o adoptar posturas de impuesto que no refleja la media de las entidades afiliadas. Esta es la mejor manera de avanzar, agregando, caminando juntos. Debemos incorporar todas las contribuciones, no podemos ignorar a nadie. De esta manera estamos construyendo, progresivamente, el consenso.<\/p>\n<p><strong>-\u00bfCu\u00e1l es su evaluaci\u00f3n sobre el papel de CSI en un contexto de deterioro econ\u00f3mico, particularmente en los pa\u00edses centrales del capitalismo. \u00bfQu\u00e9 hacer?<\/strong><\/p>\n<p><img loading=\"lazy\" decoding=\"async\" src=\"http:\/\/www.agenciacta.org\/squelettes-dist\/puce.gif\" alt=\"-\" width=\"8\" height=\"11\" \/>\u00a0Estamos viviendo en uno de los peores momentos de nuestra historia, donde los trabajadores en la mayor\u00eda de los pa\u00edses est\u00e1n siendo afectados por las reformas neoliberales que representan crisis de inseguridad, desempleo y salarios. Son medidas de privatizaci\u00f3n, desreguladoras, y que destruyen el estado, aplicado desde una fuerte alianza entre grandes empresas \u2013 ya sea financiera o de las multinacionales y los gobiernos. As\u00ed como organismos internacionales tales como el G-20, el Banco Mundial y el Fondo Monetario Internacional est\u00e1n alineados, presionando a los gobiernos para ceder a sus directrices, hay que sumar el que resiste a esa l\u00f3gica, eso debe cambiar. Esta unidad permanente entre los gobiernos neoliberales y la capital ha afectado la democracia, provocando el crecimiento de grupos de ultraderecha y fascistas en muchos pa\u00edses. Por eso el CSI debe ser consciente de esta disputa, fomentar campa\u00f1as para poner en el movimiento de la clase obrera. Hay pocos pa\u00edses en los que estamos logrando mantener puestos de trabajo, salarios y derechos con aumento real. El Brasil es uno de ellos. Para ello es necesario ir m\u00e1s all\u00e1 de la agenda de trabajo, necesitamos un nuevo modelo de desarrollo que es sostenible, dar prioridad a la distribuci\u00f3n del ingreso y la justicia social. Es necesario tener claro contra qui\u00e9n luchamos, estamos haciendo una opci\u00f3n pol\u00edtica por un modelo que representa el mundo del trabajo.<\/p>\n<p><strong>-\u00bfCu\u00e1les son las principales contradicciones que se afrontan?<\/strong><\/p>\n<p><img loading=\"lazy\" decoding=\"async\" src=\"http:\/\/www.agenciacta.org\/squelettes-dist\/puce.gif\" alt=\"-\" width=\"8\" height=\"11\" \/>\u00a0Yo creo que es la creciente concentraci\u00f3n de la renta. Es inaceptable que en el siglo 21, tenemos una peque\u00f1a elite de 300 multimillonarios con m\u00e1s recursos que los seres humanos 3 billones, la mitad de la poblaci\u00f3n mundial. Esta injusticia ha sido motor de la guerra y debido a los enfrentamientos, con cientos de miles de muertes en todo el planeta. Creo que esa imposici\u00f3n de grandes fortunas, legados y transacciones financieras ser\u00eda un paso importante, porque le dar\u00eda a las condiciones de los Estados para garantizar las pol\u00edticas p\u00fablicas, tales como salud, educaci\u00f3n y seguridad. Los recursos existen, pero est\u00e1n en muy pocas manos. Tambi\u00e9n tenemos que aumentar los salarios en el mundo desde entonces se han reducido en todo el mundo. Nunca o\u00ed que una empresa ha quebrado en la n\u00f3mina de sus empleados.<\/p>\n<p><strong>-Otro punto importante que se discute en el Congreso de CSI es el impacto de los acuerdos de libre comercio en el mundo del trabajo. \u00bfCu\u00e1l es tu opini\u00f3n?<\/strong><\/p>\n<p><img loading=\"lazy\" decoding=\"async\" src=\"http:\/\/www.agenciacta.org\/squelettes-dist\/puce.gif\" alt=\"-\" width=\"8\" height=\"11\" \/>\u00a0Los TLC han representado a los intereses de orden transnacional, con impactos muy negativos para nuestras econom\u00edas que generalmente terminan siendo reducido para plataforma de mano de obra barata y de productos primarios de exportaci\u00f3n. Bajo el mantra de la competitividad de nuestras econom\u00edas, los defensores del TLC abogan por la reducci\u00f3n de los derechos sociales y laborales. Es que un c\u00edrculo vicioso es perjudicial, es como estamos cavando m\u00e1s profundo y m\u00e1s profundo en el foso de la desigualdad y la injusticia. Este es un debate que debe profundizarse, como son los ejemplos de los efectos devastadores de tales pr\u00e1cticas. Queremos integrar econ\u00f3mica, pol\u00edtica, cultural y social, con respecto a la soberan\u00eda y la democracia de cada pa\u00eds.<\/p>\n<p><strong>-Dado el tama\u00f1o de este reto, \u00bfcu\u00e1l es la importancia de la democratizaci\u00f3n de los medios de comunicaci\u00f3n?<\/strong><\/p>\n<p><img loading=\"lazy\" decoding=\"async\" src=\"http:\/\/www.agenciacta.org\/squelettes-dist\/puce.gif\" alt=\"-\" width=\"8\" height=\"11\" \/>\u00a0La prensa en todo el mundo es profundamente antidemocr\u00e1tica, con agencias de noticias de convertirse en un monopolio, un folwark, que no trabajan para consolidar la democracia, sino para defender a intereses muy definidos, intereses de clase. El movimiento sindical que sabe porque sufre continuamente ataques para defender los derechos, empleos y salarios decentes, una agenda que contraviene la retirada propuesta por grandes anunciantes de estaciones de peri\u00f3dicos y revistas, radio y televisi\u00f3n. Creo que para avanzar, la CSI tendr\u00e1 que afinar y crear nuevas herramientas de comunicaci\u00f3n, intercambio de experiencias y el empoderamiento de las entidades afiliadas por diferencias pol\u00edticas e ideol\u00f3gicas, para que sus acciones tengan resonancia y prensa empresas y gobiernos. El CSI es una nueva organizaci\u00f3n y mucho necesita ser mejorada, principalmente al di\u00e1logo con los j\u00f3venes, incorporando estas decenas de millones de j\u00f3venes que llegan anualmente al mercado laboral con el fin de integrar la lucha. Lamentablemente los medios de comunicaci\u00f3n act\u00faa como un partido pol\u00edtico, como un brazo del capital para alienar y desinformar, para ver la enorme potencialidad de fuerza colectiva, exacerbando el individualismo. As\u00ed, junto a la lucha por la democratizaci\u00f3n de las comunicaciones en cada pa\u00eds, que necesitamos construir y mejorar nuestros propios medios.<\/p>\n<p><strong>Entrevista realizada por Leonardo Wexell Severo, compa\u00f1ero de la CUT de Brasil.<\/strong><\/p>\n<\/div>\n<div>* Equipo de Comunicaci\u00f3n de la CTA Nacional<\/div>\n","protected":false},"excerpt":{"rendered":"El III Congreso de la Confederaci\u00f3n Sindical Internacional ( CSI), termin\u00f3 el viernes ( 23 ) con la elecci\u00f3n del profesor Jo\u00e3o Antonio \n<a class=\"moretag\" href=\"https:\/\/ctainternacionales.org\/?p=1941\"> [...]<\/a>","protected":false},"author":1,"featured_media":0,"comment_status":"closed","ping_status":"closed","sticky":false,"template":"","format":"standard","meta":{"ngg_post_thumbnail":0,"footnotes":""},"categories":[],"tags":[],"class_list":["post-1941","post","type-post","status-publish","format-standard","hentry"],"_links":{"self":[{"href":"https:\/\/ctainternacionales.org\/index.php?rest_route=\/wp\/v2\/posts\/1941","targetHints":{"allow":["GET"]}}],"collection":[{"href":"https:\/\/ctainternacionales.org\/index.php?rest_route=\/wp\/v2\/posts"}],"about":[{"href":"https:\/\/ctainternacionales.org\/index.php?rest_route=\/wp\/v2\/types\/post"}],"author":[{"embeddable":true,"href":"https:\/\/ctainternacionales.org\/index.php?rest_route=\/wp\/v2\/users\/1"}],"replies":[{"embeddable":true,"href":"https:\/\/ctainternacionales.org\/index.php?rest_route=%2Fwp%2Fv2%2Fcomments&post=1941"}],"version-history":[{"count":1,"href":"https:\/\/ctainternacionales.org\/index.php?rest_route=\/wp\/v2\/posts\/1941\/revisions"}],"predecessor-version":[{"id":1943,"href":"https:\/\/ctainternacionales.org\/index.php?rest_route=\/wp\/v2\/posts\/1941\/revisions\/1943"}],"wp:attachment":[{"href":"https:\/\/ctainternacionales.org\/index.php?rest_route=%2Fwp%2Fv2%2Fmedia&parent=1941"}],"wp:term":[{"taxonomy":"category","embeddable":true,"href":"https:\/\/ctainternacionales.org\/index.php?rest_route=%2Fwp%2Fv2%2Fcategories&post=1941"},{"taxonomy":"post_tag","embeddable":true,"href":"https:\/\/ctainternacionales.org\/index.php?rest_route=%2Fwp%2Fv2%2Ftags&post=1941"}],"curies":[{"name":"wp","href":"https:\/\/api.w.org\/{rel}","templated":true}]}}