{"id":1931,"date":"2014-05-23T04:07:34","date_gmt":"2014-05-23T04:07:34","guid":{"rendered":"http:\/\/www.ctainternacionales.org\/?p=1931"},"modified":"2014-05-23T04:09:37","modified_gmt":"2014-05-23T04:09:37","slug":"fito-aguirre-los-trabajadores-argentinos-queremos-que-el-eje-del-proximo-mandato-sea-la-disputa-por-la-riqueza","status":"publish","type":"post","link":"https:\/\/ctainternacionales.org\/?p=1931","title":{"rendered":"Fito\u00bb Aguirre: \u201cLos trabajadores argentinos queremos que el eje del pr\u00f3ximo mandato sea la disputa por la riqueza\u201d"},"content":{"rendered":"<p><a href=\"http:\/\/www.ctainternacionales.org\/wp-content\/uploads\/2014\/05\/image_1_-31.jpg\"><img loading=\"lazy\" decoding=\"async\" class=\"aligncenter size-thumbnail wp-image-1933\" title=\"image_1_-3\" src=\"http:\/\/www.ctainternacionales.org\/wp-content\/uploads\/2014\/05\/image_1_-31-307x229.jpg\" alt=\"\" width=\"307\" height=\"229\" \/><\/a>Con esas palabras inici\u00f3 su intervenci\u00f3n al plenario el Secretario de Relaciones Internacionales de la CTA durante la jornada de debates en el congreso de la CSI en Berlin. Aguirre enfatiz\u00f3 que la CTA \u201cest\u00e1 en Berlin con la expectativa de unir esfuerzos para luchar contra el neoliberalismo\u201d<!--more-->Con esas palabras inici\u00f3 su intervenci\u00f3n al plenario el Secretario de Relaciones Internacionales de la CTA durante la jornada de debates en el congreso de la CSI en Berlin. Aguirre enfatiz\u00f3 que la CTA \u201cest\u00e1 en Berlin con la expectativa de unir esfuerzos para luchar contra el neoliberalismo\u201d.<\/p>\n<div>\n<p>La lucha contra los programas de ajuste, que se est\u00e1n reproduciendo por todo el mundo, es uno de los temas principales de debate y preocupaci\u00f3n de las delegaciones presentes. A lo largo de todos los discursos se expresan las similitudes entre las pol\u00edticas neoliberales que los gobiernos aplican favoreciendo a los grandes capitales.<\/p>\n<p>Tuvo lugar la reuni\u00f3n del grupo de las Am\u00e9ricas, donde se debatieron las posiciones y candidaturas de la regi\u00f3n. Cada regi\u00f3n del mundo tiene un lugar asignado en el Consejo Ejecutivo de la CSI. Para todas las Am\u00e9ricas\u2014incluyendo a Estados Unidos y Canad\u00e1\u2014corresponden 18 lugares, siendo una de las regiones con mayor participaci\u00f3n en el esquema internacional.<\/p>\n<p>Durante la subplenaria sobre crecimiento de los sindicatos, enfocada en el trabajo dom\u00e9stico, Stella Marys Zalazar, del sindicato de trabajadoras de casas particulares de San Juan, particip\u00f3 activamente. En su intervenci\u00f3n, Zalazar afirm\u00f3 \u00abno somos empleadas dom\u00e9sticas, somos parte de la clase trabajadora\u00bb. A su vez dijo que \u00abtenemos que organizar a muchos compa\u00f1eros en el sector para poder defender nuestros derechos, en San Juan empezamos siendo tres, y hoy vamos camino a tener una organizaci\u00f3n nacional\u00bb. Para finalizar con su intervenci\u00f3n, Zalazar reforz\u00f3 la necesidad de defender y usar como herramienta de organizaci\u00f3n el Convenio 189 sobre Trabajo Dom\u00e9stico de la OIT, ratificado por Argentina recientemente.<\/p>\n<h3>Bilaterales<\/h3>\n<p><img loading=\"lazy\" decoding=\"async\" src=\"http:\/\/www.agenciacta.org\/IMG\/jpg\/Bilateral_AFL-CIO.jpg\" alt=\"\" width=\"400\" height=\"299\" \/>Entre los encuentros bilaterales se destacan el realizado con la CSC de B\u00e9lgica, con la FGTB de B\u00e9lgica, donde se intercambiaron experiencias de las organizaciones y realidades de los trabajadores. Ambas centrales expresaron inter\u00e9s por el proceso electoral que la CTA llevar\u00e1 a cabo el pr\u00f3ximo 29 de mayo.<\/p>\n<p>Adem\u00e1s, se produjeron reuniones con la central DISK de Turqu\u00eda, con quienes se acord\u00f3 una visita bilateral a la CTA en un futuro pr\u00f3ximo. En el encuentro la CTA expres\u00f3 sus condolencias por la tragedia de la mina de Soma, donde murieron casi 300 trabajadores. Por \u00faltimo, se llev\u00f3 a cabo una reuni\u00f3n de trabajo con la AFL-CIO de Estados Unidos, la cual mostr\u00f3 inter\u00e9s en conocer las estrategias de organizaci\u00f3n de CTA con respecto a los trabajadores fuera del convenio.<\/p>\n<p>La delegaci\u00f3n de CTA continuar\u00e1 con actividades en el marco del congreso de CSI hasta el viernes 23 de mayo.<\/p>\n<div><\/div>\n<\/div>\n<p><!--more--><\/p>\n","protected":false},"excerpt":{"rendered":"Con esas palabras inici\u00f3 su intervenci\u00f3n al plenario el Secretario de Relaciones Internacionales de la CTA durante la jornada de debates en el \n<a class=\"moretag\" href=\"https:\/\/ctainternacionales.org\/?p=1931\"> [...]<\/a>","protected":false},"author":1,"featured_media":0,"comment_status":"closed","ping_status":"closed","sticky":false,"template":"","format":"standard","meta":{"ngg_post_thumbnail":0,"footnotes":""},"categories":[],"tags":[],"class_list":["post-1931","post","type-post","status-publish","format-standard","hentry"],"_links":{"self":[{"href":"https:\/\/ctainternacionales.org\/index.php?rest_route=\/wp\/v2\/posts\/1931","targetHints":{"allow":["GET"]}}],"collection":[{"href":"https:\/\/ctainternacionales.org\/index.php?rest_route=\/wp\/v2\/posts"}],"about":[{"href":"https:\/\/ctainternacionales.org\/index.php?rest_route=\/wp\/v2\/types\/post"}],"author":[{"embeddable":true,"href":"https:\/\/ctainternacionales.org\/index.php?rest_route=\/wp\/v2\/users\/1"}],"replies":[{"embeddable":true,"href":"https:\/\/ctainternacionales.org\/index.php?rest_route=%2Fwp%2Fv2%2Fcomments&post=1931"}],"version-history":[{"count":5,"href":"https:\/\/ctainternacionales.org\/index.php?rest_route=\/wp\/v2\/posts\/1931\/revisions"}],"predecessor-version":[{"id":1935,"href":"https:\/\/ctainternacionales.org\/index.php?rest_route=\/wp\/v2\/posts\/1931\/revisions\/1935"}],"wp:attachment":[{"href":"https:\/\/ctainternacionales.org\/index.php?rest_route=%2Fwp%2Fv2%2Fmedia&parent=1931"}],"wp:term":[{"taxonomy":"category","embeddable":true,"href":"https:\/\/ctainternacionales.org\/index.php?rest_route=%2Fwp%2Fv2%2Fcategories&post=1931"},{"taxonomy":"post_tag","embeddable":true,"href":"https:\/\/ctainternacionales.org\/index.php?rest_route=%2Fwp%2Fv2%2Ftags&post=1931"}],"curies":[{"name":"wp","href":"https:\/\/api.w.org\/{rel}","templated":true}]}}