{"id":1922,"date":"2014-05-19T21:41:32","date_gmt":"2014-05-19T21:41:32","guid":{"rendered":"http:\/\/www.ctainternacionales.org\/?p=1922"},"modified":"2014-05-19T21:46:41","modified_gmt":"2014-05-19T21:46:41","slug":"bachelet-firma-hoy-el-proyecto-de-reforma-educativa-y-estudiantes-convocan-a-una-nueva-marcha","status":"publish","type":"post","link":"https:\/\/ctainternacionales.org\/?p=1922","title":{"rendered":"Bachelet firma hoy el proyecto de reforma educativa y estudiantes convocan a una nueva marcha"},"content":{"rendered":"<p><strong>La Presidenta Michelle Bachelet firmar\u00e1 este lunes el proyecto que busca terminar con el lucro, el copago y la selecci\u00f3n en la educaci\u00f3n<\/strong>. Con esto, la reforma ingresar\u00e1 el martes a la C\u00e1mara de Diputados para su discusi\u00f3n.<!--more--><\/p>\n<p><!--more--><\/p>\n<h3><strong>Conoce los cambios que introduce la reforma educacional<\/strong><\/h3>\n<p><strong>La Presidenta Michelle Bachelet firmar\u00e1 este lunes el proyecto que busca terminar con el lucro, el copago y la selecci\u00f3n en la educaci\u00f3n<\/strong>. Con esto, la reforma ingresar\u00e1 el martes a la C\u00e1mara de Diputados para su discusi\u00f3n.<\/p>\n<p>Los profesionales que han tenido acceso al documento,\u00a0<strong>indicaron que el proyecto pone fin al financiamiento compartido<\/strong>, por lo que se congelar\u00e1 gradualmente los montos que cobran los colegios a los apoderados de establecimientos subvencionados que reciben ayuda estatal regular (por asistencia).<\/p>\n<p>Adem\u00e1s,<strong>\u00a0los establecimientos que acepten dineros estatales no podr\u00e1n lucrar,<\/strong>\u00a0por lo que los\u00a0<strong>sostenedores tendr\u00e1n un plazo de dos a\u00f1os para transformarse en fundaciones sin fines de lucro,<\/strong>\u00a0las que adem\u00e1s podr\u00e1n solicitar al Estado la compra de los inmuebles, seg\u00fan informaron fuentes ligadas al proyecto a<em>\u00a0La Tercera.<\/em><\/p>\n<p>Una vez hecha la petici\u00f3n, el Estado tendr\u00e1 un periodo de 12 a\u00f1os para concretar el pago y el del monto final se descontar\u00e1 la inversi\u00f3n estatal realizada hasta ese entonces.<\/p>\n<p>Para evitar el cierre masivo de colegios por estas modificaciones, el proyecto establecer\u00e1 herramientas de pago para retener a los propietarios de los establecimientos, entre los cuales se encuentra pagar un sueldo al administrador del recinto.<\/p>\n<p>Otras de las medidas importantes es el\u00a0<strong>t\u00e9rmino de la selecci\u00f3n<\/strong>, la que se aplicar\u00e1 de manera gradual a todos los establecimientos. Con esto<strong>\u00a0se eliminar\u00e1 la selecci\u00f3n por notas y ser\u00e1n las familias quienes elegir\u00e1n el colegio de sus hijos mediante una postulaci\u00f3n en orden de preferencia y de forma online (similar a PSU).<\/strong><\/p>\n<p>De esta forma,<strong>\u00a0los colegios realizar\u00e1n una \u201cselecci\u00f3n ciega\u201d.<\/strong><\/p>\n<p><strong>En el caso de los liceos emblem\u00e1ticos, podr\u00e1n postular alumnos que pertenezcan al 20 por ciento superior del curso, reemplazando la prueba de selecci\u00f3n<\/strong>\u00a0y\u00a0caso de hacer sobredemanda, se har\u00e1 un sorteo.<\/p>\n<p>&nbsp;<\/p>\n<p><a href=\"http:\/\/www.cooperativa.cl\/noticias\/pais\/educacion\/conoce-los-cambios-que-introduce-la-reforma-educacional\/2014-05-18\/095042.html\">http:\/\/www.cooperativa.cl\/noticias\/pais\/educacion\/conoce-los-cambios-que-introduce-la-reforma-educacional\/2014-05-18\/095042.html<\/a><\/p>\n<p>&nbsp;<\/p>\n<h3 id=\"titulo-nota\"><strong>Confech critica reforma educativa de Bachelet y convoca a marcha este 21 de mayo<\/strong><\/h3>\n<p>La Confederaci\u00f3n de Estudiantes de Chile (Confech) critic\u00f3 duramente el domingo el paquete de medidas para la reforma educativa que presentar\u00e1 el lunes el gobierno de Michelle Bachelet, y convoc\u00f3 a una marcha para este 21 de mayo en Valpara\u00edso, d\u00eda en que la Presidenta Michelle Bachelet ofrecer\u00e1 el tradicional discurso de los mandatarios desde el Congreso Nacional.<\/p>\n<p>La presidenta de la FECh, Melissa Sep\u00falveda, habl\u00f3 con la prensa cerca de las 22 horas, luego de la cita que parti\u00f3 antes del mediod\u00eda.<\/p>\n<p>\u201cEst\u00e1n hablando de medidas que varias de ellas van en contra de las posiciones que ha levantado el movimiento estudiantil. Proyectos de ley parcelados, que no recogen la demanda (de reforma) integral que ha planteado el movimiento social, una reformulaci\u00f3n total del sistema educativo\u201d, afirm\u00f3.<\/p>\n<p>Se espera que este lunes el gobierno presente el primer gran proyecto de reforma educativa que ponga fin al lucro en la educaci\u00f3n, termine con la discriminaci\u00f3n de la selecci\u00f3n escolar y establezca la gratuidad, una de las tres reformas centrales del programa de la mandataria.<\/p>\n<p>\u201cNo hay voluntad de avanzar en contra de la educaci\u00f3n de mercado, de enfrentarse realmente a los que lucran con la educaci\u00f3n\u201d, afirm\u00f3 Sep\u00falveda, a la salida de una jornada de reflexi\u00f3n mantenida por los estudiantes para discutir posiciones y planificar nuevas movilizaciones.<\/p>\n<p>\u201cHoy en d\u00eda tenemos una reforma que se gener\u00f3 de espaldas a la gran mayor\u00eda de Chile, un proceso que no ha vinculado de ninguna manera a las organizaciones sociales y frente a eso la \u00fanica respuesta que podemos tener es movilizaci\u00f3n como lo hicimos ya el d\u00eda 8 de mayo\u201d, afirm\u00f3.<\/p>\n<p>\u201cLa reforma no satisface lo principal, la eliminaci\u00f3n del lucro en la educaci\u00f3n\u201d, a\u00f1adi\u00f3 la dirigente estudiantil, qui\u00e9n tambi\u00e9n hizo un llamamiento a estudiantes, trabajadores de la educaci\u00f3n y a todos los chilenos a una movilizaci\u00f3n el 21 de mayo en Valpara\u00edso.<\/p>\n<p>Esta es hasta ahora la postura m\u00e1s cr\u00edtica con las reformas propuestas por Bachelet por parte del movimiento estudiantil, que hab\u00eda afirmado anteriormente compartir algunos \u201clineamientos\u201d pero que no entend\u00edan c\u00f3mo se iba a poner fin al sistema de lucro y el financiamiento educativo que ha dejado a miles de familias endeudadas.<\/p>\n<p>El Ministro de Educaci\u00f3n, Nicol\u00e1s Eyzaguirre, por su parte ha pedido en reiteradas ocasiones \u201cpaciencia\u201d y \u201cconfianza\u201d ante la impaciencia de los estudiantes, que lo acusan de querer dejar a todos contentos, e incurrir en contradicciones.<\/p>\n","protected":false},"excerpt":{"rendered":"La Presidenta Michelle Bachelet firmar\u00e1 este lunes el proyecto que busca terminar con el lucro, el copago y la selecci\u00f3n en la educaci\u00f3n. \n<a class=\"moretag\" href=\"https:\/\/ctainternacionales.org\/?p=1922\"> [...]<\/a>","protected":false},"author":1,"featured_media":0,"comment_status":"closed","ping_status":"closed","sticky":false,"template":"","format":"standard","meta":{"ngg_post_thumbnail":0,"footnotes":""},"categories":[],"tags":[],"class_list":["post-1922","post","type-post","status-publish","format-standard","hentry"],"_links":{"self":[{"href":"https:\/\/ctainternacionales.org\/index.php?rest_route=\/wp\/v2\/posts\/1922","targetHints":{"allow":["GET"]}}],"collection":[{"href":"https:\/\/ctainternacionales.org\/index.php?rest_route=\/wp\/v2\/posts"}],"about":[{"href":"https:\/\/ctainternacionales.org\/index.php?rest_route=\/wp\/v2\/types\/post"}],"author":[{"embeddable":true,"href":"https:\/\/ctainternacionales.org\/index.php?rest_route=\/wp\/v2\/users\/1"}],"replies":[{"embeddable":true,"href":"https:\/\/ctainternacionales.org\/index.php?rest_route=%2Fwp%2Fv2%2Fcomments&post=1922"}],"version-history":[{"count":3,"href":"https:\/\/ctainternacionales.org\/index.php?rest_route=\/wp\/v2\/posts\/1922\/revisions"}],"predecessor-version":[{"id":1924,"href":"https:\/\/ctainternacionales.org\/index.php?rest_route=\/wp\/v2\/posts\/1922\/revisions\/1924"}],"wp:attachment":[{"href":"https:\/\/ctainternacionales.org\/index.php?rest_route=%2Fwp%2Fv2%2Fmedia&parent=1922"}],"wp:term":[{"taxonomy":"category","embeddable":true,"href":"https:\/\/ctainternacionales.org\/index.php?rest_route=%2Fwp%2Fv2%2Fcategories&post=1922"},{"taxonomy":"post_tag","embeddable":true,"href":"https:\/\/ctainternacionales.org\/index.php?rest_route=%2Fwp%2Fv2%2Ftags&post=1922"}],"curies":[{"name":"wp","href":"https:\/\/api.w.org\/{rel}","templated":true}]}}