{"id":1917,"date":"2014-05-19T21:35:21","date_gmt":"2014-05-19T21:35:21","guid":{"rendered":"http:\/\/www.ctainternacionales.org\/?p=1917"},"modified":"2014-05-26T06:01:46","modified_gmt":"2014-05-26T06:01:46","slug":"la-cta-en-el-congreso-mundial-de-la-confederacion-sindical-internacional","status":"publish","type":"post","link":"https:\/\/ctainternacionales.org\/?p=1917","title":{"rendered":"LA CTA en el Congreso Mundial de la Confederaci\u00f3n Sindical Internacional"},"content":{"rendered":"<p><a href=\"http:\/\/www.ctainternacionales.org\/wp-content\/uploads\/2014\/05\/Fito_Aguirre-2.jpg\"><img loading=\"lazy\" decoding=\"async\" class=\"aligncenter size-full wp-image-1918\" title=\"Fito_Aguirre-2\" src=\"http:\/\/www.ctainternacionales.org\/wp-content\/uploads\/2014\/05\/Fito_Aguirre-2.jpg\" alt=\"\" width=\"269\" height=\"400\" \/><\/a><\/p>\n<p>Una delegaci\u00f3n a cargo de nuestro secretario de Relaciones Internacionales Adolfo \u201cFito Aguirre, se encuentra representando a la Central de Trabajadores de la Argentina (CTA) en el Congreso de la CSI a realizarse desde el d\u00eda 18 al 23 de mayo en la cuidad de Berl\u00edn, Alemania.<!--more--><\/p>\n<p>Acompa\u00f1an a Aguirre, Stella Marys de Zalazar, titular del Sindicato de Empleadas de Casas de Familia (SINDCAF-CTA) de San Juan; V\u00edctor Aramayo, secretario General de Asociaci\u00f3n de Profesionales Universitarios de la Administraci\u00f3n P\u00fablica (APUAP-FESPROSA-CTA); Luis Campos, abogado del Observatorio de Derecho Social de la CTA y Bruno Dobrusin, de la Secretar\u00eda de Relaciones Internacionales de la Central.<\/p>\n<p>Dicho Congreso se realiza cada cuatro a\u00f1os donde participan 325 centrales afiliadas con una representaci\u00f3n de 161 pa\u00edses con un total de 176 millones de miembros.<\/p>\n<p>En este Tercer Congreso de la CSI, las autoridades se someten a votaci\u00f3n de sus miembros. En dicha elecci\u00f3n, la CTA con su pol\u00edtica de integraci\u00f3n latinoamericana apoya la candidatura a la presidencia del organismo de Jo\u00e3o Felicio, ex-Presidente, ex-Secretario General y actual Secretario de Relaciones Internacionales de la CUT Brasil. Karl Thorwaldson, Presidente de LO Suecia y Mar\u00eda Fernanda Carvalho Francisco, secretaria Adjunta de la UNTA de Angola y la reelecci\u00f3n de Sharan Burrow para la Secretar\u00eda General de la CSI.<\/p>\n<p>El dato relevante de que Felicio sea presidente de la CSI es relevante para la regi\u00f3n por la cercan\u00eda y los lazos fraternos que nos unen con la CUT de Brasil. La CTA fue junto con otras centrales de la regi\u00f3n art\u00edfice y part\u00edcipe de dicha candidatura, como el apoyo incondicional a la compa\u00f1era Carvalho de Angola.<\/p>\n<h3>La CSI<\/h3>\n<p>La Confederaci\u00f3n Sindical Internacional (CSI) es la voz de los trabajadores y trabajadoras a nivel mundial.<\/p>\n<p>El cometido fundamental de la CSI es promover y defender los derechos e intereses de los trabajadores impulsando la cooperaci\u00f3n internacional entre sindicatos, organizando campa\u00f1as mundiales y represent\u00e1ndolos ante las principales instituciones mundiales.<\/p>\n<p>Sus principales \u00e1mbitos de actividad incluyen los siguientes: derechos humanos y sindicales; econom\u00eda, sociedad y lugares de trabajo; igualdad y lucha contra la discriminaci\u00f3n; y solidaridad internacional.<\/p>\n<p>La CSI defiende los principios de democracia e independencia sindical. Est\u00e1 regida por congresos mundiales que se llevan a cabo cada cuatro a\u00f1os, un Consejo General y un Bur\u00f3 Ejecutivo.<\/p>\n<p>Las organizaciones regionales de la CSI son la Organizaci\u00f3n Regional Asia-Pac\u00edfico (CSI-AP), la Organizaci\u00f3n Regional africana (CSI-AF) y la Organizaci\u00f3n Regional de las Am\u00e9ricas (CSA). Coopera adem\u00e1s estrechamente con la Confederaci\u00f3n Europea de Sindicatos, incluso a trav\u00e9s del Consejo Regional Paneuropeo.<\/p>\n<p>La CSI mantiene estrechas relaciones con las Federaciones Sindicales Internacionales y con la Comisi\u00f3n Sindical Consultiva ante la OCDE (TUAC). Desarrolla adem\u00e1s una excelente colaboraci\u00f3n con la Organizaci\u00f3n Internacional del Trabajo y con varias otras agencias especializadas de la ONU.<\/p>\n<p>La econom\u00eda mundial no es m\u00e1s estable hoy que hace siete a\u00f1os. El modelo de capitalismo neoliberal no aportar\u00e1 empleos sostenibles, ingresos seguros y protecci\u00f3n social.<\/p>\n<p>Salvo raras excepciones, los Gobiernos y las instituciones internacionales han fallado a los trabajadores y trabajadoras: unos niveles de desempleo sin precedentes, trabajo precario e informal, y el desplome de los salarios en todo el mundo han ocasionado un c\u00edrculo vicioso de riesgos econ\u00f3micos y sociales.<\/p>\n<p>Un desempleo intolerable en el sector formal afecta a cerca de 200 millones de personas, especialmente a los j\u00f3venes. Con el 40% de la mano de obra forzada a la desesperaci\u00f3n del sector informal, la prioridad es empleo, empleo y m\u00e1s empleo \u2013 trabajo decente para todos.<\/p>\n<p>La desigualdad est\u00e1 en aumento en pr\u00e1cticamente todas las naciones, y los salarios son los m\u00e1s bajos registrados en cuanto a su participaci\u00f3n en la riqueza. El 70% de la poblaci\u00f3n afirma que sus salarios se han visto reducidos hasta situarse por debajo del coste de la vida o est\u00e1n estancados (Encuesta Global de la CSI).<\/p>\n<p>La poblaci\u00f3n activa global asciende a 2.900 millones; La mano de obra formal es de 1.700 millones;Los trabajadores y trabajadoras sindicalizados suman 200 millones, y muchos de ellos est\u00e1n afiliados a sindicatos que no son independientes de sus Gobiernos; 50% de los trabajadores\/as tienen un empleo vulnerable, muchos de ellos son mujeres que presentan un alto \u00edndice de precariedad y discriminaci\u00f3n en el trabajo;40% de la econom\u00eda global es informal 90% de los 230 millones de migrantes en el mundo abandonan sus hogares en busca de trabajo, pero menos del 1% de ellos est\u00e1n sindicalizados.<\/p>\n<p>Sanidad, educaci\u00f3n p\u00fablica, transportes y servicios p\u00fablicos generalmente les son denegados a aquellos que no pueden pagar por ellos. La evasi\u00f3n de impuestos est\u00e1 desbocada y han surgido nuevas formas de acuerdos comerciales bilaterales y regionales adaptados a los requisitos del poder corporativo y que amenazan a los derechos democr\u00e1ticos.<\/p>\n<p>Los Objetivos de Desarrollo del Milenio no se alcanzar\u00e1n, y sin embargo las naciones todav\u00eda siguen sin ponerse de acuerdo respecto a los objetivos de desarrollo sostenible para despu\u00e9s de 2015. Los sindicatos est\u00e1n luchando una vez m\u00e1s por el pleno empleo y el trabajo decente, adem\u00e1s de exigir pisos de protecci\u00f3n social.<\/p>\n<p>El coraje pol\u00edtico para hacer frente al cambio clim\u00e1tico es exiguo, pese a la creciente devastaci\u00f3n ocasionada por cat\u00e1strofes clim\u00e1ticas y las actuales previsiones en cuanto a las emisiones, que podr\u00edan provocar un incremento medio de 4oC en las temperaturas globales para finales de siglo.<\/p>\n<p>Empleos sostenibles, ingresos seguros y protecci\u00f3n social constituyen los fundamentos de una econom\u00eda justa.<\/p>\n<p>La CSI y TUAC han venido abogando por modelos econ\u00f3micos alternativos; soluciones que sabemos que funcionan. La negociaci\u00f3n colectiva, salarios m\u00ednimos de subsistencia, protecci\u00f3n social y justicia fiscal son las mejores herramientas distributivas para combatir las desigualdades.<\/p>\n<p>La mejor manera de crear empleo es por medio de inversi\u00f3n en infraestructura, en la econom\u00eda de cuidados y en la transformaci\u00f3n industrial hacia empresas con bajas emisiones en carbono.<\/p>\n","protected":false},"excerpt":{"rendered":"Una delegaci\u00f3n a cargo de nuestro secretario de Relaciones Internacionales Adolfo \u201cFito Aguirre, se encuentra representando a la Central de Trabajadores de la \n<a class=\"moretag\" href=\"https:\/\/ctainternacionales.org\/?p=1917\"> [...]<\/a>","protected":false},"author":1,"featured_media":0,"comment_status":"closed","ping_status":"closed","sticky":false,"template":"","format":"standard","meta":{"ngg_post_thumbnail":0,"footnotes":""},"categories":[],"tags":[],"class_list":["post-1917","post","type-post","status-publish","format-standard","hentry"],"_links":{"self":[{"href":"https:\/\/ctainternacionales.org\/index.php?rest_route=\/wp\/v2\/posts\/1917","targetHints":{"allow":["GET"]}}],"collection":[{"href":"https:\/\/ctainternacionales.org\/index.php?rest_route=\/wp\/v2\/posts"}],"about":[{"href":"https:\/\/ctainternacionales.org\/index.php?rest_route=\/wp\/v2\/types\/post"}],"author":[{"embeddable":true,"href":"https:\/\/ctainternacionales.org\/index.php?rest_route=\/wp\/v2\/users\/1"}],"replies":[{"embeddable":true,"href":"https:\/\/ctainternacionales.org\/index.php?rest_route=%2Fwp%2Fv2%2Fcomments&post=1917"}],"version-history":[{"count":4,"href":"https:\/\/ctainternacionales.org\/index.php?rest_route=\/wp\/v2\/posts\/1917\/revisions"}],"predecessor-version":[{"id":1921,"href":"https:\/\/ctainternacionales.org\/index.php?rest_route=\/wp\/v2\/posts\/1917\/revisions\/1921"}],"wp:attachment":[{"href":"https:\/\/ctainternacionales.org\/index.php?rest_route=%2Fwp%2Fv2%2Fmedia&parent=1917"}],"wp:term":[{"taxonomy":"category","embeddable":true,"href":"https:\/\/ctainternacionales.org\/index.php?rest_route=%2Fwp%2Fv2%2Fcategories&post=1917"},{"taxonomy":"post_tag","embeddable":true,"href":"https:\/\/ctainternacionales.org\/index.php?rest_route=%2Fwp%2Fv2%2Ftags&post=1917"}],"curies":[{"name":"wp","href":"https:\/\/api.w.org\/{rel}","templated":true}]}}