{"id":1910,"date":"2014-05-08T02:07:59","date_gmt":"2014-05-08T02:07:59","guid":{"rendered":"http:\/\/www.ctainternacionales.org\/?p=1910"},"modified":"2014-05-08T02:08:26","modified_gmt":"2014-05-08T02:08:26","slug":"ollanta-humala-de-espalda-y-a-la-derecha-de-los-trabajadores","status":"publish","type":"post","link":"https:\/\/ctainternacionales.org\/?p=1910","title":{"rendered":"Ollanta Humala de espalda y a la derecha de los trabajadores"},"content":{"rendered":"<p>Heli\u00a0Vargas de la CGTP (Central General de Trabajadores de Per\u00fa), acerca de la situaci\u00f3n de los trabajadores en ese pa\u00eds.<!--more--><\/p>\n<div data-link=\"class{:~tag.contentRightClass(Layout.IsFullView, Layout.ReadingPaneMode)}\">\n<div>\n<div id=\"inboxControl0fv-ReadMessageContainer\">\n<div data-link=\"class{readMessageClass: ~tag.Show}\">\n<div>\n<div id=\"readMessagePartControl1309f\" data-link=\"class{:~tag.getHeaderCssClass(IsConversationPart, IsRead, IsDraft, IsTrustedSender, Items.length)}\">\n<div data-link=\"class{getClass:IsBodyExpanded}\">\n<div>\n<div id=\"bodyreadMessagePartBodyControl1311f\" data-link=\"class{:~tag.cssClasses(PlainText, IsContentFiltered)}\">\n<div dir=\"ltr\">\n<p>Heli\u00a0Vargas de la CGTP (Central General de Trabajadores de Per\u00fa), acerca de la situaci\u00f3n de los trabajadores en ese pa\u00eds.<\/p>\n<p>&nbsp;<\/p>\n<p>&nbsp;<\/p>\n<p><strong>\u00bfCu\u00e1l es la situaci\u00f3n pol\u00edtica y social en Per\u00fa?<\/strong><\/p>\n<p>&nbsp;<\/p>\n<p>El gobierno en su modelo neoliberal sanciono una ley llamada de \u201cServicio Civil\u201d. Que es una ley que le recorta derechos a los trabajadores, como a la negociaci\u00f3n colectiva, ya que los salarios quedan sujetos a partidas presupuestarias del Ministerio de Econom\u00eda. En dicha ley se proh\u00edbe el derecho a la huelga ya que queda encuadrada dentro del marco de \u201cservicio esencial\u201d donde la huelga o el paro son sancionados directamente con despidos. Y la ley contempla la meritrocracia que significa un sistema de evaluaci\u00f3n a todos los trabajadores que lo que permite es que los trabajadores sean despedidos. Frente a esto, desde el a\u00f1o pasado venimos haciendo grandes movilizaciones con apoyo de las otras centrales obreras, y si bien no hemos logrado anular el proyecto de ley logramos como piso discutir reformas en la ley. El poder judicial ha entrado en huelga y logro que se retire la ley. El gobierno afirma que la ley permite hacer carrera dentro del sector p\u00fablico, pero en realidad es una clara violaci\u00f3n a los derechos de libertad sindical que deja a los trabajadores expuestos a que sean la variable de ajuste del capital. Tambi\u00e9n nosotros tenemos dos grandes sindicatos que el 3 de abril aunamos fuerza en una unidad de acci\u00f3n porque entendemos de que ese el \u00fanico camino posible para evitar que estas pol\u00edticas sigan adelante.<\/p>\n<p>&nbsp;<\/p>\n<p><strong>\u00bfQu\u00e9 caracter\u00edsticas tiene el gobierno de Humala? \u00bfC\u00f3mo se relaciona con los trabajadores?<\/strong><\/p>\n<p>&nbsp;<\/p>\n<p>El gobierno de Ollanta Humala cont\u00f3 con el apoyo de la CGTP para su candidatura era y parec\u00eda una alternativa para los trabajadores y el programa de gobierno estaba elaborado por gente cercana\u00a0 a la CGTP pero casi a meses de su asunci\u00f3n se aleja de los trabajadores y lo que cre\u00edamos que era una esperanza, pas\u00f3 a ser un una traici\u00f3n y no se dan los cambios, como por ejemplo la ley de trabajo que ni siquiera esta en la agenda parlamentaria. La ley que judicializa la protesta social que permite la persecuci\u00f3n y detenci\u00f3n y judializaci\u00f3n de los trabajadores y sobre todo de los representantes sindicales. El sueldo m\u00ednimo esta congelado desde hace a\u00f1os, y solo se aumentaron los sueldos de funcionarios y parlamentarios. Por lo que en tema de derechos son los mismos que en los tiempos de Fujimori. El gobierno esta de espaldas a los trabajadores se a posicionado a la derecha\u00a0 y hoy frente al ajuste somos la variable de ajuste.<\/p>\n<p>Donde se ha precarizado el trabajo con una tercerizaci\u00f3n sin derechos donde la ley solo beneficia a las multinacionales y a las patronales incluido el estado. Y si bien el pa\u00eds tiene un auge econ\u00f3mico esto no se refleja en los trabajadores sino que agranda la brecha de la desigualdad. Este es el desaf\u00edo que hoy tenemos desde el movimiento obrero, pero no solo nos queda resistir sino que estamos intentando armar un frente amplio que permita dar alguna propuesta para el 2016.\u00a0 Hay que tener en cuenta que nosotros como movimiento sindical venimos rearm\u00e1ndonos nuevamente despu\u00e9s del proceso desbastador del gobierno de Fujimori donde con una ley sancionada que permit\u00eda revisar los pliegos de todos\u00a0 los sindicatos se perdieron muchos sindicatos y formas organizativas de trabajadores al igual que muchos derechos.\u00a0 Por lo que el intento de ese gobierno fue la de sacar literalmente de escena al mundo sindical.\u00a0 Y nosotros nos dimos 3 tareas fundamentales la primera fue recuperar esos sindicatos y los derechos que poco a poco fuimos recuperando, la segunda tarea fue la de afiliar a los compa\u00f1eros y de tener mayor participaci\u00f3n en nuestros sindicatos.\u00a0 Y la tercera tarea es que el movimiento sindical debe ir de la mano del movimiento popular y social y ese es un espacio que lo tenemos que recuperar. Hoy sabemos que tenemos que trabajar no solo hacia adentro del las estructuras sindicales sino tambi\u00e9n hacia el afuera con el resto de las formas organizativas de la sociedad en su conjunto y para eso estamos trabajando con los estudiantes , campesinos y por supuesto con otras centrales obreras como la CUT de Peru. Nosotros somos una central a nivel nacional que trabaja en regiones y gracias a la unidad de acci\u00f3n hemos logrado al menos frenar algunas de las pol\u00edticas que perjudican no solo al trabajador sino a la sociedad en su conjunto.<\/p>\n<\/div>\n<\/div>\n<\/div>\n<\/div>\n<\/div>\n<\/div>\n<\/div>\n<\/div>\n<\/div>\n<div><\/div>\n<\/div>\n<div id=\"RightRailContainer\"><\/div>\n","protected":false},"excerpt":{"rendered":"Heli\u00a0Vargas de la CGTP (Central General de Trabajadores de Per\u00fa), acerca de la situaci\u00f3n de los trabajadores en ese pa\u00eds.\n<a class=\"moretag\" href=\"https:\/\/ctainternacionales.org\/?p=1910\"> [...]<\/a>","protected":false},"author":1,"featured_media":0,"comment_status":"closed","ping_status":"closed","sticky":false,"template":"","format":"standard","meta":{"ngg_post_thumbnail":0,"footnotes":""},"categories":[],"tags":[],"class_list":["post-1910","post","type-post","status-publish","format-standard","hentry"],"_links":{"self":[{"href":"https:\/\/ctainternacionales.org\/index.php?rest_route=\/wp\/v2\/posts\/1910","targetHints":{"allow":["GET"]}}],"collection":[{"href":"https:\/\/ctainternacionales.org\/index.php?rest_route=\/wp\/v2\/posts"}],"about":[{"href":"https:\/\/ctainternacionales.org\/index.php?rest_route=\/wp\/v2\/types\/post"}],"author":[{"embeddable":true,"href":"https:\/\/ctainternacionales.org\/index.php?rest_route=\/wp\/v2\/users\/1"}],"replies":[{"embeddable":true,"href":"https:\/\/ctainternacionales.org\/index.php?rest_route=%2Fwp%2Fv2%2Fcomments&post=1910"}],"version-history":[{"count":3,"href":"https:\/\/ctainternacionales.org\/index.php?rest_route=\/wp\/v2\/posts\/1910\/revisions"}],"predecessor-version":[{"id":1913,"href":"https:\/\/ctainternacionales.org\/index.php?rest_route=\/wp\/v2\/posts\/1910\/revisions\/1913"}],"wp:attachment":[{"href":"https:\/\/ctainternacionales.org\/index.php?rest_route=%2Fwp%2Fv2%2Fmedia&parent=1910"}],"wp:term":[{"taxonomy":"category","embeddable":true,"href":"https:\/\/ctainternacionales.org\/index.php?rest_route=%2Fwp%2Fv2%2Fcategories&post=1910"},{"taxonomy":"post_tag","embeddable":true,"href":"https:\/\/ctainternacionales.org\/index.php?rest_route=%2Fwp%2Fv2%2Ftags&post=1910"}],"curies":[{"name":"wp","href":"https:\/\/api.w.org\/{rel}","templated":true}]}}