{"id":1904,"date":"2014-05-08T02:00:22","date_gmt":"2014-05-08T02:00:22","guid":{"rendered":"http:\/\/www.ctainternacionales.org\/?p=1904"},"modified":"2014-05-08T02:00:37","modified_gmt":"2014-05-08T02:00:37","slug":"villarealela-hoy-en-europa-es-posible-ser-pobre-y-trabajador","status":"publish","type":"post","link":"https:\/\/ctainternacionales.org\/?p=1904","title":{"rendered":"Villareal (ELA): \u201cHoy en Europa es posible ser pobre y trabajador\u201d"},"content":{"rendered":"<p>En el marco del Congreso Nacional Carlos Fuentealba, dialogamos con Joseba Villareal de Euskal Sindikatua, Central obrera del pa\u00eds vasco, sobre la situaci\u00f3n de los trabajadores en Europa<!--more--><\/p>\n<p>En el marco del Congreso Nacional Carlos Fuentealba, dialogamos con Joseba Villareal de Euskal Sindikatua, Central obrera del pa\u00eds vasco, sobre la situaci\u00f3n de los trabajadores en Europa<\/p>\n<p><strong>\u00bfCu\u00e1les son las caracter\u00edsticas del sindicalismo europeo?<\/strong><\/p>\n<p>&nbsp;<\/p>\n<p>Hoy en Europa hay una crisis latente, creada e impulsada donde quieren que los trabajadores paguemos la receta de esa crisis, es una receta vieja ya demasiado utilizada y ya conocida y nosotros desde nuestro sindicalismo lo que intentamos hacer es organizarnos, estar en la calle, sabemos y tenemos muy claro que no va a venir ninguna soluci\u00f3n desde los despachos y tenemos que trabajar sobre la organizaci\u00f3n para hacer un sindicato fuerte que est\u00e9 movilizado con la necesidades\u00a0 concretas de pueblo. Que reivindique no solo una lucha salarial sino que reivindique un modelo de sociedad, justicia social , que reivindique que a la clase trabajadora nos toca ocupar una posici\u00f3n en la que hace much\u00edsimo tiempo \u00a0hemos estado si es que hemos estado alguna vez.<\/p>\n<p>&nbsp;<\/p>\n<p><strong>\u00bfC\u00f3mo vive la sociedad europea la crisis internacional?<\/strong><\/p>\n<p>&nbsp;<\/p>\n<p>Hoy la crisis nos afecta desde los servicios sociales desde la sociedad de bienestar desde las prestaciones p\u00fablicas, la rebaja salarial, la precariedad laboral y la terrible sub-contrataci\u00f3n.<\/p>\n<p>Hoy en Europa es posible ser trabajador y pobre. Cada vez hay mas trabajadores pobres en Europa, eso antes era impensable y contradictorio trabajar y ser pobre y hoy es toda una realidad que hay millones de trabajadores pobres. Solo en Espa\u00f1a hay mas 6 millones de desempleados donde mas de la mitad ya no cobran ninguna prestaci\u00f3n. La crisis nos afecta con la falta notoria de servicios p\u00fablicos la falta de convenios y hoy se quieren cargar la negociaci\u00f3n colectiva, ya que quieren salir al mercado internacional compitiendo en la baja de salarios y eso es inadmisible y no se si vamos a ganar pero vamos a seguir profundizando para ser un obst\u00e1culo.<\/p>\n<p>&nbsp;<\/p>\n<p><strong>\u00bfDe qu\u00e9 manera se relaciona la situaci\u00f3n socioecon\u00f3mica que atraviesa el viejo continente con la realidad latinoamericana?<\/strong><\/p>\n<p>&nbsp;<\/p>\n<p>Nosotros estamos del otro lado del oc\u00e9ano con una distancia abismal en kil\u00f3metros pero sin embargo estamos muy cerca en t\u00e9rminos de problem\u00e1ticas, si bien partimos de un piso m\u00e1s alto de seguridad social, hoy la sociedad que estaba montada sobre esa estructura se complica aun mas cuando falta el sustento para poder mantener a la familia, para poder tener una vivienda digna, para poder tener a los hijos en la guarder\u00eda, la crisis es brutal y todos los gobiernos apuntan a ajustar hacia el mismo lado que somos los trabajadores. Pero tambi\u00e9n creemos de que es hora de sumar y de sumar no s\u00f3lo en t\u00e9rminos nacionales sino entre centrales mundiales y adem\u00e1s con organizaciones sociales y movimientos. El descontento en la sociedad est\u00e1 instaurado, porque la sociedad se siente defraudada. La situaci\u00f3n es compleja nosotros hemos declaro desde el 2009, 6 paros generales con much\u00edsima participaci\u00f3n y acatamiento, pero el gobierno no movi\u00f3 ni un dedo para revertir dicha situaci\u00f3n sino por el contrario agudizo la desocupaci\u00f3n.<\/p>\n<p>El desempleo es el elemento mas disciplinador que tiene el capital hacia la clase trabajadora. Pero tambi\u00e9n si estamos en este congreso es porque sabemos y creemos que es hora de pensar nuevas estrategias de resistencia con otros actores no solo del mundo sindical y la CTA para nosotros es referente de esa construcci\u00f3n.<\/p>\n<p>&nbsp;<\/p>\n","protected":false},"excerpt":{"rendered":"En el marco del Congreso Nacional Carlos Fuentealba, dialogamos con Joseba Villareal de Euskal Sindikatua, Central obrera del pa\u00eds vasco, sobre la situaci\u00f3n \n<a class=\"moretag\" href=\"https:\/\/ctainternacionales.org\/?p=1904\"> [...]<\/a>","protected":false},"author":1,"featured_media":0,"comment_status":"closed","ping_status":"closed","sticky":false,"template":"","format":"standard","meta":{"ngg_post_thumbnail":0,"footnotes":""},"categories":[],"tags":[],"class_list":["post-1904","post","type-post","status-publish","format-standard","hentry"],"_links":{"self":[{"href":"https:\/\/ctainternacionales.org\/index.php?rest_route=\/wp\/v2\/posts\/1904","targetHints":{"allow":["GET"]}}],"collection":[{"href":"https:\/\/ctainternacionales.org\/index.php?rest_route=\/wp\/v2\/posts"}],"about":[{"href":"https:\/\/ctainternacionales.org\/index.php?rest_route=\/wp\/v2\/types\/post"}],"author":[{"embeddable":true,"href":"https:\/\/ctainternacionales.org\/index.php?rest_route=\/wp\/v2\/users\/1"}],"replies":[{"embeddable":true,"href":"https:\/\/ctainternacionales.org\/index.php?rest_route=%2Fwp%2Fv2%2Fcomments&post=1904"}],"version-history":[{"count":4,"href":"https:\/\/ctainternacionales.org\/index.php?rest_route=\/wp\/v2\/posts\/1904\/revisions"}],"predecessor-version":[{"id":1908,"href":"https:\/\/ctainternacionales.org\/index.php?rest_route=\/wp\/v2\/posts\/1904\/revisions\/1908"}],"wp:attachment":[{"href":"https:\/\/ctainternacionales.org\/index.php?rest_route=%2Fwp%2Fv2%2Fmedia&parent=1904"}],"wp:term":[{"taxonomy":"category","embeddable":true,"href":"https:\/\/ctainternacionales.org\/index.php?rest_route=%2Fwp%2Fv2%2Fcategories&post=1904"},{"taxonomy":"post_tag","embeddable":true,"href":"https:\/\/ctainternacionales.org\/index.php?rest_route=%2Fwp%2Fv2%2Ftags&post=1904"}],"curies":[{"name":"wp","href":"https:\/\/api.w.org\/{rel}","templated":true}]}}