{"id":1892,"date":"2014-05-08T00:09:29","date_gmt":"2014-05-08T00:09:29","guid":{"rendered":"http:\/\/www.ctainternacionales.org\/?p=1892"},"modified":"2014-05-08T00:12:22","modified_gmt":"2014-05-08T00:12:22","slug":"chile-integracion-regional-la-cta-participo-de-la-presentacion-de-la-plada","status":"publish","type":"post","link":"https:\/\/ctainternacionales.org\/?p=1892","title":{"rendered":"Chile: Integraci\u00f3n regional La CTA particip\u00f3 de la presentaci\u00f3n de la PLADA"},"content":{"rendered":"<p><a href=\"http:\/\/www.ctainternacionales.org\/wp-content\/uploads\/2014\/05\/la-foto-21.jpg\"><img loading=\"lazy\" decoding=\"async\" class=\"aligncenter size-thumbnail wp-image-1896\" title=\"la foto 2\" src=\"http:\/\/www.ctainternacionales.org\/wp-content\/uploads\/2014\/05\/la-foto-21-307x166.jpg\" alt=\"\" width=\"307\" height=\"166\" \/><\/a><\/p>\n<p>El secretario de Relaciones Internacionales de la CTA, Adolfo Aguirre, el secretario General de ATE y presidente de la CLATE, Julio Fuentes, el secretario Adjunto de ATE, Hugo \u201cCachorro\u201d Godoy y la asesora de la Secretar\u00eda de Relaciones Internacionales de la CTA, Mait\u00e9 Llanos, estuvieron presentes en este evento, que marca el inicio de un proceso de debates con los gobiernos nacionales, sindicatos y movimientos sociales sobre la PLADA.<!--more--><\/p>\n<p>El secretario de Relaciones Internacionales de la CTA, Adolfo Aguirre, el secretario General de ATE y presidente de la CLATE, Julio Fuentes, el secretario Adjunto de ATE, Hugo \u201cCachorro\u201d Godoy y la asesora de la Secretar\u00eda de Relaciones Internacionales de la CTA, Mait\u00e9 Llanos, estuvieron presentes en este evento, que marca el inicio de un proceso de debates con los gobiernos nacionales, sindicatos y movimientos sociales sobre la PLADA.<\/p>\n<p>En un colmado e hist\u00f3rico Teatro Multistage de la ciudad de Santiago, la Confederaci\u00f3n Sindical de las Am\u00e9ricas present\u00f3 ante la presidenta Michelle Bachelet y su ministra de trabajo, la PLADA, herramienta construida colectivamente por el movimiento sindical y con aportes de movimientos sociales como Marcha Mundial de las Mujeres, Via Campesina y Amigos de la Tierra.<\/p>\n<p>La Plataforma de Desarrollo de las Am\u00e9ricas es una formulaci\u00f3n pol\u00edtica estrat\u00e9gica que tiene la relevancia de una herramienta elaborada en cuatro dimensiones: Pol\u00edtica, econ\u00f3mica, social y ambiental que se encuentran articuladas para llegar a un desarrollo sustentable; y la necesidad de trascender de la democracia representativa a una democracia participativa como elemento fundamental del propio desarrollo sustentable.<\/p>\n<p>La PLADA interpela con una propuesta elaborada durante m\u00e1s de dos a\u00f1os por un sin fin de organizaciones sindicales, ambientales, campesinas y que convoca a los movimientos sociales de toda la regi\u00f3n a una propuesta que pueda avanzar en la unidad contra el neoliberalismo y abrir nuevas o retrasadas agendas que posibiliten la emancipaci\u00f3n de otro modelo pol\u00edtico y social.<\/p>\n<p>Esta plataforma tambi\u00e9n es una herramienta que permite discutir con los gobiernos de la regi\u00f3n y colocar al movimiento sindical como un actor relevante frente a los procesos en curso en Am\u00e9rica Latina y el Caribe no solo como como un sujeto productor y reproductor de la fuerza de trabajo sino como un sujeto integral<\/p>\n<p>El ex presidente de Brasil Lula da Silva envi\u00f3 una carta desde \u00c1frica, lamentando no poder estar presente y apoyando el proceso de la PLADA y el presidente de Uruguay Jose Mujica, invit\u00f3 a la CSA a realizar en Montevideo la presentaci\u00f3n junto a \u00e9l y 7 de sus ministros.<\/p>\n<p>El secretario general de la CSA, Victor B\u00e1ez, anunci\u00f3 que se hab\u00eda elegido Chile para fortalecer los cambios que se ha propuesto hacer la recientemente reelecta presidenta.<\/p>\n<p>Esta herramienta pol\u00edtica, contiene una serie de demandas que constituyen un piso muy alto y consensuado de elementos que definen otro paradigma de desarrollo, basado en la sustentabilidad, con m\u00e1s democracia y participaci\u00f3n social y sindical, con protecci\u00f3n social, con m\u00e1s empleos dignos y con un desarrollo que respete los bienes comunes de Am\u00e9rica Latina.<\/p>\n<p>La presidenta Bachelet, felicit\u00f3 la iniciativa sindical que busca disputar el modelo de desarrollo, alentando a la participaci\u00f3n activa del sindicalismo en su pa\u00eds, anunciando una serie de instancias para su realizaci\u00f3n. A la vez, la presidenta anunci\u00f3 algunos importantes compromisos de su gobierno: Por una lado, una reforma educativa, para que la educaci\u00f3n deje de ser una mercanc\u00eda en Chile y se vuelva un derecho, para que sea gratuita y de calidad. Por otro lado, un debate profundo sobre el sistema de pensiones y de seguridad social, de modo de realizar cambios que garanticen a chilenos y chilenas pensiones dignas y seguridad social universal.<\/p>\n<p>EN cuanto al \u00e1mbito laboral, Bachelet, se comprometi\u00f3 en la ratificaci\u00f3n del Convenio 189 de la OIT, sobre trabajo dom\u00e9stico, y anunci\u00f3 la necesidad de cambiar la legislaci\u00f3n laboral que dificulta en la pr\u00e1ctica la sindicalizaci\u00f3n.<\/p>\n","protected":false},"excerpt":{"rendered":"El secretario de Relaciones Internacionales de la CTA, Adolfo Aguirre, el secretario General de ATE y presidente de la CLATE, Julio Fuentes, el \n<a class=\"moretag\" href=\"https:\/\/ctainternacionales.org\/?p=1892\"> [...]<\/a>","protected":false},"author":1,"featured_media":0,"comment_status":"closed","ping_status":"closed","sticky":false,"template":"","format":"standard","meta":{"ngg_post_thumbnail":0,"footnotes":""},"categories":[],"tags":[],"class_list":["post-1892","post","type-post","status-publish","format-standard","hentry"],"_links":{"self":[{"href":"https:\/\/ctainternacionales.org\/index.php?rest_route=\/wp\/v2\/posts\/1892","targetHints":{"allow":["GET"]}}],"collection":[{"href":"https:\/\/ctainternacionales.org\/index.php?rest_route=\/wp\/v2\/posts"}],"about":[{"href":"https:\/\/ctainternacionales.org\/index.php?rest_route=\/wp\/v2\/types\/post"}],"author":[{"embeddable":true,"href":"https:\/\/ctainternacionales.org\/index.php?rest_route=\/wp\/v2\/users\/1"}],"replies":[{"embeddable":true,"href":"https:\/\/ctainternacionales.org\/index.php?rest_route=%2Fwp%2Fv2%2Fcomments&post=1892"}],"version-history":[{"count":4,"href":"https:\/\/ctainternacionales.org\/index.php?rest_route=\/wp\/v2\/posts\/1892\/revisions"}],"predecessor-version":[{"id":1895,"href":"https:\/\/ctainternacionales.org\/index.php?rest_route=\/wp\/v2\/posts\/1892\/revisions\/1895"}],"wp:attachment":[{"href":"https:\/\/ctainternacionales.org\/index.php?rest_route=%2Fwp%2Fv2%2Fmedia&parent=1892"}],"wp:term":[{"taxonomy":"category","embeddable":true,"href":"https:\/\/ctainternacionales.org\/index.php?rest_route=%2Fwp%2Fv2%2Fcategories&post=1892"},{"taxonomy":"post_tag","embeddable":true,"href":"https:\/\/ctainternacionales.org\/index.php?rest_route=%2Fwp%2Fv2%2Ftags&post=1892"}],"curies":[{"name":"wp","href":"https:\/\/api.w.org\/{rel}","templated":true}]}}