{"id":1874,"date":"2014-04-14T15:44:09","date_gmt":"2014-04-14T15:44:09","guid":{"rendered":"http:\/\/www.ctainternacionales.org\/?p=1874"},"modified":"2014-04-14T15:45:10","modified_gmt":"2014-04-14T15:45:10","slug":"0a-paro-en-defensa-propia-apoyo-y-solidaridad-de-uso-de-espana","status":"publish","type":"post","link":"https:\/\/ctainternacionales.org\/?p=1874","title":{"rendered":"Paro en defensa propia Apoyo y solidaridad de USO de Espa\u00f1a"},"content":{"rendered":"<p>Javier de Vicente, secretario Confederal de Acci\u00f3n Internacional Uni\u00f3n Sindical Obrera (USO) remiti\u00f3 una nota al secretario de Relaciones Internacionales de la CTA, Adolfo \u00abFito\u00bb Aguirre, expresando la solidaridad de esa central espa\u00f1ola con el Paro Nacional que se lleva adelante hoy en nuestro pa\u00eds.<!--more--><\/p>\n<p>Javier de Vicente, secretario Confederal de Acci\u00f3n Internacional Uni\u00f3n Sindical Obrera (USO) remiti\u00f3 una nota al secretario de Relaciones Internacionales de la CTA, Adolfo \u00abFito\u00bb Aguirre, expresando la solidaridad de esa central espa\u00f1ola con el Paro Nacional que se lleva adelante hoy en nuestro pa\u00eds.<\/p>\n<p>La nota, fechada en Madrid el 9 de abril consigna lo siguiente:<\/p>\n<p>\u00abQuerido compa\u00f1ero Fito, Queridas compa\u00f1eras y compa\u00f1eros de la CTA.<\/p>\n<p>Ante la jornada de paro nacional que la Central de Trabajadores de la Argentina (CTA) ha convocado para el d\u00eda 10 de abril os enviamos desde Espa\u00f1a nuestro apoyo y solidaridad, deseando que esta jornada de lucha reivindicativa sea un gran \u00e9xito para la clase trabajadora de vuestro pa\u00eds y para el amplio movimiento social que represent\u00e1is.<\/p>\n<p>Sabemos que con esta iniciativa est\u00e1is combatiendo la situaci\u00f3n de p\u00e9rdida de poder adquisitivo de los salarios y pensiones ante la escalada de precios por encima del 30 % anual, los ajustes econ\u00f3micos, la econom\u00eda sumergida en la que se instalan diecisiete millones y medio de argentinos, el reendeudamiento, la fuga de capitales y la represi\u00f3n de la protesta social.<\/p>\n<p>Tal y como ya os transmitiera nuestro Secretario General, el compa\u00f1ero Julio Salazar, en el reciente congreso de vuestra Central celebrado en Mar de Plata, la USO felicita la acci\u00f3n continua de la CTA por no doblegarse frente a unas pol\u00edticas de ajuste que solo conducen a niveles insoportables de desigualdad, de pobreza y de exclusi\u00f3n social.<\/p>\n<p>Por eso os deseamos de coraz\u00f3n mucho \u00e9xito para conseguir vuestros justos reclamos de paritarias libres sin topes ni cuotas, un Salario M\u00ednimo, Vital y M\u00f3vil no inferior a 9000 pesos, la eliminaci\u00f3n del Impuesto a las Ganancias sobre los salarios y de los topes a las asignaciones familiares, el aumento jubilatorio de emergencia y 82% m\u00f3vil para los jubilados, la prohibici\u00f3n de suspensiones y despidos, y la eliminaci\u00f3n de la precarizaci\u00f3n laboral y las tercerizaciones, entre otras reivindicaciones\u00bb.<\/p>\n","protected":false},"excerpt":{"rendered":"Javier de Vicente, secretario Confederal de Acci\u00f3n Internacional Uni\u00f3n Sindical Obrera (USO) remiti\u00f3 una nota al secretario de Relaciones Internacionales de la CTA, \n<a class=\"moretag\" href=\"https:\/\/ctainternacionales.org\/?p=1874\"> [...]<\/a>","protected":false},"author":1,"featured_media":0,"comment_status":"closed","ping_status":"closed","sticky":false,"template":"","format":"standard","meta":{"ngg_post_thumbnail":0,"footnotes":""},"categories":[],"tags":[],"class_list":["post-1874","post","type-post","status-publish","format-standard","hentry"],"_links":{"self":[{"href":"https:\/\/ctainternacionales.org\/index.php?rest_route=\/wp\/v2\/posts\/1874","targetHints":{"allow":["GET"]}}],"collection":[{"href":"https:\/\/ctainternacionales.org\/index.php?rest_route=\/wp\/v2\/posts"}],"about":[{"href":"https:\/\/ctainternacionales.org\/index.php?rest_route=\/wp\/v2\/types\/post"}],"author":[{"embeddable":true,"href":"https:\/\/ctainternacionales.org\/index.php?rest_route=\/wp\/v2\/users\/1"}],"replies":[{"embeddable":true,"href":"https:\/\/ctainternacionales.org\/index.php?rest_route=%2Fwp%2Fv2%2Fcomments&post=1874"}],"version-history":[{"count":3,"href":"https:\/\/ctainternacionales.org\/index.php?rest_route=\/wp\/v2\/posts\/1874\/revisions"}],"predecessor-version":[{"id":1877,"href":"https:\/\/ctainternacionales.org\/index.php?rest_route=\/wp\/v2\/posts\/1874\/revisions\/1877"}],"wp:attachment":[{"href":"https:\/\/ctainternacionales.org\/index.php?rest_route=%2Fwp%2Fv2%2Fmedia&parent=1874"}],"wp:term":[{"taxonomy":"category","embeddable":true,"href":"https:\/\/ctainternacionales.org\/index.php?rest_route=%2Fwp%2Fv2%2Fcategories&post=1874"},{"taxonomy":"post_tag","embeddable":true,"href":"https:\/\/ctainternacionales.org\/index.php?rest_route=%2Fwp%2Fv2%2Ftags&post=1874"}],"curies":[{"name":"wp","href":"https:\/\/api.w.org\/{rel}","templated":true}]}}