{"id":1855,"date":"2014-04-14T15:22:43","date_gmt":"2014-04-14T15:22:43","guid":{"rendered":"http:\/\/www.ctainternacionales.org\/?p=1855"},"modified":"2014-04-14T15:22:43","modified_gmt":"2014-04-14T15:22:43","slug":"congreso-nacional-carlos-fuentealba-la-cta-construye-solidaridad-y-fraternidad-internacional","status":"publish","type":"post","link":"https:\/\/ctainternacionales.org\/?p=1855","title":{"rendered":"Congreso Nacional Carlos Fuentealba La CTA construye solidaridad y fraternidad internacional"},"content":{"rendered":"<p>&nbsp;<\/p>\n<p><a href=\"http:\/\/www.ctainternacionales.org\/wp-content\/uploads\/2014\/04\/internacionales2.jpg\"><img loading=\"lazy\" decoding=\"async\" class=\"aligncenter size-thumbnail wp-image-1858\" title=\"internacionales\" src=\"http:\/\/www.ctainternacionales.org\/wp-content\/uploads\/2014\/04\/internacionales2-307x230.jpg\" alt=\"\" width=\"307\" height=\"230\" \/><\/a><\/p>\n<p>\u00abHay una pol\u00edtica internacionalista que lleva adelante la Central, por eso es que hoy contamos con una delegaci\u00f3n de m\u00e1s de 30 compa\u00f1eros de Centrales compa\u00f1eras de la CTA\u00bb, de esta manera, Adolfo \u00abFito\u00bb Aguirre dio comienzo a los homenajes que se realizaron en el marco del Congreso.<!--more--><\/p>\n<p>\u00abHay una pol\u00edtica internacionalista que lleva adelante la Central, por eso es que hoy contamos con una delegaci\u00f3n de m\u00e1s de 30 compa\u00f1eros de Centrales compa\u00f1eras de la CTA\u00bb, de esta manera, Adolfo \u00abFito\u00bb Aguirre dio comienzo a los homenajes que se realizaron en el marco del Congreso<\/p>\n<p>as actividades comenzaron con un homenaje a \u00abun grande de este tiempo, al compa\u00f1ero Nelson Mandela\u201d, present\u00f3 Aguirre.<\/p>\n<p>Tras el video homenaje, hizo uso de la palabra Jorge Yabkowski secretario General de Fesprosa y secretario de Salud Laboral de la CTA: \u201cPara los trabajadores de todo el mundo, para los trabajadores argentinos, reivindicar la historia de Nelson Mandela, no es evocar una figura neutra. Implica meternos en el origen de los pueblos por su liberaci\u00f3n\u201d.<\/p>\n<p>Yabkowski hizo un an\u00e1lisis de las principales luchas que protagoniz\u00f3 Mandela en la lucha por la liberaci\u00f3n de su pueblo en manos de las minor\u00edas racistas. \u201cNo se puede entender las luchas de \u00c1frica sin remontarnos a la pelea de Mandela en el Congreso Nacional Africano\u201d.<\/p>\n<p>\u201cFito\u201d Aguirre pidi\u00f3 que suban al escenario cada uno de los compa\u00f1eros de la delegaci\u00f3n internacional e invit\u00f3 a que haga un saludo el compa\u00f1ero de CUT-A de Paraguay, Bernardo Rojas: \u201cMuchas gracias a los compa\u00f1eros por habernos invitado. Mucha felicidad de estar aqu\u00ed, les traigo el fervoroso saludo de nuestras dos Centrales y agradecemos la solidaridad recibida el d\u00eda de la huelga que hicimos el 26 de marzo reclamando mejores condiciones de vida, por mejoras salariales, contra la ley de privatizaci\u00f3n y por la liberaci\u00f3n del pueblo\u201d.<\/p>\n<p>\u201cSe puede decir que el 26 de marzo, los trabajadores paraguayos han derrotado al neoliberalismo. Reiteramos nuestro agradecimiento a la CTA, con quien nos unen lazos muy fuertes de amistad y fraternidad, porque el pueblo paraguayo y el pueblo argentino est\u00e1n unido en una misma lucha\u201d, agreg\u00f3 Rojas.<\/p>\n<p>Luego, el dirigente de la secretar\u00eda de Relaciones Internacionales present\u00f3: \u201cA 50 a\u00f1os del golpe de Estado de Brasil, queremos presentar a dos dirigentes que resistieron a aquella dictadura: el compa\u00f1ero Rafael Freire del Sindicato de Profesores del Estado de Sao Pablo, fue secretario General de la CSA y durante su mandato la CTA pudo ingresar a la organizaci\u00f3n, porque ven\u00edamos siendo vedados y Joao Batista, inici\u00f3 su militancia como metal\u00fargico y actualmente es miembro de la Federaci\u00f3n Sindical Mundial\u201d.<\/p>\n<p>Rafeael Freire de la CSA comenz\u00f3 su discurso pidiendo la afiliaci\u00f3n a la Central: \u201cLe dije a Micheli que voy a pedir la afiliaci\u00f3n a la CTA, porque he estado en todos los congresos de la CTA, desde su fundaci\u00f3n. Es un orgullo estar aqu\u00ed, quiero saludar este Congreso. Estamos presentes en el Congreso de una de las Centrales que m\u00e1s aporta en la construcci\u00f3n de la CSA, la lucha de las compa\u00f1eras y de la pelea que est\u00e1n dando liderado por Alejandra Angriman, ha dado un giro muy importante en la CSA\u201d.<\/p>\n<p>Freire tambi\u00e9n desafi\u00f3 a la construcci\u00f3n de mayor unidad regional: \u201cEl sindicalismo latinoamericano est\u00e1 demostrando que es posible construir una organizaci\u00f3n democr\u00e1tica, de masas, clasista como lo es la CTA. Quiero agradecer el apoyo de la CTA a la candidatura del compa\u00f1ero Joao Felicio, que actualmente es el \u00fanico candidato para la conducci\u00f3n de la CSI. Tenemos que seguir construyendo esta integraci\u00f3n. Viva la CTA, vivan los compa\u00f1eros argentinos\u201d.<\/p>\n<h3>No al bloqueo de Cuba<\/h3>\n<p>A continuaci\u00f3n se realiz\u00f3 un acto internacionalista contra el bloqueo a Cuba y por la liberaci\u00f3n de los 5 compa\u00f1eros detenidos en c\u00e1rceles norteamericanas. Julio Bertomeo de la Federaci\u00f3n Judicial Argentina resumi\u00f3: \u201cCuando en los pa\u00edses de este lado del mundo debieron afrontar las dictaduras militares, los compa\u00f1eros cubanos se solidarizaron y alojaron a cientos de trabajadores y exiliados. Esta lucha es completa, nosotros hemos realizado algunas medidas que realizamos en conjunto con ATE para la incorporaci\u00f3n de los compa\u00f1eros a la CLATE. Apostamos a la unidad de clase en la construcci\u00f3n de esta resistencia con la unidad de los pueblos. En unidad con todos los compa\u00f1eros de la delegaci\u00f3n internacional, decimos No al ALCA\u201d.<\/p>\n<p>Al respecto tambi\u00e9n habl\u00f3 Fernando Cardozo, coordinador del ALBA-Cap\u00edtulo Argentino: \u201cQueremos reafirmar nuestro compromiso inquebrantable con el pueblo cubano, que son un ejemplo de lucha y resistencia, que cada d\u00eda soportan los ataques de Estados Unidos. Actualmente asistimos a una de las m\u00e1s sucias campa\u00f1as desde los 55 a\u00f1os de la liberaci\u00f3n de Cuba, como lo es el bloqueo econ\u00f3mico y comercial. Aprovechamos a recordar que ponemos a disposici\u00f3n a toda la clase trabajadora de la CTA, que se reconoce anticapitalista, antipatriarcal, socialista y clasista \u00a1Viva la Cuba socialista!\u00bb<\/p>\n<p><!--more--><\/p>\n<p>&nbsp;<\/p>\n","protected":false},"excerpt":{"rendered":"&nbsp; \u00abHay una pol\u00edtica internacionalista que lleva adelante la Central, por eso es que hoy contamos con una delegaci\u00f3n de m\u00e1s de 30 \n<a class=\"moretag\" href=\"https:\/\/ctainternacionales.org\/?p=1855\"> [...]<\/a>","protected":false},"author":1,"featured_media":0,"comment_status":"closed","ping_status":"closed","sticky":false,"template":"","format":"standard","meta":{"ngg_post_thumbnail":0,"footnotes":""},"categories":[],"tags":[],"class_list":["post-1855","post","type-post","status-publish","format-standard","hentry"],"_links":{"self":[{"href":"https:\/\/ctainternacionales.org\/index.php?rest_route=\/wp\/v2\/posts\/1855","targetHints":{"allow":["GET"]}}],"collection":[{"href":"https:\/\/ctainternacionales.org\/index.php?rest_route=\/wp\/v2\/posts"}],"about":[{"href":"https:\/\/ctainternacionales.org\/index.php?rest_route=\/wp\/v2\/types\/post"}],"author":[{"embeddable":true,"href":"https:\/\/ctainternacionales.org\/index.php?rest_route=\/wp\/v2\/users\/1"}],"replies":[{"embeddable":true,"href":"https:\/\/ctainternacionales.org\/index.php?rest_route=%2Fwp%2Fv2%2Fcomments&post=1855"}],"version-history":[{"count":1,"href":"https:\/\/ctainternacionales.org\/index.php?rest_route=\/wp\/v2\/posts\/1855\/revisions"}],"predecessor-version":[{"id":1859,"href":"https:\/\/ctainternacionales.org\/index.php?rest_route=\/wp\/v2\/posts\/1855\/revisions\/1859"}],"wp:attachment":[{"href":"https:\/\/ctainternacionales.org\/index.php?rest_route=%2Fwp%2Fv2%2Fmedia&parent=1855"}],"wp:term":[{"taxonomy":"category","embeddable":true,"href":"https:\/\/ctainternacionales.org\/index.php?rest_route=%2Fwp%2Fv2%2Fcategories&post=1855"},{"taxonomy":"post_tag","embeddable":true,"href":"https:\/\/ctainternacionales.org\/index.php?rest_route=%2Fwp%2Fv2%2Ftags&post=1855"}],"curies":[{"name":"wp","href":"https:\/\/api.w.org\/{rel}","templated":true}]}}