{"id":1840,"date":"2014-04-14T15:05:49","date_gmt":"2014-04-14T15:05:49","guid":{"rendered":"http:\/\/www.ctainternacionales.org\/?p=1840"},"modified":"2014-04-14T15:16:39","modified_gmt":"2014-04-14T15:16:39","slug":"congreso-nacional-carlos-fuentealba-centrales-del-mundo-acompanan-a-la-cta","status":"publish","type":"post","link":"https:\/\/ctainternacionales.org\/?p=1840","title":{"rendered":"Congreso Nacional Carlos Fuentealba Centrales del mundo acompa\u00f1an a la CTA"},"content":{"rendered":"<p><a href=\"http:\/\/www.ctainternacionales.org\/wp-content\/uploads\/2014\/04\/Internacionales051.jpg\"><img loading=\"lazy\" decoding=\"async\" class=\"aligncenter size-thumbnail wp-image-1852\" title=\"Internacionales05\" src=\"http:\/\/www.ctainternacionales.org\/wp-content\/uploads\/2014\/04\/Internacionales051-307x230.jpg\" alt=\"\" width=\"307\" height=\"230\" \/><\/a><\/p>\n<p>Previo al inicio del Congreso Nacional \u201cCarlos Fuentealba\u201d se realiz\u00f3 un encuentro de miembros de la Conducci\u00f3n Nacional de la CTA con m\u00e1s de 30 representantes de Centrales Sindicales de distintas partes del mundo. En la reuni\u00f3n se hizo un repaso de las principales luchas que protagoniza la CTA en esta etapa y se avanz\u00f3 en un intercambio de experiencias a fin de profundizar en la unidad de la clase trabajadora<a href=\"http:\/\/www.ctainternacionales.org\/wp-content\/uploads\/2014\/04\/Internacionales05.jpg\"><br \/>\n<\/a><!--more--><\/p>\n<p>&nbsp;<\/p>\n<p>Previo al inicio del Congreso Nacional \u201cCarlos Fuentealba\u201d se realiz\u00f3 un encuentro de miembros de la Conducci\u00f3n Nacional de la CTA con m\u00e1s de 30 representantes de Centrales Sindicales de distintas partes del mundo. En la reuni\u00f3n se hizo un repaso de las principales luchas que protagoniza la CTA en esta etapa y se avanz\u00f3 en un intercambio de experiencias a fin de profundizar en la unidad de la clase trabajadora<\/p>\n<p>En un primer momento Adolfo \u201cFito\u201d Aguirre, cont\u00f3 que Joao Felicio ser\u00e1 presidente de la Central Sindical Internacional: \u201cComo lo fue el compa\u00f1ero Carlos Custer, otro latinoamericano ser\u00e1 dirigente de la CSI\u201d. Aguirre tambi\u00e9n dio la bienvenida a la delegaci\u00f3n internacional: \u201cLa idea de este encuentro tiene que ver con que estamos camino al Congreso que va a empezar hoy, y de la cercan\u00eda a las elecciones de Conducci\u00f3n Nacional de CTA, que son por el voto directo de un padr\u00f3n de m\u00e1s de un mill\u00f3n de afiliados\u201d.<\/p>\n<p>Adem\u00e1s del secretario de Relaciones Internacionales, por parte de la Mesa Nacional de la CTA, se hicieron presentes: Jos\u00e9 Rigane, Ricardo Peidro, Juan Carlos \u201cpip\u00f3n\u201d Giuliani, Hugo Blasco, Jos\u00e9 Zas, Lidia Mesa, Julio Fuentes, Carlos Custer, Carolina Ocar, entre otros compa\u00f1eros y compa\u00f1eras de la Central.<\/p>\n<p>Los dirigentes de la Central, en sus intervenciones, hicieron un recorrido por las principales luchas que protagoniza la CTA en esta etapa: \u201cPara nuestra Central, es muy importante tener la posibilidad de reforzar esta relaci\u00f3n para el crecimiento organizativo en la construcci\u00f3n de poder del movimiento obrero para poder afrontar al gran Capital y la crisis que quieren descargar sobre el conjunto de los trabajadores\u201d, comenz\u00f3 a decir Jos\u00e9 Rigane a la delegaci\u00f3n internacional.<\/p>\n<p>El dirigente de Luz y Fuerza tambi\u00e9n mencion\u00f3 que: \u201cLa Central, se puso como propuesta recuperar los lineamientos principales desde su fundaci\u00f3n: recuperar la calle y estar presentes en cada uno de los conflictos; recuperar la identidad de clase y hacernos cargo de las necesidades del conjunto de los sectores populares y el movimiento obrero\u201d.<\/p>\n<p>\u201cArgentina no escapa a la crisis global, sino que es parte de ella porque est\u00e1 dentro del sistema capitalista. Nuestra crisis se ha caracterizado fuertemente por el proceso inflacionario y la gran devaluaci\u00f3n que reduce nuestros salarios\u201d, explic\u00f3 Rigane.<\/p>\n<p>El Secretario Adjunto relat\u00f3 a los invitados internacionales sobre c\u00f3mo, durante la d\u00e9cada neoliberal, se privatizaron todas las empresas del Estado: \u201cHoy no tenemos ninguna empresa que represente los intereses del pueblo argentino. Esta no es una cuesti\u00f3n menor, porque tiene que ver con el modelo productivo que es a lo que nos enfrentamos\u201d.<\/p>\n<p>En este sentido Rigane cont\u00f3: \u201cNo somos soberanos, son los grupos multinacionales los que deciden. En esta direcci\u00f3n la Central se propuso un desaf\u00edo importante de llevar adelante una Consulta Popular haciendo epicentro en los bienes comunes y recursos naturales. Una iniciativa de unir todas las luchas que confrontan con el modelo econ\u00f3mico\u201d.<\/p>\n<p>A su turno, el secretario General Adjunto, Ricardo Peidro record\u00f3: \u201cA pesar de la Ley sindical vigente, las nuevas organizaciones y comisiones internas se siguen desarrollando. Ese crecimiento hacia el interior de la Central, se expresa en todo el pa\u00eds\u201d.<\/p>\n<p>\u201cHace unos a\u00f1os, otro congreso de la CTA vot\u00f3 la organizaci\u00f3n de los trabajadores del sector privado, hoy hay un gran crecimiento del sector privado dentro de la CTA. Esto fue posible gracias a gran cantidad de fallos de libertad y democracia sindical. Hoy nos hace falta avanzar en una ley que de respaldo a cada uno de estos fallos\u201d, agreg\u00f3 Peidro.<\/p>\n<p>El dirigente de Agentes de Propaganda M\u00e9dica mencion\u00f3: \u201cNo somos la mayor\u00eda, representamos a un mill\u00f3n 200 mil trabajadores, pero hemos conseguido gran capacidad de movilizaci\u00f3n. Las \u00faltimas marchas han sido multitudinarias. El pr\u00f3ximo paro va a ser contundente, para nosotros es fundamental la unidad en la acci\u00f3n, que no significa unidad org\u00e1nica. No es unidad de acci\u00f3n entre dirigentes, sino entre trabajadores\u201d.<\/p>\n<p>\u201cCon el avance inflacionario, los conflictos salariales y todos los problemas que tenemos como laburantes, es imprescindible avanzar en la unidad de acci\u00f3n dentro de la autonom\u00eda. Nosotros somos aut\u00f3nomos, inclusive, de los que pudi\u00e9ramos considerar nuestro gobierno. Nosotros no somos central anti K ni opositora: somos una Central con autonom\u00eda\u201d, termin\u00f3 Peidro.<\/p>\n<p>A fin de profundizar sobre las luchas que mantienen en pie a la clase trabajadora argentina, Julio Fuentes se refiri\u00f3 a los \u00faltimos episodios de criminalizaci\u00f3n de la protesta social, ejemplificando con los procesados de la Asociaci\u00f3n de Trabajadores del Estado (ATE-CTA). Tambi\u00e9n detall\u00f3 el proceso judicial que conden\u00f3 a cadena perpetua a los cinco trabajadores petroleros.<\/p>\n<h3>Aportes al debate desde una mirada internacional<\/h3>\n<p><img loading=\"lazy\" decoding=\"async\" src=\"http:\/\/www.agenciacta.org\/IMG\/jpg\/Internacionales05.jpg\" alt=\"\" width=\"400\" height=\"300\" \/>Alvis P\u00e9rez, de la UNT Venezuela aprovech\u00f3 para resaltar la concepci\u00f3n de la CTA respecto de los trabajadores que la integran: \u201cMe llama mucho la atenci\u00f3n que puedan entender como trabajadores a quienes no est\u00e1n en relaci\u00f3n de dependencia. Actualmente en Venezuela, hay sectores muy poderosos que est\u00e1n queriendo dividir a la clase trabajadora y hacer ver esta pelea como antisindical\u201d.<\/p>\n<p>Rafael Freire, miembro de la Central Sindical de las Am\u00e9ricas, dijo: \u201cLa presencia de la CSA en este Congreso, no es una mera formalidad, sino que es una compa\u00f1\u00eda constante. En todas las peleas que hemos dado desde la agenda continental, la Central siempre ha estado presente. Sabemos que hay mucha diversidad desde la construcci\u00f3n pol\u00edtica, pero eso no es un impedimento, sino una potencialidad para construir mayor unidad de la clase obrera\u201d.<\/p>\n<p>El dirigente brasile\u00f1o enfatiz\u00f3: \u201cNadie puede decir que la CTA es indiferente a la pol\u00edtica nacional. Porque la CTA es un claro ejemplo de disputa de poder a trav\u00e9s de la construcci\u00f3n de espacios de discusi\u00f3n, con el diputado V\u00edctor De Gennaro. Desde la CSA creemos que la \u00fanica manera de cambiar la situaci\u00f3n de los trabajadores, es cambiando nuestros pa\u00edses. Democratizando al Estado y a sus instituciones\u201d.<\/p>\n<p>\u201cLa candidatura de Joao Felicio para dirigir la CSI fue una iniciativa de la CUT de Brasil, luego desde la CSA y en este sentido, estamos muy agradecidos con la CTA que conduce Pablo Micheli, porque han apoyado fuertemente al compa\u00f1ero Felicio\u201d, finaliz\u00f3 su intervenci\u00f3n Freire.<\/p>\n<p>El dirigente de la Central paraguaya CTN, Miguel Zayas, mencion\u00f3 la grave situaci\u00f3n que atraviesa su pa\u00eds respecto del avance de la derecha. A la vez, cont\u00f3 las principales reivindicaciones del paro general que tuvo lugar la semana pasada en Paraguay, donde despu\u00e9s de 10 a\u00f1os, todas las Centrales sindicales se unieron en un gran paro general.<\/p>\n<p>A su turno, el referente de CGI de Galicia, Moncho Boan reflexion\u00f3: \u201cEl esfuerzo del movimiento sindical en distintas partes del mundo, no ha podido frenar las medidas econ\u00f3micas que descargan los gobiernos en los trabajadores y el pueblo en general, la crisis europea. Me sorprende gratamente el vigor del sindicalismo latinoamericano para enfrentar la crisis capitalista\u201d.<\/p>\n<p>\u201cEl movimiento sindical es la \u00fanica forma de enfrentar el avance del liberalismo, la judicializaci\u00f3n y criminalizaci\u00f3n de la clase obrera y del pueblo en General\u201d, agreg\u00f3 Boan.<\/p>\n<h3>Otras intervenciones<\/h3>\n<p>Luego tom\u00f3 la palabra Juan Carlos \u201cpip\u00f3n Giuliani\u201d, qui\u00e9n se refiri\u00f3 a la pelea que est\u00e1 dando la CTA en defensa de la libertad y la democracia sindical: \u201cPor qu\u00e9 el modelo sindical nuestro: porque intentamos contener al sujeto social aqu\u00ed y ahora. Porque nosotros creemos que la calidad de trabajador no la da estar o no registrado. En realidad la condici\u00f3n de trabajador es todo aquel que trabaja, trabaj\u00f3 o no encuentra trabajo\u201d.<\/p>\n<p>Giuliani analiz\u00f3 la situaci\u00f3n pol\u00edtica nacional:\u201cRecuperada la democracia en el continente que se construye en un acervo de no hacer olas para que no vuelvan los milicos, una suerte de resignaci\u00f3n que se fue convirtiendo en ideolog\u00eda de los que terminan siendo gerentes del poder real. Pero mientras se siga sosteniendo intacto el tipo de acumulaci\u00f3n de ganancia del capitalismo, no va a cambiar nada\u201d.<\/p>\n<p>\u201cCuando definimos confrontar con esa parte de la CTA fue porque nosotros venimos a transformar la realidad y para eso tiene que haber un cambio en la acumulaci\u00f3n capitalista. Los que dicen que no tenemos que hacerle el juego a la derecha, son los que est\u00e1n cuidando sus propios intereses. Nosotros s\u00ed creemos que en esta parte del mundo se est\u00e1 escribiendo un nuevo manifiesto, est\u00e1 todo en revoluci\u00f3n\u201d, resalt\u00f3 \u201cPip\u00f3n\u201d.<\/p>\n<p><img loading=\"lazy\" decoding=\"async\" src=\"http:\/\/www.agenciacta.org\/IMG\/jpg\/Internacionales06.jpg\" alt=\"\" width=\"400\" height=\"300\" \/>Finalmente, Adolfo Aguirre cerr\u00f3 el evento haciendo una evaluaci\u00f3n de la coyuntura sindical y pol\u00edtica en Argentina. Se refiri\u00f3 a las particularidades que adquiri\u00f3 la organizaci\u00f3n sindical en la \u00faltima etapa: \u201cEl intento de restringir el derecho de huelga, de manifestarse contra las medidas que afectan sus intereses, como quiso ensayar en Argentina con los docentes el \u00faltimo tiempo, es una necesidad del capitalismo global. Intentaron hacerlo en pa\u00edses donde el movimiento sindical est\u00e1 d\u00e9bil, sino tambi\u00e9n en otros donde el movimiento sindical est\u00e1 m\u00e1s vigoroso. Lo vimos en Uruguay, en Brasil, y las \u00faltimas semanas en Argentina\u201d.<\/p>\n<p>\u201cEs importante que aparezcan nuevas peleas, nuevas formas de movilizaci\u00f3n, para cambiar el status quo de las medidas de fuerza, eso va a depender de la creatividad de cada organizaci\u00f3n y qu\u00e9 es lo m\u00e1s efectivo en cada lugar. Es imprescindible tambi\u00e9n que crezca la solidaridad y la cooperaci\u00f3n entre las Centrales sindicales de todo el mundo para avanzar en un internacionalismo que no le suelta la mano a nadie\u201d, cerr\u00f3 el dirigente de Relaciones Internacionales.<\/p>\n<p><strong>Fotos: Walter Piedras, Nicol\u00e1s Honigesz<\/strong><\/p>\n<p><strong>Audios: Miguel Aguirre<\/strong><\/p>\n","protected":false},"excerpt":{"rendered":"Previo al inicio del Congreso Nacional \u201cCarlos Fuentealba\u201d se realiz\u00f3 un encuentro de miembros de la Conducci\u00f3n Nacional de la CTA con m\u00e1s \n<a class=\"moretag\" href=\"https:\/\/ctainternacionales.org\/?p=1840\"> [...]<\/a>","protected":false},"author":1,"featured_media":0,"comment_status":"closed","ping_status":"closed","sticky":false,"template":"","format":"standard","meta":{"ngg_post_thumbnail":0,"footnotes":""},"categories":[],"tags":[],"class_list":["post-1840","post","type-post","status-publish","format-standard","hentry"],"_links":{"self":[{"href":"https:\/\/ctainternacionales.org\/index.php?rest_route=\/wp\/v2\/posts\/1840","targetHints":{"allow":["GET"]}}],"collection":[{"href":"https:\/\/ctainternacionales.org\/index.php?rest_route=\/wp\/v2\/posts"}],"about":[{"href":"https:\/\/ctainternacionales.org\/index.php?rest_route=\/wp\/v2\/types\/post"}],"author":[{"embeddable":true,"href":"https:\/\/ctainternacionales.org\/index.php?rest_route=\/wp\/v2\/users\/1"}],"replies":[{"embeddable":true,"href":"https:\/\/ctainternacionales.org\/index.php?rest_route=%2Fwp%2Fv2%2Fcomments&post=1840"}],"version-history":[{"count":4,"href":"https:\/\/ctainternacionales.org\/index.php?rest_route=\/wp\/v2\/posts\/1840\/revisions"}],"predecessor-version":[{"id":1854,"href":"https:\/\/ctainternacionales.org\/index.php?rest_route=\/wp\/v2\/posts\/1840\/revisions\/1854"}],"wp:attachment":[{"href":"https:\/\/ctainternacionales.org\/index.php?rest_route=%2Fwp%2Fv2%2Fmedia&parent=1840"}],"wp:term":[{"taxonomy":"category","embeddable":true,"href":"https:\/\/ctainternacionales.org\/index.php?rest_route=%2Fwp%2Fv2%2Fcategories&post=1840"},{"taxonomy":"post_tag","embeddable":true,"href":"https:\/\/ctainternacionales.org\/index.php?rest_route=%2Fwp%2Fv2%2Ftags&post=1840"}],"curies":[{"name":"wp","href":"https:\/\/api.w.org\/{rel}","templated":true}]}}