{"id":1834,"date":"2014-03-25T16:35:21","date_gmt":"2014-03-25T16:35:21","guid":{"rendered":"http:\/\/www.ctainternacionales.org\/?p=1834"},"modified":"2014-04-14T15:25:39","modified_gmt":"2014-04-14T15:25:39","slug":"reportaje-a-bernardo-rojas-secretario-general-de-la-cut-a-huelga-general-en-paraguay","status":"publish","type":"post","link":"https:\/\/ctainternacionales.org\/?p=1834","title":{"rendered":"Reportaje a Bernardo Rojas, secretario General de la CUT-A Huelga general en Paraguay"},"content":{"rendered":"<p>El Paraguay enfrenta una huelga general para el 26 de Marzo de todos los sectores de la clase trabajadora, las centrales obreras: Central Unitaria de trabajadores Autentica (CUT-A); Confederaci\u00f3n de la Clase Trabajadora (CCT); Central Sindical de los Trabajadores del Paraguay (CESITP); Central Unitaria de los Trabajadores (CUT); Central Nacional de Trabajadores (CNT); Central General de Trabajadores (CGT); Confederaci\u00f3n Paraguaya de Trabajadores (CPT) y la Federaci\u00f3n Nacional de Estudiantes Secundarios (FENAES) y organizaciones de campesinos que se suman a la unidad de acci\u00f3n.<!--more--><a href=\"http:\/\/www.ctainternacionales.org\/wp-content\/uploads\/2014\/03\/Bernardo-Rojas-2.jpg\"><img loading=\"lazy\" decoding=\"async\" class=\"aligncenter size-thumbnail wp-image-1835\" title=\"Bernardo-Rojas-2\" src=\"http:\/\/www.ctainternacionales.org\/wp-content\/uploads\/2014\/03\/Bernardo-Rojas-2-307x229.jpg\" alt=\"\" width=\"307\" height=\"229\" \/><\/a><\/p>\n<p>El Paraguay enfrenta una huelga general para el 26 de Marzo de todos los sectores de la clase trabajadora, las centrales obreras: Central Unitaria de trabajadores Autentica (CUT-A); Confederaci\u00f3n de la Clase Trabajadora (CCT); Central Sindical de los Trabajadores del Paraguay (CESITP); Central Unitaria de los Trabajadores (CUT); Central Nacional de Trabajadores (CNT); Central General de Trabajadores (CGT); Confederaci\u00f3n Paraguaya de Trabajadores (CPT) y la Federaci\u00f3n Nacional de Estudiantes Secundarios (FENAES) y organizaciones de campesinos que se suman a la unidad de acci\u00f3n. El actual presidente del Paraguay, Horacio Cartes, gan\u00f3 la elecci\u00f3n en abril del 2013 y con apenas meses desde su asunci\u00f3n como presidente puso en marcha un proceso de ajuste y congelamiento salarial acompa\u00f1ado por privatizaciones como las que reinaron en la regi\u00f3n hace 20 a\u00f1os.<\/p>\n<p>El gobierno, que es apoyado por los dem\u00e1s poderes del Estado, posee una pol\u00edtica que est\u00e1 al servicio del neoliberalismo y fortalece el modelo agroexportador que s\u00f3lo favorece a los sojeros, ganaderos y ataca violentamente el nivel de vida de los trabajadores aumentando as\u00ed la brecha de desigualdades de uno de los pa\u00edses m\u00e1s asim\u00e9tricos en la regi\u00f3n. El gobierno de Paraguay aprob\u00f3 una ley de Alianza p\u00fablico-privada con la que pretende entregar el patrimonio nacional a manos del sector privado.<\/p>\n<p>Cartes es un empresario de dudosa procedencia que se afili\u00f3 al Partido Colorado en el a\u00f1o 2009 y en tan s\u00f3lo 4 a\u00f1os gan\u00f3 su primera elecci\u00f3n interna dentro del partido que le permiti\u00f3 ser candidato a la presidencia por dicha fuerza. El partido Colorado hoy vuelve gobernar despu\u00e9s de la gesti\u00f3n de Fernando Lugo quien fue derrocado por el Parlamento \u201cen nombre de la democracia\u201d y pusieron fin a un proyecto de renovaci\u00f3n buscando la \u201cnormalidad\u201d. En este contexto de preparativos para una huelga general hist\u00f3rica en Paraguay conversamos con <span class=\"spip_surligne\">Bernardo<\/span> <span class=\"spip_surligne\">Rojas<\/span> secretario General de la CUT-A.<\/p>\n<p>Paraguay es el Pa\u00eds de mayor desigualdad en toda la regi\u00f3n. Se estima que el 64% de la poblaci\u00f3n tienen necesidades b\u00e1sicas insatisfechas con un 20% de extrema pobreza. La poblaci\u00f3n rural representa el 43%; pero en 351 propietarios se concentra el 77% del total de las tierras y el 40 % de los agricultores s\u00f3lo tienen el 1% de las tierras.<\/p>\n<p>En este aspecto <span class=\"spip_surligne\">Bernardo<\/span> dijo: \u00abHemos comenzado este trabajo tambi\u00e9n con los campesinos y fundamentalmente contra la ley de alianza p\u00fablico privada que no es m\u00e1s que una ley de privatizaci\u00f3n encubierta que le entrega al sector privado todo lo referente a los recursos estrat\u00e9gicos del Estado como ser agua, luz, telecomunicaciones, Puertos, Educaci\u00f3n y la salud, al igual que todas las rutas. Con esta ley la educaci\u00f3n y la salud pasan a manos privadas. al igual que todo lo referido a bienes y servicios. La entrega es por 30 a\u00f1os donde el riesgo corre en manos del Estado. Es una privatizaci\u00f3n salvaje\u00bb.<\/p>\n<p>\u00abHay una gran aceptaci\u00f3n y expectativa de todos los sectores para la medida de fuerza que estamos preparando; las seis centrales sindicales nos juntamos en esta oportunidad tratando de encontrar la manera de enfrentar este modelo econ\u00f3mico que est\u00e1n imponiendo en el Paraguay de privatizaciones y congelamiento salarial, un ajuste econ\u00f3mico tremendo.\u00bb<\/p>\n<p>\u00abCon las seis centrales obreras llegamos a un acuerdo de unidad de acci\u00f3n que culmine con la huelga general ya que el gobierno se ha negado sistem\u00e1ticamente a conversar la problem\u00e1tica laboral. Tenemos el apoyo de m\u00e1s del 80 % de los trabajadores y todos los sectores. Se adhieren a la huelga los sectores de transporte, salud, educaci\u00f3n, del sector de la industria, del comercio, campesinos y estudiantes\u00bb, subray\u00f3 <span class=\"spip_surligne\">Rojas<\/span>.<\/p>\n<p>El dirigente tambi\u00e9n se\u00f1al\u00f3: \u00abEsto nos llev\u00f3 a discutir profundamente con el sector campesino que hoy est\u00e1 adherido a la huelgas y ellos van hacer movilizaciones en el interior del pa\u00eds con cortes de rutas, piquetes. Ellos ya se encuentran preparados para la gran huelga del 26 de marzo\u00bb.<\/p>\n<p>Paraguay posee una de las tasas de sindicalizaci\u00f3n m\u00e1s bajas de la regi\u00f3n de apenas el 10%, en su mayor\u00eda provenientes del sector p\u00fablico. Es uno de los pa\u00edses de mayor informalidad y precariedad laboral y una fuerte desprotecci\u00f3n en derechos laborales.<\/p>\n<p>Con respecto a esta violaci\u00f3n de los derechos de libertad sindical, <span class=\"spip_surligne\">Bernardo<\/span> expreso: \u00abHay una complicidad entre el gobierno, el poder judicial y la fiscal\u00eda que reprimen a los trabajadores. En la \u00e9poca de la dictadura hab\u00eda una ley llamada Defensa de la paz publica y libertad de la persona, la ley 209. Hoy se vuelve a aplicar esa misma ley con el nombre de Perturbaci\u00f3n de la paz p\u00fablica, y con esta ley son imputados y apresados los dirigentes por organizar manifestaciones o encuentros, o sea toda manifestaci\u00f3n es reprimida judicialmente para atemorizar a los dirigentes. Incluso nos reunimos con el episcopado de Paraguay para que interceda en esto que nos esta pasando\u00bb.<\/p>\n<p>En Paraguay el 66% del total de la tierra cultivada es soja con una producci\u00f3n aproximada de 10 millones de toneladas que es controlada por las multinacionales ADM, Cargil, LDC y Bunge. Se estiman que se utilizan 24 millones de litros de agro-t\u00f3xicos por a\u00f1o.<\/p>\n<p>\u00abNosotros sabemos que la entrega es con multinacionales brasile\u00f1as, y norteamericanas, actualmente tenemos multinacionales sojeras que est\u00e1n copando todo el territorio nacional y expulsando a los campesinos de sus tierras, envenenando tierra, agua, fauna, flora, y hasta a los propios campesinos los est\u00e1n envenenado. Y esto no es m\u00e1s que una continuidad de eso. Adem\u00e1s Cartes es el empresario de la triple frontera y son esos empresarios los que vienen; que adem\u00e1s son de dudosa procedencia que no van aportar nada sino por el contrario; vienen a saquear el pa\u00eds\u00bb, agreg\u00f3 <span class=\"spip_surligne\">Rojas<\/span>.<\/p>\n<p>\u00abPor eso queremos convocar el d\u00eda 26 de marzo a todo el Paraguay a la huelga general que tendr\u00e1 movilizaciones, piquetes y cortes de ruta con todos los sectores de trabajadores, campesinos y estudiantes en todo el pa\u00eds. Y a los compatriotas de est\u00e1n en la Argentina les decimos que nos apoyen y est\u00e9n atentos a nuestra lucha; quer\u00eda agradecer a la CTA que siempre est\u00e1 presente en la lucha de los trabajadores del Paraguay\u00bb, concluy\u00f3 el dirigente.<\/p>\n<div style=\"margin-top: 20px; margin-right: 100px; font-size: 86%; font-style: italic; text-align: left; min-height: 50px;\"><\/div>\n<p>&nbsp;<\/p>\n","protected":false},"excerpt":{"rendered":"El Paraguay enfrenta una huelga general para el 26 de Marzo de todos los sectores de la clase trabajadora, las centrales obreras: Central \n<a class=\"moretag\" href=\"https:\/\/ctainternacionales.org\/?p=1834\"> [...]<\/a>","protected":false},"author":1,"featured_media":0,"comment_status":"closed","ping_status":"closed","sticky":false,"template":"","format":"standard","meta":{"ngg_post_thumbnail":0,"footnotes":""},"categories":[],"tags":[],"class_list":["post-1834","post","type-post","status-publish","format-standard","hentry"],"_links":{"self":[{"href":"https:\/\/ctainternacionales.org\/index.php?rest_route=\/wp\/v2\/posts\/1834","targetHints":{"allow":["GET"]}}],"collection":[{"href":"https:\/\/ctainternacionales.org\/index.php?rest_route=\/wp\/v2\/posts"}],"about":[{"href":"https:\/\/ctainternacionales.org\/index.php?rest_route=\/wp\/v2\/types\/post"}],"author":[{"embeddable":true,"href":"https:\/\/ctainternacionales.org\/index.php?rest_route=\/wp\/v2\/users\/1"}],"replies":[{"embeddable":true,"href":"https:\/\/ctainternacionales.org\/index.php?rest_route=%2Fwp%2Fv2%2Fcomments&post=1834"}],"version-history":[{"count":4,"href":"https:\/\/ctainternacionales.org\/index.php?rest_route=\/wp\/v2\/posts\/1834\/revisions"}],"predecessor-version":[{"id":1838,"href":"https:\/\/ctainternacionales.org\/index.php?rest_route=\/wp\/v2\/posts\/1834\/revisions\/1838"}],"wp:attachment":[{"href":"https:\/\/ctainternacionales.org\/index.php?rest_route=%2Fwp%2Fv2%2Fmedia&parent=1834"}],"wp:term":[{"taxonomy":"category","embeddable":true,"href":"https:\/\/ctainternacionales.org\/index.php?rest_route=%2Fwp%2Fv2%2Fcategories&post=1834"},{"taxonomy":"post_tag","embeddable":true,"href":"https:\/\/ctainternacionales.org\/index.php?rest_route=%2Fwp%2Fv2%2Ftags&post=1834"}],"curies":[{"name":"wp","href":"https:\/\/api.w.org\/{rel}","templated":true}]}}