{"id":1831,"date":"2014-03-25T16:27:31","date_gmt":"2014-03-25T16:27:31","guid":{"rendered":"http:\/\/www.ctainternacionales.org\/?p=1831"},"modified":"2014-05-08T02:10:07","modified_gmt":"2014-05-08T02:10:07","slug":"la-cta-concentrara-en-la-embajada-de-paraguay-en-solidaridad-con-su-pueblo","status":"publish","type":"post","link":"https:\/\/ctainternacionales.org\/?p=1831","title":{"rendered":"La CTA concentrar\u00e1 en la Embajada de Paraguay en solidaridad con su pueblo"},"content":{"rendered":"<p><a href=\"http:\/\/www.ctainternacionales.org\/wp-content\/uploads\/2014\/03\/py-3.jpg\"><img loading=\"lazy\" decoding=\"async\" class=\"aligncenter  wp-image-1832\" title=\"py-3\" src=\"http:\/\/www.ctainternacionales.org\/wp-content\/uploads\/2014\/03\/py-3-307x229.jpg\" alt=\"\" width=\"307\" height=\"229\" \/><\/a><\/p>\n<p>&nbsp;<\/p>\n<p>En el contexto de la huelga general de <span class=\"spip_surligne\">Paraguay<\/span>, la CTA convoca a concentrarse el 26 de marzo en Las Heras y Pueyrred\u00f3n, frente a la embajada de <span class=\"spip_surligne\">Paraguay<\/span> a las 11 horas en solidaridad con el pueblo <span class=\"spip_surligne\">paraguayo<\/span>.<!--more--><\/p>\n<p>En el contexto de la huelga general de <span class=\"spip_surligne\">Paraguay<\/span>, la CTA convoca a concentrarse el 26 de marzo en Las Heras y Pueyrred\u00f3n, frente a la embajada de <span class=\"spip_surligne\">Paraguay<\/span> a las 11 horas en solidaridad con el pueblo <span class=\"spip_surligne\">paraguayo<\/span>. Las siete centrales obreras del <span class=\"spip_surligne\">Paraguay<\/span> decretaron un paro general par el d\u00eda 26 de marzo. La huelga general tambi\u00e9n es apoyada por los campesinos y estudiantes con una profunda aceptaci\u00f3n por parte de sociedad en su conjunto.<\/p>\n<p>La situaci\u00f3n en el pa\u00eds hermano es desesperante debido a los nefastos planes impulsados por el gobierno de Cartes. Lejos de impulsar una pol\u00edtica para combatir la pobreza y las grandes desigualdades hist\u00f3ricas, viene profundizando el modelo neoliberal que tiene conocidas consecuencia en todos los pa\u00edses del mundo como mayor desempleo, flexibilizaci\u00f3n laboral precarizaci\u00f3n de las condiciones laborales que conlleva al aumento de la pobreza, y extrema pobreza del pueblo trabajador.<\/p>\n<p>La situaci\u00f3n de los Campesinos es aun m\u00e1s alarmante, que son expulsados de sus tierras por las grandes empresas multinacionales sojeras. Como el ejemplo de los cinco campesinos <span class=\"spip_surligne\">paraguayos<\/span> acusados por la muerte de seis polic\u00edas hace casi dos a\u00f1os durante un enfrentamiento en el interior de una finca en disputa en el norte\u00f1o pueblo de Curuguaty que hoy se encuentran en huelga de hambre reclamando la nulidad del proceso judicial. En la balacera del 15 de junio de 2012 tambi\u00e9n fallecieron 11 labriegos y siete d\u00edas despu\u00e9s fue destituido el entonces presidente Fernando Lugo en un juicio pol\u00edtico en el Senado. Felipe Balmori, Adalberto y N\u00e9stor Castro, Rub\u00e9n Villalba y Arnaldo Quintana resolvieron no ingerir alimentos s\u00f3lidos y actualmente se encuentran en el local de la enfermer\u00eda de la penitenciar\u00eda Tacumb\u00fa.<\/p>\n<p>Las demandas de las Centrales son:<\/p>\n<p><img loading=\"lazy\" decoding=\"async\" class=\"puce\" src=\"http:\/\/www.agenciacta.org\/squelettes-dist\/puce.gif\" alt=\"-\" width=\"8\" height=\"11\" \/>\u00a0Rechazar en\u00e9rgicamente la pol\u00edtica de persecuci\u00f3n sindical y de criminalizaci\u00f3n de las luchas sociales, impulsada el actual gobierno, el ministerio de justicia y trabajo y poder judicial y denunciar al gobierno ante los organismos internacionales como la OIT.<\/p>\n<p><img loading=\"lazy\" decoding=\"async\" class=\"puce\" src=\"http:\/\/www.agenciacta.org\/squelettes-dist\/puce.gif\" alt=\"-\" width=\"8\" height=\"11\" \/>\u00a0Exigir un reajuste salarial del 25% para todos los trabajadores, tanto p\u00fablicos como privados y el control de los precios de la canasta familiar. Impulsar una acci\u00f3n de inconstitucionalidad de la ley Alianza Publica Privada, y exigir un proyecto de ley para su derogaci\u00f3n definitiva. Rechazar la antipopular medida de los tarifazos y la suba del pasaje La instalaci\u00f3n de la una mesa de dialogo social, prometida por el gobierno para abordar los graves problemas que afecta al pueblo trabajador.<\/p>\n<p><img loading=\"lazy\" decoding=\"async\" class=\"puce\" src=\"http:\/\/www.agenciacta.org\/squelettes-dist\/puce.gif\" alt=\"-\" width=\"8\" height=\"11\" \/>\u00a0Elaborar un pliego de reivindicaciones tales como: Por la Reforma Agraria , por el respeto a los derechos adquiridos; No a los despidos; La eliminaci\u00f3n de los contratos \u201cbasura\u201d entre otras.<\/p>\n","protected":false},"excerpt":{"rendered":"&nbsp; En el contexto de la huelga general de Paraguay, la CTA convoca a concentrarse el 26 de marzo en Las Heras y \n<a class=\"moretag\" href=\"https:\/\/ctainternacionales.org\/?p=1831\"> [...]<\/a>","protected":false},"author":1,"featured_media":0,"comment_status":"closed","ping_status":"closed","sticky":false,"template":"","format":"standard","meta":{"ngg_post_thumbnail":0,"footnotes":""},"categories":[],"tags":[],"class_list":["post-1831","post","type-post","status-publish","format-standard","hentry"],"_links":{"self":[{"href":"https:\/\/ctainternacionales.org\/index.php?rest_route=\/wp\/v2\/posts\/1831","targetHints":{"allow":["GET"]}}],"collection":[{"href":"https:\/\/ctainternacionales.org\/index.php?rest_route=\/wp\/v2\/posts"}],"about":[{"href":"https:\/\/ctainternacionales.org\/index.php?rest_route=\/wp\/v2\/types\/post"}],"author":[{"embeddable":true,"href":"https:\/\/ctainternacionales.org\/index.php?rest_route=\/wp\/v2\/users\/1"}],"replies":[{"embeddable":true,"href":"https:\/\/ctainternacionales.org\/index.php?rest_route=%2Fwp%2Fv2%2Fcomments&post=1831"}],"version-history":[{"count":4,"href":"https:\/\/ctainternacionales.org\/index.php?rest_route=\/wp\/v2\/posts\/1831\/revisions"}],"predecessor-version":[{"id":1916,"href":"https:\/\/ctainternacionales.org\/index.php?rest_route=\/wp\/v2\/posts\/1831\/revisions\/1916"}],"wp:attachment":[{"href":"https:\/\/ctainternacionales.org\/index.php?rest_route=%2Fwp%2Fv2%2Fmedia&parent=1831"}],"wp:term":[{"taxonomy":"category","embeddable":true,"href":"https:\/\/ctainternacionales.org\/index.php?rest_route=%2Fwp%2Fv2%2Fcategories&post=1831"},{"taxonomy":"post_tag","embeddable":true,"href":"https:\/\/ctainternacionales.org\/index.php?rest_route=%2Fwp%2Fv2%2Ftags&post=1831"}],"curies":[{"name":"wp","href":"https:\/\/api.w.org\/{rel}","templated":true}]}}