{"id":1828,"date":"2014-03-25T16:19:14","date_gmt":"2014-03-25T16:19:14","guid":{"rendered":"http:\/\/www.ctainternacionales.org\/?p=1828"},"modified":"2014-06-12T17:09:28","modified_gmt":"2014-06-12T17:09:28","slug":"adolfo-fito-aguirre-se-reunio-con-la-csa-y-las-centrales-obreras-de-la-cut-y-forza-sindical","status":"publish","type":"post","link":"https:\/\/ctainternacionales.org\/?p=1828","title":{"rendered":"Adolfo \u00abFito\u00bb Aguirre se reuni\u00f3 con la CSA y las centrales obreras de la CUT Y Forza Sindical"},"content":{"rendered":"<p>&nbsp;<\/p>\n<p>Fito Aguirre, secretario de Relaciones Internacionales de la CTA en Brasil se reuni\u00f3 en el d\u00eda de ayer con V\u00edctor B\u00e1ez, secretario General de la Confederaci\u00f3n Sindical de trabajadores y trabajadoras de las Am\u00e9ricas(CSA), y estuvo presente tambi\u00e9n Rafael Freire, secretario de Pol\u00edtica econ\u00f3mica y desarrollo sostenible de la CSA.<!--more--><\/p>\n<p>Fito Aguirre, secretario de Relaciones Internacionales de la CTA en Brasil se reuni\u00f3 en el d\u00eda de ayer con V\u00edctor B\u00e1ez, secretario General de la Confederaci\u00f3n Sindical de trabajadores y trabajadoras de las Am\u00e9ricas(CSA), y estuvo presente tambi\u00e9n Rafael Freire, secretario de Pol\u00edtica econ\u00f3mica y desarrollo sostenible de la CSA.<\/p>\n<p>Juntos analizaron la situaci\u00f3n de los pa\u00edses en la regi\u00f3n y sus consecuencias en la clase trabajadora; en dicho encuentro, nuestro secretario de relaciones internacionales propuso realizar una misi\u00f3n sindical a Venezuela para conocer de cerca cuales la situaci\u00f3n en dicho pa\u00eds hermano, la CSA no solo estuvo de acuerdo sino que adem\u00e1s cree que es necesario realizar dicha misi\u00f3n para apoyar al pueblo y al gobierno venezolano.<\/p>\n<p>Tambi\u00e9n en una agenda cargada de reuniones Fito Aguirre visito la central Obrera Forza Sindical y la CUT de Brasil donde se discuti\u00f3 la posici\u00f3n sindical de las centrales con respecto a la Confederaci\u00f3n Sindical Internacional (CSI), ante la pr\u00f3xima reuni\u00f3n del consejo ejecutivo a realizarse el 2 de abril en Bruselas; La CTA reitero y reafirmo su posici\u00f3n ya tomada de apoyar la candidatura de Joao Felicio a la presidencia de la CSI.<\/p>\n<p>Tambi\u00e9n se acord\u00f3 realizar un esquema de trabajo entre las tres centrales para un exhaustivo an\u00e1lisis sobre la situaci\u00f3n pol\u00edtica de los trabajadores.<\/p>\n<p>En cada una de las reuniones de nuestro secretario se analiz\u00f3 con mucha preocupaci\u00f3n la situaci\u00f3n del pueblo paraguayo y fue un\u00edsono el apoyo para el paro general en dicho pa\u00eds decretado para el d\u00eda 26 de marzo.<\/p>\n<div style=\"margin-top: 20px; margin-right: 100px; font-size: 86%; font-style: italic; text-align: left; min-height: 50px;\">* Equipo de Comunicaci\u00f3n de la CTA Nacional<\/div>\n","protected":false},"excerpt":{"rendered":"&nbsp; Fito Aguirre, secretario de Relaciones Internacionales de la CTA en Brasil se reuni\u00f3 en el d\u00eda de ayer con V\u00edctor B\u00e1ez, secretario \n<a class=\"moretag\" href=\"https:\/\/ctainternacionales.org\/?p=1828\"> [...]<\/a>","protected":false},"author":1,"featured_media":0,"comment_status":"closed","ping_status":"closed","sticky":false,"template":"","format":"standard","meta":{"ngg_post_thumbnail":0,"footnotes":""},"categories":[],"tags":[],"class_list":["post-1828","post","type-post","status-publish","format-standard","hentry"],"_links":{"self":[{"href":"https:\/\/ctainternacionales.org\/index.php?rest_route=\/wp\/v2\/posts\/1828","targetHints":{"allow":["GET"]}}],"collection":[{"href":"https:\/\/ctainternacionales.org\/index.php?rest_route=\/wp\/v2\/posts"}],"about":[{"href":"https:\/\/ctainternacionales.org\/index.php?rest_route=\/wp\/v2\/types\/post"}],"author":[{"embeddable":true,"href":"https:\/\/ctainternacionales.org\/index.php?rest_route=\/wp\/v2\/users\/1"}],"replies":[{"embeddable":true,"href":"https:\/\/ctainternacionales.org\/index.php?rest_route=%2Fwp%2Fv2%2Fcomments&post=1828"}],"version-history":[{"count":4,"href":"https:\/\/ctainternacionales.org\/index.php?rest_route=\/wp\/v2\/posts\/1828\/revisions"}],"predecessor-version":[{"id":2036,"href":"https:\/\/ctainternacionales.org\/index.php?rest_route=\/wp\/v2\/posts\/1828\/revisions\/2036"}],"wp:attachment":[{"href":"https:\/\/ctainternacionales.org\/index.php?rest_route=%2Fwp%2Fv2%2Fmedia&parent=1828"}],"wp:term":[{"taxonomy":"category","embeddable":true,"href":"https:\/\/ctainternacionales.org\/index.php?rest_route=%2Fwp%2Fv2%2Fcategories&post=1828"},{"taxonomy":"post_tag","embeddable":true,"href":"https:\/\/ctainternacionales.org\/index.php?rest_route=%2Fwp%2Fv2%2Ftags&post=1828"}],"curies":[{"name":"wp","href":"https:\/\/api.w.org\/{rel}","templated":true}]}}