{"id":1824,"date":"2014-02-26T18:44:01","date_gmt":"2014-02-26T18:44:01","guid":{"rendered":"http:\/\/www.ctainternacionales.org\/?p=1824"},"modified":"2014-04-14T15:09:50","modified_gmt":"2014-04-14T15:09:50","slug":"fructifera-iniciativa-de-la-cta-en-africa","status":"publish","type":"post","link":"https:\/\/ctainternacionales.org\/?p=1824","title":{"rendered":"Fruct\u00edfera iniciativa de la CTA en \u00c1frica"},"content":{"rendered":"<p><a href=\"http:\/\/www.ctainternacionales.org\/wp-content\/uploads\/2014\/02\/angola-bancarios.jpg\"><img loading=\"lazy\" decoding=\"async\" class=\"aligncenter size-thumbnail wp-image-1825\" title=\"angola-bancarios\" src=\"http:\/\/www.ctainternacionales.org\/wp-content\/uploads\/2014\/02\/angola-bancarios-307x223.jpg\" alt=\"\" width=\"307\" height=\"223\" \/><\/a>La delegaci\u00f3n de la CTA encabezada por el secretario de Relaciones Internacionales, Adolfo Aguirre y el diputado nacional V\u00edctor De Gennaro, complet\u00f3 una semana de intensa actividad en la visita a la Uni\u00f3n Nacional de los Trabajadores de Angola. Reuniones, visitas a empresas y centros de formaci\u00f3n y un seminario de comunicaci\u00f3n constituyeron los espacios de intercambio para afianzar el proceso de unidad y fortalecimiento de la fraternidad y cooperaci\u00f3n entre los trabajadores latinoamericanos y del Caribe con sus pares de Africa<!--more-->La delegaci\u00f3n de la CTA encabezada por el secretario de Relaciones Internacionales, Adolfo Aguirre y el diputado nacional V\u00edctor De Gennaro, complet\u00f3 una semana de intensa actividad en la visita a la Uni\u00f3n Nacional de los Trabajadores de Angola. Reuniones, visitas a empresas y centros de formaci\u00f3n y un seminario de comunicaci\u00f3n constituyeron los espacios de intercambio para afianzar el proceso de unidad y fortalecimiento de la fraternidad y cooperaci\u00f3n entre los trabajadores latinoamericanos y del Caribe con sus pares de Afric<\/p>\n<p>La actividad en los \u00faltimos d\u00edas de la visita de la delegaci\u00f3n de la Central en Angola (ver \u201c<a href=\"http:\/\/www.agenciacta.org\/spip.php?article11557%20target=\">Intensa actividad de la delegaci\u00f3n de la CTA en Angola<\/a>\u201d) consisti\u00f3 en visitas a comisiones sindicales en sus lugares de trabajos, a centros de salud y otros de formaci\u00f3n dependientes del Ministerio de Trabajo y reuniones con federaciones y sindicatos nacionales y provinciales.<\/p>\n<p>El d\u00eda mi\u00e9rcoles la delegaci\u00f3n visit\u00f3 comisiones sindicales de empresas para volver a reunirse, m\u00e1s tarde, con federaciones de industria en el local de la UNTA provincial Angola. Los trabajadores angole\u00f1os intercambiaron experiencias de organizaci\u00f3n con los representantes de los trabajadores del Astillero R\u00edo Santiago encabezados por su secretario general Jos\u00e9 Ju\u00e1rez y con el secretario gremial de ATE provincia de Buenos Aires C\u00e9sar Bali\u00f1a.<\/p>\n<p>El jueves, a orillas del r\u00edo Kwanza, la delegaci\u00f3n visit\u00f3 una f\u00e1brica donde se elaboran, embotellan y distribuyen cervezas y gaseosas, entre ellas la \u201cangol\u00edsima\u201d cerveza Cuca. All\u00ed se reunieron con los compa\u00f1eros del Sindicato Nacional de la Industria de Bebidas y Similares, sorprendi\u00e9ndose gratamente con el alto grado de organizaci\u00f3n de las trabajadoras y trabajadores. La planta emplea cerca de 800 trabajadores, de los cuales cerca de un 90% est\u00e1 afiliado a la organizaci\u00f3n sindical.<\/p>\n<p>Reunidos para el almuerzo en el comedor de la empresa hizo uso de la palabra el diputado nacional V\u00edctor De Gennaro quien destac\u00f3 el alto significado que tuvo para los argentinos la lucha por la liberaci\u00f3n y el proceso revolucionario de Angola encabezado por Agostinho Neto, con la inevitable referencia de la presencia en esas tierras del Che Guevara.<\/p>\n<p>El fundador de la CTA llam\u00f3 la atenci\u00f3n sobre el desaf\u00edo que hoy tienen los trabajadores organizados en paises poseedores de inmensas riquezas (Angola por el petroleo, Argentina por la riqueza minera y agr\u00edcola) ya que estas son deseadas por las transnacionales y por ello dijo que \u201ctenemos que hacer real, ser los garantes de eso que sostiene la UNTA: si somos productores de la riqueza exigimos su distribuci\u00f3n equitativa. En esa pulseada, indefectiblemente, vamos a estar juntas la clase organizada de Latinoam\u00e9rica y Africa\u201d, provocando la ovaci\u00f3n de los compa\u00f1eros all\u00ed reunidos.<\/p>\n<p>Por la tarde fueron invitados a conocer un Centro de Seguridad de Salud en el Trabajo, en el que todas las empresas privadas deben hacer, obligatoriamente, los controles de salud a sus trabajadores. El centro, que depende del Ministerio de Administraci\u00f3n, Trabajo y Seguridad Social, tiene un \u00e1rea de estad\u00edsticas y camiones con todos los recursos para hacer los controles en los lugares de trabajo cuando una empresa no puede enviar a sus trabajadores a Luanda.<\/p>\n<h3>Seminario de comunicaci\u00f3n<\/h3>\n<p><img loading=\"lazy\" decoding=\"async\" src=\"http:\/\/agenciacta.org\/IMG\/jpg\/angola-seminario-apert.jpg\" alt=\"\" width=\"420\" height=\"280\" \/>Durante los d\u00edas mi\u00e9rcoles y jueves se llev\u00f3 a cabo en la sede nacional de la UNTA, en Luanda, un seminario sobre Comunicaci\u00f3n, Informaci\u00f3n y Propaganda, organizado por las secretar\u00edas de formaci\u00f3n y la de comunicaci\u00f3n de la UNTA. Inscripto en el marco de la cooperaci\u00f3n entre ambas centrales cont\u00f3 con la participaci\u00f3n del integrante de la secretar\u00eda de comunicaci\u00f3n de la CTA, Fabi\u00e1n Piedras, como formador.<\/p>\n<p>La apertura del encuentro de formaci\u00f3n fue presidida por el secretario General de la UNTA, Manuel Augusto Viage, quien enfatiz\u00f3 que la central angole\u00f1a defini\u00f3 a la comunicaci\u00f3n como un \u00e1rea prioritaria y destac\u00f3 la importancia de la cooperaci\u00f3n entre nuestras centrales.<\/p>\n<p>El seminario, del que participaron 33 compa\u00f1eras y compa\u00f1eros, dirigentes y cuadros de federaciones, sindicatos nacionales y provinciales, abarc\u00f3 aspectos te\u00f3rico-pr\u00e1cticos de la comunicaci\u00f3n, adem\u00e1s del intercambio de experiencias en el \u00e1rea de ambas centrales.<\/p>\n<h3>Ultimas actividades y balance<\/h3>\n<p>La \u00faltima jornada comenz\u00f3 con la visita al Centro de Formaci\u00f3n Profesional de Cazenga que prepara casi tres mil j\u00f3venes al a\u00f1o en diversas especialidades laborales. Esta tarea es esencial en un pa\u00eds donde la capacitaci\u00f3n es una limitante en esta etapa de intensa reconstrucci\u00f3n tras una guerra de varias d\u00e9cadas. De hecho, este centro fue completamente destruido durante la \u00faltima etapa de la guerra civil, pero reconstruido y reinaugurado en el a\u00f1o 2002.<\/p>\n<p>El centro, dependiente del Ministerio de Trabajo, instruye, adem\u00e1s, a formadores y hace la log\u00edstica para los centros de capacitaci\u00f3n de las 18 provincias angole\u00f1as.<\/p>\n<p><img loading=\"lazy\" decoding=\"async\" src=\"http:\/\/agenciacta.org\/IMG\/jpg\/angola-fito-victor.jpg\" alt=\"\" width=\"420\" height=\"315\" \/>Mientras tanto, el diputado nacional V\u00edctor De Gennaro se reun\u00eda con sus pares de la Asamblea Nacional de Angola, Eduardo Nelumba (vicepresidente de la Comisi\u00f3n T\u00e9cnica Especializada en Ambiente, Ciencia, Tecnolog\u00eda, Trabajo y Seguridad Social) y Josefa Jose (coordinadora de la subcomisi\u00f3n de Trabajo y Seguridad Social), a quienes present\u00f3 las iniciativas legislativas en materia laboral que la CTA impulsa y, adem\u00e1s, la iniciativa contra el hambre que elaboran legisladores de Am\u00e9rica Latina.<\/p>\n<p>Sigui\u00f3 la visita a la empresa Lactiangol, \u00fanica productora de l\u00e1cteos angole\u00f1a, donde intercambiamos experiencias de organizaci\u00f3n sindical con la comisi\u00f3n sindical de la planta.<\/p>\n<p>La reuni\u00f3n final fue con la secretaria adjunta y responsable de las relaciones internacionales de la UNTA, Mar\u00eda Fernanda Carvalho, quien comparti\u00f3 con el responsable de la misi\u00f3n argentina, Adolfo Aguirre, el balance de la visita a Angola.<\/p>\n<p>Carvalho destac\u00f3 la intensidad del trabajo realizado durante toda la semana y los intercambios de experiencias entre angole\u00f1os y argentinos. Resalt\u00f3 lo fruct\u00edfero de la cooperaci\u00f3n ya que las compa\u00f1eras y compa\u00f1eros que participaron del seminario de comunicaci\u00f3n manifestaron sentirse mucho m\u00e1s seguros para continuar con la tarea que deben realizar en el \u00e1rea e inst\u00f3 a seguir desarroll\u00e1ndola.<\/p>\n<p>Ambas centrales coincidieron durante el balance en la necesidad de trabajar juntos para cambiar la hist\u00f3rica relaci\u00f3n norte-sur impulsando la candidatura de un latinoamericano para presidir la Confederaci\u00f3n Sindical Internacional (CSI), el compa\u00f1ero Joao Felicio.<\/p>\n<p>El desaf\u00edo a futuro es profundizar a\u00fan m\u00e1s los lazos de fraternidad en el marco de las relaciones sur-sur, extendi\u00e9ndolos en nuestras regiones fortaleciendo las relaciones entre Latinoam\u00e9rica y el Caribe con Africa, contando con las organizaciones regionales, la Confederaci\u00f3n Sindical de las Am\u00e9ricas (CSA) y la Confederaci\u00f3n Sindical Internacional, regional Africa (CSI-Africa).<\/p>\n<p>Para esto qued\u00f3 planteada una propuesta concreta: la CTA como nexo para que la UNTA fortalezca las relaciones con otras organizaciones de Latinoam\u00e9rica y a la inversa, la UNTA fortaleciendo la relaci\u00f3n de la CTA con trabajadores de otros pa\u00edses africanos.<\/p>\n<p><!--more--><\/p>\n","protected":false},"excerpt":{"rendered":"La delegaci\u00f3n de la CTA encabezada por el secretario de Relaciones Internacionales, Adolfo Aguirre y el diputado nacional V\u00edctor De Gennaro, complet\u00f3 una \n<a class=\"moretag\" href=\"https:\/\/ctainternacionales.org\/?p=1824\"> [...]<\/a>","protected":false},"author":1,"featured_media":0,"comment_status":"closed","ping_status":"closed","sticky":false,"template":"","format":"standard","meta":{"ngg_post_thumbnail":0,"footnotes":""},"categories":[],"tags":[],"class_list":["post-1824","post","type-post","status-publish","format-standard","hentry"],"_links":{"self":[{"href":"https:\/\/ctainternacionales.org\/index.php?rest_route=\/wp\/v2\/posts\/1824","targetHints":{"allow":["GET"]}}],"collection":[{"href":"https:\/\/ctainternacionales.org\/index.php?rest_route=\/wp\/v2\/posts"}],"about":[{"href":"https:\/\/ctainternacionales.org\/index.php?rest_route=\/wp\/v2\/types\/post"}],"author":[{"embeddable":true,"href":"https:\/\/ctainternacionales.org\/index.php?rest_route=\/wp\/v2\/users\/1"}],"replies":[{"embeddable":true,"href":"https:\/\/ctainternacionales.org\/index.php?rest_route=%2Fwp%2Fv2%2Fcomments&post=1824"}],"version-history":[{"count":3,"href":"https:\/\/ctainternacionales.org\/index.php?rest_route=\/wp\/v2\/posts\/1824\/revisions"}],"predecessor-version":[{"id":1846,"href":"https:\/\/ctainternacionales.org\/index.php?rest_route=\/wp\/v2\/posts\/1824\/revisions\/1846"}],"wp:attachment":[{"href":"https:\/\/ctainternacionales.org\/index.php?rest_route=%2Fwp%2Fv2%2Fmedia&parent=1824"}],"wp:term":[{"taxonomy":"category","embeddable":true,"href":"https:\/\/ctainternacionales.org\/index.php?rest_route=%2Fwp%2Fv2%2Fcategories&post=1824"},{"taxonomy":"post_tag","embeddable":true,"href":"https:\/\/ctainternacionales.org\/index.php?rest_route=%2Fwp%2Fv2%2Ftags&post=1824"}],"curies":[{"name":"wp","href":"https:\/\/api.w.org\/{rel}","templated":true}]}}