{"id":1818,"date":"2014-02-24T22:51:05","date_gmt":"2014-02-24T22:51:05","guid":{"rendered":"http:\/\/www.ctainternacionales.org\/?p=1818"},"modified":"2014-05-08T02:02:43","modified_gmt":"2014-05-08T02:02:43","slug":"michelle-bachelet-frente-a-los-nuevos-desafios-de-chile","status":"publish","type":"post","link":"https:\/\/ctainternacionales.org\/?p=1818","title":{"rendered":"Michelle Bachelet frente a los nuevos desaf\u00edos de Chile"},"content":{"rendered":"<p>Michelle Bachelet asumir\u00e1 su segundo mandato presidencial el 11 de marzo de 2014. La candidata Socialista gan\u00f3 en segunda vuelta con el 62,4% de los votos, frente al 27,59% de la candidata de la derecha Evelyn Matthei<!--more-->Michelle Bachelet asumir\u00e1 su segundo mandato presidencial el 11 de marzo de 2014. La candidata Socialista gan\u00f3 en segunda vuelta con el 62,4% de los votos, frente al 27,59% de la candidata de la derecha Evelyn Matthei.<\/p>\n<div>\n<p>Los desaf\u00edos de este nuevo mandato presidencial est\u00e1n planteados desde antes del comienzo de su gesti\u00f3n. En\u00a0Chile\u00a0el sufragio es universal pero no obligatorio. Con un censo de 13,5 millones de\u00a0chilenos\u00a0habilitados para votar, la participaci\u00f3n fue la m\u00e1s baja desde el retorno a la democracia tras la dictadura de Augusto Pinochet; apenas concurrieron en la segunda vuelta 5,7 millones con una abstenci\u00f3n del 59%.<\/p>\n<p>Tras 17 a\u00f1os de una de las dictaduras m\u00e1s largas del conteniente y con 20 a\u00f1os de gobiernos de la alianza socialista-dem\u00f3crata cristiana y un per\u00ecodo neo-pinochetista de Sebasti\u00e1n Pi\u00f1era,\u00a0Chile\u00a0siempre se mantuvo en el modelo econ\u00f3mico neoliberal de la dictadura; aplicando pol\u00edticas paliativas para maquillar las desigualdades sociales.\u00a0Chile\u00a0es un \u201ccaso\u201d t\u00edpico de los organismos internacionales del neoliberalismo FMI; Banco Mundial tratado de libre comercio.<\/p>\n<p>Hoy la pobreza y la desigualdad, no s\u00f3lo en t\u00e9rminos econ\u00f3micos sino de derechos, le hacen un fuerte reclamo a las administraciones conservadoras.<\/p>\n<p>El 59% de abstenciones en las ultimas elecciones no es sin\u00f3nimo de una a-politizaci\u00f3n de la ciudadan\u00eda sino por el contrario los trabajadores, estudiantes, campesinos y m\u00faltiples organizaciones se han puesto en marcha con la mayor cantidad movilizaci\u00f3nes en las calles en un a\u00f1o que en toda la ultima d\u00e9cada.<\/p>\n<p>En\u00a0Chile; la huelga fuera de los tiempos donde se abren las paritarias est\u00e0 prohibida y son denominadas \u201chuelgas ilegales\u201d, fuertemente reprimidas y con legislaciones que benefician a los empleadores tanto privados como estatales y con claras violaciones a la libertad sindical como convenios internacionales.<\/p>\n<p>El margen de no quedar fuera de ley o la legalidad en\u00a0Chile\u00a0es pr\u00e1cticamente nula, la norma y la regla son inapelables como los carabineros en su capital. Pero la sociedad en su conjunto demanda varias deudas hist\u00f3ricas que este nuevo gobierno deber\u00e1 afrontar.<\/p>\n<p>El 11 de marzo de 2014 Bachelet asumir\u00e1 el mandato y antes de que termine de adecuar su despacho el 22 de marzo se agenda una enorme movilizaci\u00f3n que se autodenomina: \u201cLa marcha de todas las marchas\u201d donde entre sus convocantes se encuentran: Organizaciones por la diversidad sexual, movimientos ambientalistas, trabajadores, pueblos originarios, movimientos de mujeres; y los estudiantes que fueron protagonistas en los \u00faltimos a\u00f1os de grandes y masivas movilizaciones para exigir la educaci\u00f3n publica y gratuita en\u00a0Chile, poniendo en jaque el gobierno de Pi\u00f1era.<\/p>\n<p>Bachelet llega al gobierno no s\u00f3lo con un programa sino con una agenda donde los primeros \u201c100 d\u00edas\u201d tendr\u00e1 que dar muestras de sus propuestas en campa\u00f1a.<\/p>\n<p>Entre las promesas, la reforma educacional para aprobar una nueva ley que permita la educaci\u00f3n gratuita en todos los niveles, para ello tendr\u00e1 que buscar legisladores por fuera de la coalici\u00f3n, la reforma tributaria que apunta a una redistribuci\u00f3n de la renta. Por \u00faltimo deber\u00e1 avanzar en una reforma constitucional, ya que hoy contin\u00faa vigente la constituci\u00f3n elaborada por la dictadura.<\/p>\n<p>Entre las modificaciones propuestas para la nueva constituci\u00f3n se encuentran el derecho a la intimidad y los derechos sexuales y reproductivos, derechos a la igualdad contra la discriminaci\u00f3n como as\u00ed tambi\u00e9n modificaciones del r\u00e9gimen presidencial con un sistema bicameral dando mayor poder al parlamento para las decisiones del Estado, la reelecci\u00f3n presidencial y la eliminaci\u00f3n del capitulo que hace referencia a las fuerzas armadas y del orden, y suprimir el consejo de seguridad nacional entre otras modificaciones.<\/p>\n<p>Las centrales obreras de\u00a0Chile\u00a0exigen modificaciones estructurales de orden laboral y sindical. Bachelet llega al gobierno sabiendo que tiene una oportunidad \u00fanica de romper las administraciones conservadoras, y de reparar la deuda hist\u00f3rica del Estado con el pueblo de\u00a0Chile\u00a0sabiendo que ese 59% de abstenciones en las urnas hoy se expresa y se hace margen por fuera de la institucionalidad del conservadurismo.<\/p>\n<div>\u00a0Nicolas Honigesz<\/div>\n<\/div>\n","protected":false},"excerpt":{"rendered":"Michelle Bachelet asumir\u00e1 su segundo mandato presidencial el 11 de marzo de 2014. La candidata Socialista gan\u00f3 en segunda vuelta con el 62,4% \n<a class=\"moretag\" href=\"https:\/\/ctainternacionales.org\/?p=1818\"> [...]<\/a>","protected":false},"author":1,"featured_media":0,"comment_status":"closed","ping_status":"closed","sticky":false,"template":"","format":"standard","meta":{"ngg_post_thumbnail":0,"footnotes":""},"categories":[],"tags":[],"class_list":["post-1818","post","type-post","status-publish","format-standard","hentry"],"_links":{"self":[{"href":"https:\/\/ctainternacionales.org\/index.php?rest_route=\/wp\/v2\/posts\/1818","targetHints":{"allow":["GET"]}}],"collection":[{"href":"https:\/\/ctainternacionales.org\/index.php?rest_route=\/wp\/v2\/posts"}],"about":[{"href":"https:\/\/ctainternacionales.org\/index.php?rest_route=\/wp\/v2\/types\/post"}],"author":[{"embeddable":true,"href":"https:\/\/ctainternacionales.org\/index.php?rest_route=\/wp\/v2\/users\/1"}],"replies":[{"embeddable":true,"href":"https:\/\/ctainternacionales.org\/index.php?rest_route=%2Fwp%2Fv2%2Fcomments&post=1818"}],"version-history":[{"count":2,"href":"https:\/\/ctainternacionales.org\/index.php?rest_route=\/wp\/v2\/posts\/1818\/revisions"}],"predecessor-version":[{"id":1909,"href":"https:\/\/ctainternacionales.org\/index.php?rest_route=\/wp\/v2\/posts\/1818\/revisions\/1909"}],"wp:attachment":[{"href":"https:\/\/ctainternacionales.org\/index.php?rest_route=%2Fwp%2Fv2%2Fmedia&parent=1818"}],"wp:term":[{"taxonomy":"category","embeddable":true,"href":"https:\/\/ctainternacionales.org\/index.php?rest_route=%2Fwp%2Fv2%2Fcategories&post=1818"},{"taxonomy":"post_tag","embeddable":true,"href":"https:\/\/ctainternacionales.org\/index.php?rest_route=%2Fwp%2Fv2%2Ftags&post=1818"}],"curies":[{"name":"wp","href":"https:\/\/api.w.org\/{rel}","templated":true}]}}