{"id":1805,"date":"2014-02-24T22:34:41","date_gmt":"2014-02-24T22:34:41","guid":{"rendered":"http:\/\/www.ctainternacionales.org\/?p=1805"},"modified":"2014-06-12T17:10:48","modified_gmt":"2014-06-12T17:10:48","slug":"reunion-cumbre-de-las-tres-centrales-obreras-pit-cnt-cta-cgt","status":"publish","type":"post","link":"https:\/\/ctainternacionales.org\/?p=1805","title":{"rendered":"Reuni\u00f3n cumbre de las tres centrales obreras: PIT-CNT, CTA, CGT"},"content":{"rendered":"<p>Adolfo \u00abfito\u00bb Aguirre, secretario de RelacionesInternacionales\u00a0de la CTA se reuni\u00f3 ayer en la sede del PIT-CNT de Montevideo, con el secretariado ejecutivo de esa Central uruguaya. Estuvo presente el coordinador Fernando Pereira y tambi\u00e9n particip\u00f3 Juan Carlos Smith, secretario de RelacionesInternacionales, de la CGT.<!--more-->Adolfo \u00abfito\u00bb Aguirre, secretario de RelacionesInternacionales\u00a0de la CTA se reuni\u00f3 ayer en la sede del PIT-CNT de Montevideo, con el secretariado ejecutivo de esa Central uruguaya. Estuvo presente el coordinador Fernando Pereira y tambi\u00e9n particip\u00f3 Juan Carlos Smith, secretario de RelacionesInternacionales, de la CGT.<\/p>\n<p>El objetivo del encuentro fue unir lazos de fraternidad y poner en debate las herramientas posibles desde la perspectivas de la clase trabajadora la integraci\u00f3n regional.<\/p>\n<p>Las tres centrales obreras analizaron la situaci\u00f3n coyuntural y estructural de la regi\u00f3n. A la vez, avanzaron en debates camino a una mayor unidad de los trabajadores Latinoamericanos.<\/p>\n<p><strong>A continuaci\u00f3n Acta reproduce los puntos la declaraci\u00f3n del encuentro:<\/strong><\/p>\n<p><img loading=\"lazy\" decoding=\"async\" src=\"http:\/\/www.agenciacta.org\/squelettes-dist\/puce.gif\" alt=\"-\" width=\"8\" height=\"11\" \/>\u00a0Nuestros movimientos sindicales, con profundos e hist\u00f3ricos lazos de amistad, tienen como eje fundamental en su accionar el avance y la consolidaci\u00f3n del proceso de integraci\u00f3n regional y continental.<\/p>\n<p><img loading=\"lazy\" decoding=\"async\" src=\"http:\/\/www.agenciacta.org\/squelettes-dist\/puce.gif\" alt=\"-\" width=\"8\" height=\"11\" \/>\u00a0En ese marco, entendemos como imprescindible la construcci\u00f3n de una agenda bilateral entre nuestros dos pa\u00edses, con especial \u00e9nfasis en pol\u00edticas complementarias en lo que tiene que ver con la producci\u00f3n, la matriz energ\u00e9tica, el derecho laboral, la libre circulaci\u00f3n de bienes y servicios, con una estrategia com\u00fan claramente definida, por ejemplo sobre temas como el de la hidrov\u00eda.<\/p>\n<p><img loading=\"lazy\" decoding=\"async\" src=\"http:\/\/www.agenciacta.org\/squelettes-dist\/puce.gif\" alt=\"-\" width=\"8\" height=\"11\" \/>\u00a0Manifestar nuestra voluntad irrenunciable a propiciar y ayudar con nuestra gesti\u00f3n, a la construcci\u00f3n de un marco de di\u00e1logo franco y fraterno entre nuestros dos gobiernos.<\/p>\n<p><img loading=\"lazy\" decoding=\"async\" src=\"http:\/\/www.agenciacta.org\/squelettes-dist\/puce.gif\" alt=\"-\" width=\"8\" height=\"11\" \/>\u00a0Queremos que nuestro mensaje sea claro y conciso de que no es tolerable, no es soportable la continuidad de este conflicto; teniendo en cuenta adem\u00e1s que sus consecuencias las sufrir\u00e1 fundamentalmente el pueblo trabajador de ambas m\u00e1rgenes del r\u00edo.<\/p>\n<p><img loading=\"lazy\" decoding=\"async\" src=\"http:\/\/www.agenciacta.org\/squelettes-dist\/puce.gif\" alt=\"-\" width=\"8\" height=\"11\" \/>\u00a0Que es nuestro deseo que de una vez por todas, se superen las diferencias sobre la producci\u00f3n de pasta de celulosa, exhortando firmemente a nuestros gobiernos a que agudicen los esfuerzos para encontrar el acuerdo necesario, sustentado en bases razonables.<\/p>\n<p><img loading=\"lazy\" decoding=\"async\" src=\"http:\/\/www.agenciacta.org\/squelettes-dist\/puce.gif\" alt=\"-\" width=\"8\" height=\"11\" \/>\u00a0Reclamar la participaci\u00f3n activa de los trabajadores y propender a generar institucionalidad que permita encontrar, en un clima fraterno y de hermandad, haciendo honor a nuestra tradici\u00f3n hist\u00f3rica, las soluciones a nuestros diferendos.<\/p>\n","protected":false},"excerpt":{"rendered":"Adolfo \u00abfito\u00bb Aguirre, secretario de RelacionesInternacionales\u00a0de la CTA se reuni\u00f3 ayer en la sede del PIT-CNT de Montevideo, con el secretariado ejecutivo de \n<a class=\"moretag\" href=\"https:\/\/ctainternacionales.org\/?p=1805\"> [...]<\/a>","protected":false},"author":1,"featured_media":0,"comment_status":"closed","ping_status":"closed","sticky":false,"template":"","format":"standard","meta":{"ngg_post_thumbnail":0,"footnotes":""},"categories":[],"tags":[],"class_list":["post-1805","post","type-post","status-publish","format-standard","hentry"],"_links":{"self":[{"href":"https:\/\/ctainternacionales.org\/index.php?rest_route=\/wp\/v2\/posts\/1805","targetHints":{"allow":["GET"]}}],"collection":[{"href":"https:\/\/ctainternacionales.org\/index.php?rest_route=\/wp\/v2\/posts"}],"about":[{"href":"https:\/\/ctainternacionales.org\/index.php?rest_route=\/wp\/v2\/types\/post"}],"author":[{"embeddable":true,"href":"https:\/\/ctainternacionales.org\/index.php?rest_route=\/wp\/v2\/users\/1"}],"replies":[{"embeddable":true,"href":"https:\/\/ctainternacionales.org\/index.php?rest_route=%2Fwp%2Fv2%2Fcomments&post=1805"}],"version-history":[{"count":2,"href":"https:\/\/ctainternacionales.org\/index.php?rest_route=\/wp\/v2\/posts\/1805\/revisions"}],"predecessor-version":[{"id":1810,"href":"https:\/\/ctainternacionales.org\/index.php?rest_route=\/wp\/v2\/posts\/1805\/revisions\/1810"}],"wp:attachment":[{"href":"https:\/\/ctainternacionales.org\/index.php?rest_route=%2Fwp%2Fv2%2Fmedia&parent=1805"}],"wp:term":[{"taxonomy":"category","embeddable":true,"href":"https:\/\/ctainternacionales.org\/index.php?rest_route=%2Fwp%2Fv2%2Fcategories&post=1805"},{"taxonomy":"post_tag","embeddable":true,"href":"https:\/\/ctainternacionales.org\/index.php?rest_route=%2Fwp%2Fv2%2Ftags&post=1805"}],"curies":[{"name":"wp","href":"https:\/\/api.w.org\/{rel}","templated":true}]}}