{"id":1797,"date":"2014-02-24T22:15:04","date_gmt":"2014-02-24T22:15:04","guid":{"rendered":"http:\/\/www.ctainternacionales.org\/?p=1797"},"modified":"2014-04-14T15:11:02","modified_gmt":"2014-04-14T15:11:02","slug":"intensa-actividad-de-la-delegacion-de-la-cta-en-angola","status":"publish","type":"post","link":"https:\/\/ctainternacionales.org\/?p=1797","title":{"rendered":"Intensa actividad de la delegaci\u00f3n de la CTA en Angola"},"content":{"rendered":"<p><a href=\"http:\/\/www.ctainternacionales.org\/wp-content\/uploads\/2014\/02\/angola-dia1-secgral.jpg\"><img loading=\"lazy\" decoding=\"async\" class=\"aligncenter size-thumbnail wp-image-1798\" title=\"angola-dia1-secgral\" src=\"http:\/\/www.ctainternacionales.org\/wp-content\/uploads\/2014\/02\/angola-dia1-secgral-307x230.jpg\" alt=\"\" width=\"307\" height=\"230\" \/><\/a><\/p>\n<p>La comitiva de la CTA encabezada por el secretario de Relaciones Internacionales de la Central, Adolfo Aguirre y V\u00edctor De Gennaro, desarrolla una intensa actividad durante la visita a la Uni\u00f3n Nacional de los Trabajadores de Angola profundizando la construcci\u00f3n de fraternidad, solidaridad y cooperaci\u00f3n entre trabajadores latinoamericanos y africanos.<!--more--><\/p>\n<p>encabezada por el secretario de Relaciones Internacionales de la Central, Adolfo Aguirre y V\u00edctor De Gennaro, desarrolla una intensa actividad durante la visita a la Uni\u00f3n Nacional de los Trabajadores de Angola profundizando la construcci\u00f3n de fraternidad, solidaridad y cooperaci\u00f3n entre trabajadores latinoamericanos y africanos.<\/p>\n<p>&nbsp;<\/p>\n<p>El primer encuentro fue con el secretario General de la UNTA, Manuel Augusto Viage y con la secretaria Adjunta, Mar\u00eda Fernanda Carvalho. Durante la reuni\u00f3n se analiz\u00f3 la situaci\u00f3n internacional y se expresaron las expectativas que las centrales sindicales tienen ante esta semana de encuentros que maduran un proceso de varios a\u00f1os de trabajo en com\u00fan que incluyo la visita de la UNTA a la CTA en 2012. Finalmente la comitiva argentina entreg\u00f3 presentes a los dirigentes angole\u00f1os.<\/p>\n<p>Al finalizar la reuni\u00f3n, Adolfo Aguirre destac\u00f3 que \u201cse est\u00e1 concretando la construcci\u00f3n de la unidad entre la UNTA y la CTA, apostando a que el sindicalismo latinoamericano y africano puedan alumbrar el camino hacia un mundo m\u00e1s igualitario con justa distribuci\u00f3n de la riqueza\u201d.<\/p>\n<p>&nbsp;<\/p>\n<p>La comitiva de la CTA est\u00e1 integrada por el secretario de Relaciones Internacionales Adolfo Aguirre, el diputado nacional V\u00edctor De Gennaro, Jos\u00e9 Ju\u00e1rez y Daniel Fern\u00e1ndez del Astillero R\u00edo Santiago, el secretario gremial de ATE Provincia de Buenos Aires y secretario de organizaci\u00f3n de la regional La Plata-Ensenada C\u00e9sar Bali\u00f1a y el integrante de la secretar\u00eda de comunicaci\u00f3n Fabian Piedras.<\/p>\n<p>Se realizaron varias reuniones de intercambio de experiencias concretas con federaciones y sindicatos nacionales de la industria metal\u00fargica, qu\u00edmica, textil y de bebidas, organizaciones de la construcci\u00f3n, el transporte, rurales, bancarios y del sector p\u00fablico como docentes, trabajadores de la salud y de la administraci\u00f3n p\u00fablica. La UNTA, que representa a unos 300.000 afiliados, tiene desarrollo en las 18 provincias de Angola.<\/p>\n<p><strong>Reuni\u00f3n con el Ministro de Trabajo angole\u00f1o<\/strong><\/p>\n<p>&nbsp;<\/p>\n<p>La delegaci\u00f3n argentina, junto a la conducci\u00f3n de la UNTA, se reunieron con Ant\u00f3nio Pitra Neto, Ministro de Administraci\u00f3n P\u00fablica, Trabajo y Seguridad Social quien nos present\u00f3 proyectos de capacitaci\u00f3n para este per\u00edodo de reconstrucci\u00f3n de Angola tras m\u00e1s de cuatro d\u00e9cadas de continuos conflictos armados que afectaron profundamente la capacidad productiva de esta naci\u00f3n, dejando un saldo de miles de muertos y unos dos millones de refugiados y desplazados. Adem\u00e1s, la principal fuente de trabajos de la naci\u00f3n africana, la agricultura, se vio especialmente afectada por la masiva migraci\u00f3n a las ciudades y el terrible flagelo de las minas antipersonales ya que Angola es el tercer territorio con m\u00e1s superficie minada en el mundo, detr\u00e1s de Vietnam y Afganist\u00e1n.<\/p>\n<p>Siguieron visitas a comisiones sindicales de empresas y reuniones de intercambio de experiencia pol\u00edtico sindical en la sede de la UNTA provincia de Luanda.<\/p>\n<p>Al mismo tiempo daba comienzo el seminario de comunicaci\u00f3n del que participan unas 30 compa\u00f1eras y compa\u00f1eros de secretariados de UNTA y organizaciones de base. En la apertura del seminario el secretario general de la central angole\u00f1a, Manuel Agusto Viage destac\u00f3 que la UNTA considera a la comunicaci\u00f3n como un \u00e1rea primordial para el desarrollo de la organizaci\u00f3n. La CTA, a trav\u00e9s del integrante de la secretar\u00eda de comunicaci\u00f3n Fabian Piedras, intenta colaborar en ese proceso compartiendo la experiencia que pudo acumular a lo largo de los a\u00f1os.<\/p>\n<p><em>* Equipo de Comunicaci\u00f3n de la Secretar\u00eda de Relaciones Internacionales de la CTA<\/em><\/p>\n<p><!--more--><\/p>\n<p>&nbsp;<\/p>\n","protected":false},"excerpt":{"rendered":"La comitiva de la CTA encabezada por el secretario de Relaciones Internacionales de la Central, Adolfo Aguirre y V\u00edctor De Gennaro, desarrolla una \n<a class=\"moretag\" href=\"https:\/\/ctainternacionales.org\/?p=1797\"> [...]<\/a>","protected":false},"author":1,"featured_media":0,"comment_status":"closed","ping_status":"closed","sticky":false,"template":"","format":"standard","meta":{"ngg_post_thumbnail":0,"footnotes":""},"categories":[],"tags":[],"class_list":["post-1797","post","type-post","status-publish","format-standard","hentry"],"_links":{"self":[{"href":"https:\/\/ctainternacionales.org\/index.php?rest_route=\/wp\/v2\/posts\/1797","targetHints":{"allow":["GET"]}}],"collection":[{"href":"https:\/\/ctainternacionales.org\/index.php?rest_route=\/wp\/v2\/posts"}],"about":[{"href":"https:\/\/ctainternacionales.org\/index.php?rest_route=\/wp\/v2\/types\/post"}],"author":[{"embeddable":true,"href":"https:\/\/ctainternacionales.org\/index.php?rest_route=\/wp\/v2\/users\/1"}],"replies":[{"embeddable":true,"href":"https:\/\/ctainternacionales.org\/index.php?rest_route=%2Fwp%2Fv2%2Fcomments&post=1797"}],"version-history":[{"count":4,"href":"https:\/\/ctainternacionales.org\/index.php?rest_route=\/wp\/v2\/posts\/1797\/revisions"}],"predecessor-version":[{"id":1850,"href":"https:\/\/ctainternacionales.org\/index.php?rest_route=\/wp\/v2\/posts\/1797\/revisions\/1850"}],"wp:attachment":[{"href":"https:\/\/ctainternacionales.org\/index.php?rest_route=%2Fwp%2Fv2%2Fmedia&parent=1797"}],"wp:term":[{"taxonomy":"category","embeddable":true,"href":"https:\/\/ctainternacionales.org\/index.php?rest_route=%2Fwp%2Fv2%2Fcategories&post=1797"},{"taxonomy":"post_tag","embeddable":true,"href":"https:\/\/ctainternacionales.org\/index.php?rest_route=%2Fwp%2Fv2%2Ftags&post=1797"}],"curies":[{"name":"wp","href":"https:\/\/api.w.org\/{rel}","templated":true}]}}