{"id":1770,"date":"2014-02-09T02:39:48","date_gmt":"2014-02-09T02:39:48","guid":{"rendered":"http:\/\/www.ctainternacionales.org\/?p=1770"},"modified":"2014-04-14T15:10:53","modified_gmt":"2014-04-14T15:10:53","slug":"la-oit-reitero-el-reclamo-por-la-falta-de-libertad-sindical","status":"publish","type":"post","link":"https:\/\/ctainternacionales.org\/?p=1770","title":{"rendered":"La OIT reiter\u00f3 el reclamo por la falta de libertad sindical"},"content":{"rendered":"<p><a href=\"http:\/\/www.ctainternacionales.org\/wp-content\/uploads\/2014\/02\/Unknown.jpeg\"><img loading=\"lazy\" decoding=\"async\" class=\"aligncenter size-full wp-image-1795\" title=\"Unknown\" src=\"http:\/\/www.ctainternacionales.org\/wp-content\/uploads\/2014\/02\/Unknown.jpeg\" alt=\"\" width=\"262\" height=\"193\" \/><\/a><\/p>\n<p>Otro rev\u00e9s para Cristina Kirchner: En su nuevo informe anual, la Comisi\u00f3n de Expertos de la Organizaci\u00f3n Internacional del Trabajo (OIT) profundiz\u00f3 sus reclamos al Gobierno por la demora en otorgarle la personer\u00eda a la CTA y en adaptar la legislaci\u00f3n vigente a los convenios sobre libertad sindical.<!--more--><!--more--><\/p>\n<p><strong><em>Otro rev\u00e9s para Cristina Kirchner: En su nuevo informe anual, la Comisi\u00f3n de Expertos de la Organizaci\u00f3n Internacional del Trabajo (OIT) profundiz\u00f3 sus reclamos al Gobierno por la demora en otorgarle la personer\u00eda a la CTA y en adaptar la legislaci\u00f3n vigente a los convenios sobre libertad sindical.\u00a0<\/em><\/strong><\/p>\n<p>Esta fuerte insistencia del organismo pone en aprietos a la Presidenta: en junio tiene previsto participar de la asamblea anual de la OIT porque contar\u00eda con la presencia del papa Francisco y eso le permitir\u00eda, seg\u00fan la \u00f3ptica oficial, destacar los \u201clogros\u201d de su gobierno en materia sindical y laboral.<\/p>\n<p>Justamente, para entonces la Presidenta quiere tener firmado el decreto \u201cen defensa del modelo sindical\u201d acordado con la CGT oficialista, que, adem\u00e1s de responder a los \u00faltimos fallos laborales de la Corte, buscar\u00e1 adaptar la ley a los convenios sobre libertad sindical.<\/p>\n<p>El Comit\u00e9 de Expertos es un \u00f3rgano independiente, constituido por juristas, cuya misi\u00f3n es examinar la aplicaci\u00f3n de los convenios y recomendaciones del organismo internacional por parte de los Estados que la integran.<\/p>\n<p>Esta es la observaci\u00f3n n\u00famero 18 de esa comisi\u00f3n, lo que quiere decir que durante ese lapso se observ\u00f3 el caso argentino y concurrieron misiones de la OIT, pero nunca se modific\u00f3 la ley sindical. Respecto de la personer\u00eda para la CTA, el informe destaca que fue solicitada al gobierno argentino en 2004 y que todav\u00eda no tiene resoluci\u00f3n.<\/p>\n<p>En un lenguaje duro si se considera la prudencia de los organismos internacionales, el nuevo informe del Comit\u00e9 de Expertos de la OIT sostiene lo siguiente:<\/p>\n<p><strong>* Personer\u00eda de la CTA:<\/strong>\u00a0\u201cLa Comisi\u00f3n lamenta profundamente el tiempo transcurrido sin que la autoridad administrativa se haya pronunciado -casi diez a\u00f1os- e insta firmemente al Gobierno a que tome una decisi\u00f3n en un futuro pr\u00f3ximo. La Comisi\u00f3n pide al Gobierno que informe al respecto\u201d.<\/p>\n<p><strong>* Libertad sindical:<\/strong>\u00a0\u201cAl tiempo que constata que las sentencias dictadas por la Corte y otras instancias judiciales nacionales y provinciales van en el sentido de superar en parte los problemas de conformidad con el convenio, la Comisi\u00f3n insta firmemente al Gobierno a que, sin demora y tras un examen tripartito de las cuestiones pendientes con el conjunto de los interlocutores sociales, tome las medidas necesarias para poner la ley sindical y su decreto reglamentario en plena conformidad con el Convenio. Se invita al Gobierno a que responda de manera detallada a estos comentarios en 2014\u201d.<\/p>\n<p><strong>Fuente: Ricardo C\u00e1rpena, diario Clar\u00edn<\/strong><\/p>\n","protected":false},"excerpt":{"rendered":"Otro rev\u00e9s para Cristina Kirchner: En su nuevo informe anual, la Comisi\u00f3n de Expertos de la Organizaci\u00f3n Internacional del Trabajo (OIT) profundiz\u00f3 sus \n<a class=\"moretag\" href=\"https:\/\/ctainternacionales.org\/?p=1770\"> [...]<\/a>","protected":false},"author":1,"featured_media":0,"comment_status":"closed","ping_status":"closed","sticky":false,"template":"","format":"standard","meta":{"ngg_post_thumbnail":0,"footnotes":""},"categories":[],"tags":[],"class_list":["post-1770","post","type-post","status-publish","format-standard","hentry"],"_links":{"self":[{"href":"https:\/\/ctainternacionales.org\/index.php?rest_route=\/wp\/v2\/posts\/1770","targetHints":{"allow":["GET"]}}],"collection":[{"href":"https:\/\/ctainternacionales.org\/index.php?rest_route=\/wp\/v2\/posts"}],"about":[{"href":"https:\/\/ctainternacionales.org\/index.php?rest_route=\/wp\/v2\/types\/post"}],"author":[{"embeddable":true,"href":"https:\/\/ctainternacionales.org\/index.php?rest_route=\/wp\/v2\/users\/1"}],"replies":[{"embeddable":true,"href":"https:\/\/ctainternacionales.org\/index.php?rest_route=%2Fwp%2Fv2%2Fcomments&post=1770"}],"version-history":[{"count":7,"href":"https:\/\/ctainternacionales.org\/index.php?rest_route=\/wp\/v2\/posts\/1770\/revisions"}],"predecessor-version":[{"id":1849,"href":"https:\/\/ctainternacionales.org\/index.php?rest_route=\/wp\/v2\/posts\/1770\/revisions\/1849"}],"wp:attachment":[{"href":"https:\/\/ctainternacionales.org\/index.php?rest_route=%2Fwp%2Fv2%2Fmedia&parent=1770"}],"wp:term":[{"taxonomy":"category","embeddable":true,"href":"https:\/\/ctainternacionales.org\/index.php?rest_route=%2Fwp%2Fv2%2Fcategories&post=1770"},{"taxonomy":"post_tag","embeddable":true,"href":"https:\/\/ctainternacionales.org\/index.php?rest_route=%2Fwp%2Fv2%2Ftags&post=1770"}],"curies":[{"name":"wp","href":"https:\/\/api.w.org\/{rel}","templated":true}]}}