{"id":1765,"date":"2014-02-06T19:39:48","date_gmt":"2014-02-06T19:39:48","guid":{"rendered":"http:\/\/www.ctainternacionales.org\/?p=1765"},"modified":"2014-04-14T15:26:37","modified_gmt":"2014-04-14T15:26:37","slug":"dura-respuesta-del-gobierno-a-amnistia-internacional-por-fallo-contra-migrantes","status":"publish","type":"post","link":"https:\/\/ctainternacionales.org\/?p=1765","title":{"rendered":"Dura respuesta del gobierno a Amnist\u00eda Internacional por fallo contra migrantes"},"content":{"rendered":"<p><span style=\"font-size: 13px;\">El Gobierno dominicano rechaz\u00f3 hoy por\u00a0<\/span><strong style=\"font-size: 13px;\">\u201cimprocedentes, carentes de toda base legal y atentan contra el principio de soberan\u00eda\u201d, las \u201cdesatinadas\u201d pretensiones de Amnist\u00eda Internacional<\/strong><span style=\"font-size: 13px;\">\u00a0de que el pa\u00eds revierta la\u00a0<\/span><strong style=\"font-size: 13px;\">sentencia 168-13, del Tribunal Constitucional<\/strong><span style=\"font-size: 13px;\">\u00a0sobre la nacionalidad.<!--more--><\/span><\/p>\n<p><span style=\"font-size: 13px;\">El Gobierno dominicano rechaz\u00f3 hoy por\u00a0<\/span><strong style=\"font-size: 13px;\">\u201cimprocedentes, carentes de toda base legal y atentan contra el principio de soberan\u00eda\u201d, las \u201cdesatinadas\u201d pretensiones de Amnist\u00eda Internacional<\/strong><span style=\"font-size: 13px;\">\u00a0de que el pa\u00eds revierta la\u00a0<\/span><strong style=\"font-size: 13px;\">sentencia 168-13, del Tribunal Constitucional<\/strong><span style=\"font-size: 13px;\">\u00a0sobre la nacionalidad.<\/span><\/p>\n<p><a href=\"http:\/\/www.ctainternacionales.org\/wp-content\/uploads\/2014\/02\/rd.jpg\"><img loading=\"lazy\" decoding=\"async\" class=\"aligncenter size-full wp-image-1766\" title=\"rd\" src=\"http:\/\/www.ctainternacionales.org\/wp-content\/uploads\/2014\/02\/rd.jpg\" alt=\"\" width=\"263\" height=\"192\" \/><\/a><\/p>\n<p>A trav\u00e9s de un comunicado, el Ministerio de Relaciones Exteriores recuerda que la Constituci\u00f3n dominicana establece que \u201clas decisiones que emanan del Tribunal Constitucional son definitivas, irrevocables y vinculantes a todos los poderes del Estado, y por lo tanto deben ser aplicadas, ya que vivimos en un r\u00e9gimen de derechos\u201d.<\/p>\n<p>\u201cPor el contrario, el Plan de Regularizaci\u00f3n de los indocumentados reducir\u00e1 la vulnerabilidad de la poblaci\u00f3n sin estatus migratorio y est\u00e1 fuera de toda duda el compromiso del Gobierno de respetar los derechos de toda persona en nuestro territorio\u201d, insiste.<\/p>\n<p>Adem\u00e1s considera\u00a0<strong>\u201cinaceptable\u201d que Amnist\u00eda Internacional acuse a la Rep\u00fablica Dominicana de discriminaci\u00f3n y de violaci\u00f3n de los derechos humanos<\/strong>, no obstante ser el Estado dominicano \u201cfiel\u201d a su compromiso con los derechos fundamentales de todas las personas.<\/p>\n<p>\u201cAmnesty International dice luchar por la democracia y el respeto a los derechos humanos, ambos indispensables en un Estado de derecho, pero propone que el pa\u00eds viole la separaci\u00f3n de poderes y olvide los preceptos constitucionales\u201d, dice la Canciller\u00eda en su comunicado.<\/p>\n<p>De igual modo, defiende el derecho que tiene el pa\u00eds de regular a las personas que viven de manera irregular en territorio nacional.<\/p>\n<p>\u201cEs absurdo acusar de violaci\u00f3n a los derechos humanos a un pa\u00eds que como el nuestro, garantiza el acceso a la educaci\u00f3n,\u00a0 a la salud y al trabajo, sin importar el estatus legal de las personas. A la Rep\u00fablica Dominicana le asiste el derecho de procurar que los extranjeros en situaci\u00f3n irregular normalicen su status de estancia en el pa\u00eds, y lo estamos haciendo con todas las garant\u00edas legales\u201d, precisa el comunicado.<\/p>\n<p>\u201cLas escuelas y hospitales dominicanos son el mejor ejemplo de que a nadie se le discrimina en raz\u00f3n de su estatus migratorio\u201d, a\u00f1ade.<\/p>\n<p>El ministerio record\u00f3 que justo como plante\u00f3 el presidente Danilo Medina ante la reci\u00e9n celebrada Cumbre de la Comunidad de Estados Latinoamericanos y Caribe\u00f1os (CELAC), \u201cno es cierto que en la Rep\u00fablica Dominicana se le ha quitado la nacionalidad a nadie; no se le puede quitar lo que no tiene a ninguna persona\u201d, repiti\u00f3.<\/p>\n<p>\u201cPor el contrario, el Plan de Regularizaci\u00f3n de los indocumentados reducir\u00e1 la vulnerabilidad de la poblaci\u00f3n sin estatus migratorio y est\u00e1 fuera de toda duda el compromiso del Gobierno de respetar los derechos de toda persona en nuestro territorio\u201d, insiste.<\/p>\n<p>La Canciller\u00eda reiter\u00f3 la decisi\u00f3n y plena disposici\u00f3n de di\u00e1logo y apertura del Gobierno dominicano con la comunidad internacional, pero se\u00f1al\u00f3 que el respeto a la soberan\u00eda y ordenamiento institucional son un punto clave para fomentar el entendimiento.<\/p>\n<p><a href=\"http:\/\/www.7dias.com.do\/portada\/2014\/02\/05\/i157201_gobierno-expresa-rotundo-rechazo-pretensiones-amnistia-internacional.html#.UvNCRWJ5Ml8\">http:\/\/www.7dias.com.do\/portada\/2014\/02\/05\/i157201_gobierno-expresa-rotundo-rechazo-pretensiones-amnistia-internacional.html#.UvNCRWJ5Ml8<\/a><\/p>\n","protected":false},"excerpt":{"rendered":"El Gobierno dominicano rechaz\u00f3 hoy por\u00a0\u201cimprocedentes, carentes de toda base legal y atentan contra el principio de soberan\u00eda\u201d, las \u201cdesatinadas\u201d pretensiones de Amnist\u00eda \n<a class=\"moretag\" href=\"https:\/\/ctainternacionales.org\/?p=1765\"> [...]<\/a>","protected":false},"author":1,"featured_media":0,"comment_status":"closed","ping_status":"closed","sticky":false,"template":"","format":"standard","meta":{"ngg_post_thumbnail":0,"footnotes":""},"categories":[],"tags":[],"class_list":["post-1765","post","type-post","status-publish","format-standard","hentry"],"_links":{"self":[{"href":"https:\/\/ctainternacionales.org\/index.php?rest_route=\/wp\/v2\/posts\/1765","targetHints":{"allow":["GET"]}}],"collection":[{"href":"https:\/\/ctainternacionales.org\/index.php?rest_route=\/wp\/v2\/posts"}],"about":[{"href":"https:\/\/ctainternacionales.org\/index.php?rest_route=\/wp\/v2\/types\/post"}],"author":[{"embeddable":true,"href":"https:\/\/ctainternacionales.org\/index.php?rest_route=\/wp\/v2\/users\/1"}],"replies":[{"embeddable":true,"href":"https:\/\/ctainternacionales.org\/index.php?rest_route=%2Fwp%2Fv2%2Fcomments&post=1765"}],"version-history":[{"count":4,"href":"https:\/\/ctainternacionales.org\/index.php?rest_route=\/wp\/v2\/posts\/1765\/revisions"}],"predecessor-version":[{"id":1769,"href":"https:\/\/ctainternacionales.org\/index.php?rest_route=\/wp\/v2\/posts\/1765\/revisions\/1769"}],"wp:attachment":[{"href":"https:\/\/ctainternacionales.org\/index.php?rest_route=%2Fwp%2Fv2%2Fmedia&parent=1765"}],"wp:term":[{"taxonomy":"category","embeddable":true,"href":"https:\/\/ctainternacionales.org\/index.php?rest_route=%2Fwp%2Fv2%2Fcategories&post=1765"},{"taxonomy":"post_tag","embeddable":true,"href":"https:\/\/ctainternacionales.org\/index.php?rest_route=%2Fwp%2Fv2%2Ftags&post=1765"}],"curies":[{"name":"wp","href":"https:\/\/api.w.org\/{rel}","templated":true}]}}