{"id":1647,"date":"2012-12-18T00:46:33","date_gmt":"2012-12-18T00:46:33","guid":{"rendered":"http:\/\/www.ctainternacionales.org\/?p=1647"},"modified":"2013-02-02T17:31:28","modified_gmt":"2013-02-02T17:31:28","slug":"organizados-debemos-ponerles-freno-a-estos-disenos-de-la-muerte","status":"publish","type":"post","link":"https:\/\/ctainternacionales.org\/?p=1647","title":{"rendered":"\u00abOrganizados debemos ponerles freno a estos dise\u00f1os de la muerte\u00bb"},"content":{"rendered":"<p><a href=\"http:\/\/www.ctainternacionales.org\/wp-content\/uploads\/2013\/01\/fito21-2.jpg\"><img loading=\"lazy\" decoding=\"async\" class=\"alignnone size-thumbnail wp-image-1648\" title=\"fito21-2\" src=\"http:\/\/www.ctainternacionales.org\/wp-content\/uploads\/2013\/01\/fito21-2-307x230.jpg\" alt=\"\" width=\"307\" height=\"230\" \/><\/a>En entrevista con ACTA, el secretario de Relaciones Internacionales de la CTA, Adolfo \u00abFito\u00bb Aguirre, cont\u00f3 las razones del acto que se llevar\u00e1 a cabo en solidaridad y apoyo con el pueblo paraguayo que est\u00e1 resistiendo contra el gobierno de facto y la injerencia y el despojo de las multinacionales.<!--more--><\/p>\n<p><em><strong><a href=\"http:\/\/www.ctainternacionales.org\/wp-content\/uploads\/2013\/01\/fito21-2.jpg\"><img loading=\"lazy\" decoding=\"async\" class=\"alignnone size-full wp-image-1648\" title=\"fito21-2\" src=\"http:\/\/www.ctainternacionales.org\/wp-content\/uploads\/2013\/01\/fito21-2.jpg\" alt=\"\" width=\"400\" height=\"300\" \/><\/a>En entrevista con ACTA, el secretario de Relaciones Internacionales de la CTA, Adolfo \u00abFito\u00bb Aguirre, cont\u00f3 las razones del acto que se llevar\u00e1 a cabo en solidaridad y apoyo con el pueblo paraguayo que est\u00e1 resistiendo contra el gobierno de facto y la injerencia y el despojo de las multinacionales.<\/strong><\/em><\/p>\n<p>&nbsp;<\/p>\n<p><em>&#8211; Contanos por qu\u00e9 se hace este reconocimiento a los trabajadores paraguayos<\/em><\/p>\n<p>&#8211; Vamos a contar con la presencia de Bernardo Rojas, presidente de la Central \u00danica de Trabajadores Aut\u00e9ntica de Paraguay (CUT-A) y con el secretario de la Central General de Trabajadores, Miguel Zayas, dos dirigentes que vienen resistiendo lo que ha sido este golpe de Estado de guantes blancos, en el cual estas dos centrales est\u00e1n trabajando en forma unitaria para evitar que se naturalice lo que ha sucedido en Paraguay y nosotros no queremos hacer lo mismo que pas\u00f3 con Honduras que fueron pasando los meses, que estuvimos haciendo actos y manifest\u00e1ndonos pero a esta altura Honduras qued\u00f3 como qued\u00f3. Fue un ensayo que lo provocaron los distintos intereses, entre los norteamericanos, el rol que siguen jugando las embajadas de Estados Unidos y el pulso de las transnacionales que es alinear el control de todo lo que hace a recursos naturales, al pulso que le va poniendo a las nuevas fases el capitalismo que es justamente la expansi\u00f3n de lo que es el negocio agroalimentario.<\/p>\n<p>&nbsp;<\/p>\n<p><em>&#8211; \u00bfQu\u00e9 rol ha jugado Monsanto?<\/em><\/p>\n<p>&#8211; En el caso de Paraguay, el papel que ha jugado Monsanto nos recuerda al jugado por ITT en Chile durante el golpe de Estado y nosotros no queremos dejarlo como algo que pas\u00f3 en un pa\u00eds que no es la Argentina sino que hoy m\u00e1s que nunca son las cuestiones de integraci\u00f3n las que est\u00e1n en disputa y no alcanza con el papel que han jugado los gobiernos, los empresarios de cada uno de los pa\u00edses y las multinacionales sino que el movimiento sindical internacional tiene que jugar un rol fundamental.<\/p>\n<p>Para nosotros, tenerlos como invitados para cerrar el a\u00f1o pol\u00edtico internacional, es un honor porque son dos centrales que no se entregaron, que resisten y tienen la seguridad de que Paraguay se merece una democracia plena. Nosotros queremos jugar un papel de ayudar y ponernos a las \u00f3rdenes de quienes tienen que construir una alternativa pol\u00edtica a Franco, al Partido Colorado, al Partido Liberal y al papel que le quieren imponer a Paraguay multinacionales como Monsanto.<\/p>\n<p>&nbsp;<\/p>\n<p><em>&#8211; \u00bfQu\u00e9 actividades hay previstas?<\/em><\/p>\n<p>&#8211; Vamos a tener una reuni\u00f3n con la Mesa Nacional para debatir en qu\u00e9 podemos ayudar, qu\u00e9 se necesita para trabajar en Paraguay y con los paraguayos y paraguayas que est\u00e1n en Argentina y como tarea de formaci\u00f3n e informaci\u00f3n, a las 17, ellos ilustrar\u00e1n (en el Auditorio de ATE, Belgrano 2527 de la Ciudad de Buenos Aires) c\u00f3mo est\u00e1n llevando adelante las tareas de resistencia y c\u00f3mo est\u00e1n trabajando la construcci\u00f3n de alternativas para las elecciones del a\u00f1o que viene.<\/p>\n<p>&nbsp;<\/p>\n<p><em>&#8211; \u00bfCu\u00e1l es la situaci\u00f3n de los trabajadores, sobre todo de los campesinos, despu\u00e9s del golpe?<\/em><\/p>\n<p>&#8211; La situaci\u00f3n de los campesinos ha empeorado porque en una regi\u00f3n a la que podemos encontrar en un futuro con sequ\u00edas e inundaciones tenemos esta contradicci\u00f3n de que puede caer el modelo agroexportador por esto mismo y no por problemas de negocios porque China y otros pa\u00edses siguen comprando alimentos y los gobiernos de la regi\u00f3n creen que si tenemos los recursos hay que usarlos ahora sin prever absolutamente nada a futuro y, por otro lado, el dise\u00f1o no tiene l\u00edmites de expandir las fronteras agropecuarias con lo cual provocan desplazamientos y para eso se tiene que construir un esquema de impunidad: hay asesinatos, estigmatizaci\u00f3n y judicializaci\u00f3n de las organizaciones y sus dirigentes.<\/p>\n<p>Me he enterado que han asesinado al principal testigo que hab\u00eda de lo que fue el enfrentamiento que hubo en aquel momento, antes de la preparaci\u00f3n del golpe, con lo cual es important\u00edsimo esta actividad para rodear de solidaridad a todos los que resisten porque no lo hacen por ejercicio sindical y pol\u00edtico sino que tienen la esperanza de construir el Paraguay que se merecen despu\u00e9s de todo lo que han sufrido: dictaduras, impunidad, el rol que jugaron los narcos en un pa\u00eds que tiene una potencialidad impresionante.<\/p>\n<p>&nbsp;<\/p>\n<p><em>&#8211; Y luego de la Guerra de la Triple Alianza en el siglo XIX que destruy\u00f3 a un Paraguay que era absolutamente independiente<\/em><\/p>\n<p>&#8211; No soporto la hipocres\u00eda de mirar para otro lado despu\u00e9s de lo que pas\u00f3 con la Guerra de la Triple Alianza en la que argentinos, uruguayos y brasile\u00f1os de ese momento jugaron un papel servil. Nosotros tenemos que estar siempre muy atentos con el pueblo de Paraguay porque ahora tambi\u00e9n est\u00e1 como en un cerco; esperamos que se construya una alternativa y que vuelva a estar en el camino de la integraci\u00f3n y de una democracia plena de derechos.<\/p>\n<p>&nbsp;<\/p>\n<p><em>&#8211; En nuestro pa\u00eds tambi\u00e9n el modelo extractivista est\u00e1 diezmando a los pueblos originarios, ayer asesinaron a dos integrantes de los Qom, uno ellos una beba de 10 meses<\/em><\/p>\n<p>&#8211; Es la misma sinton\u00eda en todos lados: en Chile, en Per\u00fa donde se quiere avanzar con las redes de gasoductos contra los pueblos originarios, en Bolivia con el tema de las carreteras, en Brasil exactamente lo mismo.<\/p>\n<p>Ac\u00e1 el gran desaf\u00edo es c\u00f3mo hay dos grandes n\u00facleos que trabajan la disputa internacional, uno de ellos son las multinacionales que avanzan en todos los Estados, en algunos construyen Estados multinacionales y el otro n\u00facleo fuerte que nosotros estamos convencidos es el movimiento obrero sindical internacional porque queremos ser parte de esa disputa global para demostrar que seremos peque\u00f1os pero con una trayectoria hist\u00f3rica de solidaridad ni hablar de lucha y de revueltas pol\u00edticas para ponerles freno a estos dise\u00f1os de la muerte.<\/p>\n<p>&nbsp;<\/p>\n<p>(<em>In\u00e9s Hayes: 12.12.2012<\/em>)<\/p>\n","protected":false},"excerpt":{"rendered":"En entrevista con ACTA, el secretario de Relaciones Internacionales de la CTA, Adolfo \u00abFito\u00bb Aguirre, cont\u00f3 las razones del acto que se llevar\u00e1 \n<a class=\"moretag\" href=\"https:\/\/ctainternacionales.org\/?p=1647\"> [...]<\/a>","protected":false},"author":1,"featured_media":0,"comment_status":"closed","ping_status":"closed","sticky":false,"template":"","format":"standard","meta":{"ngg_post_thumbnail":0,"footnotes":""},"categories":[],"tags":[],"class_list":["post-1647","post","type-post","status-publish","format-standard","hentry"],"_links":{"self":[{"href":"https:\/\/ctainternacionales.org\/index.php?rest_route=\/wp\/v2\/posts\/1647","targetHints":{"allow":["GET"]}}],"collection":[{"href":"https:\/\/ctainternacionales.org\/index.php?rest_route=\/wp\/v2\/posts"}],"about":[{"href":"https:\/\/ctainternacionales.org\/index.php?rest_route=\/wp\/v2\/types\/post"}],"author":[{"embeddable":true,"href":"https:\/\/ctainternacionales.org\/index.php?rest_route=\/wp\/v2\/users\/1"}],"replies":[{"embeddable":true,"href":"https:\/\/ctainternacionales.org\/index.php?rest_route=%2Fwp%2Fv2%2Fcomments&post=1647"}],"version-history":[{"count":5,"href":"https:\/\/ctainternacionales.org\/index.php?rest_route=\/wp\/v2\/posts\/1647\/revisions"}],"predecessor-version":[{"id":1679,"href":"https:\/\/ctainternacionales.org\/index.php?rest_route=\/wp\/v2\/posts\/1647\/revisions\/1679"}],"wp:attachment":[{"href":"https:\/\/ctainternacionales.org\/index.php?rest_route=%2Fwp%2Fv2%2Fmedia&parent=1647"}],"wp:term":[{"taxonomy":"category","embeddable":true,"href":"https:\/\/ctainternacionales.org\/index.php?rest_route=%2Fwp%2Fv2%2Fcategories&post=1647"},{"taxonomy":"post_tag","embeddable":true,"href":"https:\/\/ctainternacionales.org\/index.php?rest_route=%2Fwp%2Fv2%2Ftags&post=1647"}],"curies":[{"name":"wp","href":"https:\/\/api.w.org\/{rel}","templated":true}]}}