{"id":1618,"date":"2012-11-29T15:43:44","date_gmt":"2012-11-29T15:43:44","guid":{"rendered":"http:\/\/www.ctainternacionales.org\/?p=1618"},"modified":"2014-02-06T19:07:55","modified_gmt":"2014-02-06T19:07:55","slug":"definiendo-estrategias-para-el-escenario-de-integracion-regional","status":"publish","type":"post","link":"https:\/\/ctainternacionales.org\/?p=1618","title":{"rendered":"Escenarios regionales"},"content":{"rendered":"<p style=\"text-align: left;\" lang=\"es-ES\"><span style=\"font-family: arial,sans-serif;\">La reuni\u00f3n del Grupo de Trabajo de Integraci\u00f3n Hemisf\u00e9rica de la Confederaci\u00f3n Sindical de las Am\u00e9ricas se da en un contexto de importantes movimientos para la integraci\u00f3n regional <!--more--><\/span><\/p>\n<p lang=\"es-ES\"><em><strong>La reuni\u00f3n del Grupo de Trabajo de Integraci\u00f3n Hemisf\u00e9rica de la Confederaci\u00f3n Sindical de las Am\u00e9ricas (30 de noviembre y 1 de diciembre en Santiago de Chile), en la cual participar\u00e9 como Secretario de Relaciones Internacionales de la CTA se da en un contexto de importantes movimientos para la integraci\u00f3n regional<\/strong><\/em><\/p>\n<p lang=\"es-ES\"><span style=\"font-family: arial,sans-serif;\">Fin de noviembre e inicios de diciembre son fechas relevantes para Am\u00e9rica Latina , ya que 29 y 30 de noviembre se re\u00fane UNASUR en Lima, y d\u00edas despu\u00e9s (5 y 6) en Brasilia, se realizar\u00e1 el paso de presidencia de Mercosur, en una coyuntura compleja para el cono sur y la regi\u00f3n, pero donde tambi\u00e9n se abren puertas para dise\u00f1ar estrategias de integraci\u00f3n que busquen reducir las vulnerabilidades externas, y transitar de un regionalismo abierto a un regionalismo que busque favorecer econom\u00edas complementarias, con generaci\u00f3n de valor agregado, trabajo digno, y manejo racional de los recursos naturales. <\/span><\/p>\n<p lang=\"es-ES\"><span style=\"font-family: arial,sans-serif;\">En la cumbre de Jefes de Estado de Mercosur, Uruguay asumir\u00e1 la presidencia pro-tempore, en lugar de Paraguay, que fue suspendido luego del golpe de Estado, lo que a su vez permiti\u00f3 la entrada de Venezuela como miembro pleno, cambiando el escenario de la integraci\u00f3n regional. <\/span><\/p>\n<p lang=\"es-ES\"><span style=\"font-family: arial,sans-serif;\">A su vez, UNASUR retoma un nuevo impulso con el cambio de secretario general, ahora con Al\u00ed Rodr\u00edguez de Venezuela a cargo. En la reuni\u00f3n de Lima, UNASUR anunciar\u00e1 la creaci\u00f3n del foro consultivo, similar al del Mercosur, lo que significa una mayor institucionalizaci\u00f3n y lo que nos convoca como central sindical a asumir nuevos desaf\u00edos a la hora de pensar la regi\u00f3n, con un polo econ\u00f3mico fuerte en el cono sur, te\u00f1ido con un golpe de Estado. <\/span><\/p>\n<p lang=\"es-ES\"><span style=\"font-family: arial,sans-serif;\">Mientras tanto en Santiago se dar\u00e1n pasos, desde los sindicatos y la sociedad civil, en la conformaci\u00f3n de posicionamientos y propuestas para enero de 2013, cuando la presidencia de la Comunidad de Estados Latinoamericanos y Caribe\u00f1os (CELAC) sea asumida por Cuba, a la vez que se realizar\u00e1 una Cumbre de los Pueblos para continuar construyendo confianzas y explorando alternativas para superar la frontera de lo posible instalada por el modelo de neodesarrollismo extractivista. <\/span><\/p>\n<p lang=\"es-ES\"><span style=\"font-family: arial,sans-serif;\">Es en este contexto, que es clave para la CTA, no s\u00f3lo estar presente en instancias como el Grupo de Trabajo de Integraci\u00f3n Hemisf\u00e9rica, Cumbre Sindical y Social UE-CELAC, foros consultivos, como lo estaremos en los pr\u00f3ximos d\u00edas, sino que es necesario que como trabajadores y trabajadoras, generemos el debate estrat\u00e9gico necesario para asumir los desaf\u00edos de una nueva etapa, por un lado de recomposici\u00f3n del capitalismo post crisis de 2008, pero por otro lado, con las posibilidades de construir un regionalismo contra-hegem\u00f3nico. <\/span><\/p>\n<p lang=\"es-ES\">(<em>Adolfo Aguirre, 28.11.2012<\/em>)<\/p>\n<p>&nbsp;<\/p>\n","protected":false},"excerpt":{"rendered":"La reuni\u00f3n del Grupo de Trabajo de Integraci\u00f3n Hemisf\u00e9rica de la Confederaci\u00f3n Sindical de las Am\u00e9ricas se da en un contexto de importantes \n<a class=\"moretag\" href=\"https:\/\/ctainternacionales.org\/?p=1618\"> [...]<\/a>","protected":false},"author":1,"featured_media":0,"comment_status":"closed","ping_status":"closed","sticky":false,"template":"","format":"standard","meta":{"ngg_post_thumbnail":0,"footnotes":""},"categories":[],"tags":[],"class_list":["post-1618","post","type-post","status-publish","format-standard","hentry"],"_links":{"self":[{"href":"https:\/\/ctainternacionales.org\/index.php?rest_route=\/wp\/v2\/posts\/1618","targetHints":{"allow":["GET"]}}],"collection":[{"href":"https:\/\/ctainternacionales.org\/index.php?rest_route=\/wp\/v2\/posts"}],"about":[{"href":"https:\/\/ctainternacionales.org\/index.php?rest_route=\/wp\/v2\/types\/post"}],"author":[{"embeddable":true,"href":"https:\/\/ctainternacionales.org\/index.php?rest_route=\/wp\/v2\/users\/1"}],"replies":[{"embeddable":true,"href":"https:\/\/ctainternacionales.org\/index.php?rest_route=%2Fwp%2Fv2%2Fcomments&post=1618"}],"version-history":[{"count":7,"href":"https:\/\/ctainternacionales.org\/index.php?rest_route=\/wp\/v2\/posts\/1618\/revisions"}],"predecessor-version":[{"id":1623,"href":"https:\/\/ctainternacionales.org\/index.php?rest_route=\/wp\/v2\/posts\/1618\/revisions\/1623"}],"wp:attachment":[{"href":"https:\/\/ctainternacionales.org\/index.php?rest_route=%2Fwp%2Fv2%2Fmedia&parent=1618"}],"wp:term":[{"taxonomy":"category","embeddable":true,"href":"https:\/\/ctainternacionales.org\/index.php?rest_route=%2Fwp%2Fv2%2Fcategories&post=1618"},{"taxonomy":"post_tag","embeddable":true,"href":"https:\/\/ctainternacionales.org\/index.php?rest_route=%2Fwp%2Fv2%2Ftags&post=1618"}],"curies":[{"name":"wp","href":"https:\/\/api.w.org\/{rel}","templated":true}]}}