{"id":1614,"date":"2012-11-29T15:39:07","date_gmt":"2012-11-29T15:39:07","guid":{"rendered":"http:\/\/www.ctainternacionales.org\/?p=1614"},"modified":"2013-01-18T01:15:49","modified_gmt":"2013-01-18T01:15:49","slug":"solidaridad-desde-africa","status":"publish","type":"post","link":"https:\/\/ctainternacionales.org\/?p=1614","title":{"rendered":"Solidaridad desde \u00c1frica"},"content":{"rendered":"<p align=\"JUSTIFY\">Como parte del impacto que tuvo el paro nacional llevado a cabo por la CTA y la CGT el pasado 20 de noviembre, han llegado cartas de apoyo y solidaridad desde todo el mundo<!--more--><\/p>\n<p align=\"JUSTIFY\"><strong><em>Como parte del impacto que tuvo el paro nacional llevado a cabo por la CTA y la CGT el pasado 20 de noviembre, han llegado cartas de apoyo y solidaridad desde todo el mundo<img decoding=\"async\" title=\"More...\" src=\"http:\/\/www.ctainternacionales.org\/wp-includes\/js\/tinymce\/plugins\/wordpress\/img\/trans.gif\" alt=\"\" \/><\/em><\/strong><\/p>\n<p align=\"JUSTIFY\">Este mi\u00e9rcoles lleg\u00f3 una carta de la Confederaci\u00f3n Sindical Internacional- regional \u00c1frica, donde en nombre de sus 16 millones de afiliados, el secretario general Kwasi Adu-Amankwah felicita a la CTA por el paro nacional y expresa la necesidad de continuar entrelazando las luchas entre los movimientos sindicales latinoamericanos y africanos.<\/p>\n<p align=\"JUSTIFY\">Amankwah menciona que los trabajadores de todo el mundo est\u00e1n sufriendo la presi\u00f3n de una crisis internacional que no causaron pero que quiere ser cobrada a estos. En este contexto, remarca la lucha de los sindicatos y felicita la capacidad de resistir a las imposiciones del capitalismo m\u00e1s salvaje.<\/p>\n<p align=\"JUSTIFY\">\u00a0Esta solidaridad se suma a las ya expresadas por las centrales espa\u00f1olas LAB, ELA, Comisiones Obreras y USO, as\u00ed como tambi\u00e9n de sindicatos del resto de Am\u00e9rica Latina y de Australia.<\/p>\n","protected":false},"excerpt":{"rendered":"Como parte del impacto que tuvo el paro nacional llevado a cabo por la CTA y la CGT el pasado 20 de noviembre, \n<a class=\"moretag\" href=\"https:\/\/ctainternacionales.org\/?p=1614\"> [...]<\/a>","protected":false},"author":1,"featured_media":0,"comment_status":"closed","ping_status":"closed","sticky":false,"template":"","format":"standard","meta":{"ngg_post_thumbnail":0,"footnotes":""},"categories":[],"tags":[],"class_list":["post-1614","post","type-post","status-publish","format-standard","hentry"],"_links":{"self":[{"href":"https:\/\/ctainternacionales.org\/index.php?rest_route=\/wp\/v2\/posts\/1614","targetHints":{"allow":["GET"]}}],"collection":[{"href":"https:\/\/ctainternacionales.org\/index.php?rest_route=\/wp\/v2\/posts"}],"about":[{"href":"https:\/\/ctainternacionales.org\/index.php?rest_route=\/wp\/v2\/types\/post"}],"author":[{"embeddable":true,"href":"https:\/\/ctainternacionales.org\/index.php?rest_route=\/wp\/v2\/users\/1"}],"replies":[{"embeddable":true,"href":"https:\/\/ctainternacionales.org\/index.php?rest_route=%2Fwp%2Fv2%2Fcomments&post=1614"}],"version-history":[{"count":4,"href":"https:\/\/ctainternacionales.org\/index.php?rest_route=\/wp\/v2\/posts\/1614\/revisions"}],"predecessor-version":[{"id":1666,"href":"https:\/\/ctainternacionales.org\/index.php?rest_route=\/wp\/v2\/posts\/1614\/revisions\/1666"}],"wp:attachment":[{"href":"https:\/\/ctainternacionales.org\/index.php?rest_route=%2Fwp%2Fv2%2Fmedia&parent=1614"}],"wp:term":[{"taxonomy":"category","embeddable":true,"href":"https:\/\/ctainternacionales.org\/index.php?rest_route=%2Fwp%2Fv2%2Fcategories&post=1614"},{"taxonomy":"post_tag","embeddable":true,"href":"https:\/\/ctainternacionales.org\/index.php?rest_route=%2Fwp%2Fv2%2Ftags&post=1614"}],"curies":[{"name":"wp","href":"https:\/\/api.w.org\/{rel}","templated":true}]}}