{"id":1603,"date":"2012-11-28T19:32:58","date_gmt":"2012-11-28T19:32:58","guid":{"rendered":"http:\/\/www.ctainternacionales.org\/?p=1603"},"modified":"2013-01-18T00:58:48","modified_gmt":"2013-01-18T00:58:48","slug":"doha","status":"publish","type":"post","link":"https:\/\/ctainternacionales.org\/?p=1603","title":{"rendered":"DOHA"},"content":{"rendered":"<p style=\"text-align: left;\" align=\"JUSTIFY\"><strong>Este fin de semana antes del comienzo oficial de la Conferencia de las Partes (COP), se han programado dos jornadas de trabajo en grupo donde habr\u00e1 presentaciones vinculadas a diversos aspectos del Cambio Clim\u00e1tico donde podremos intercambiar opiniones entre los delegados de los pa\u00edses.<em> <!--more--><\/em><\/strong><\/p>\n<p align=\"JUSTIFY\"><em><span style=\"font-family: arial,sans-serif;\"><span style=\"font-size: small;\">Este fin de semana antes del comienzo oficial de la Conferencia de las Partes (COP), se han programado dos jornadas de trabajo en grupo donde habr\u00e1 presentaciones vinculadas a diversos aspectos del Cambio Clim\u00e1tico donde podremos intercambiar opiniones entre los delegados de los pa\u00edses. <\/span><\/span><\/em><\/p>\n<p>&nbsp;<\/p>\n<p>&nbsp;<\/p>\n<p lang=\"es-MX\" align=\"JUSTIFY\"><span style=\"font-family: arial,sans-serif;\"><span style=\"font-size: small;\">En el primer d\u00eda, la primera presentaci\u00f3n la realiz\u00f3 Anabella Rosemberg y consisti\u00f3 en una revisi\u00f3n de las principales evidencias cient\u00edficas vinculadas al Cambio Clim\u00e1tico, as\u00ed como un resumen de las pol\u00edticas llevadas adelante por la Confederaci\u00f3n Sindical Internacional (CSI) respecto a esta problem\u00e1tica.<\/span><\/span><\/p>\n<p>&nbsp;<\/p>\n<p>&nbsp;<\/p>\n<p align=\"JUSTIFY\"><span style=\"font-family: arial,sans-serif;\"><span style=\"font-size: small;\">La \u00faltima presentaci\u00f3n fue preparada por Pierre Habbard y estuvo ligada al financiamiento clim\u00e1tico. <\/span><\/span><\/p>\n<p>&nbsp;<\/p>\n<p>&nbsp;<\/p>\n<p lang=\"es-MX\" align=\"JUSTIFY\"><span style=\"font-family: arial,sans-serif;\"><span style=\"font-size: small;\">La presentaci\u00f3n de Rosemberg recalc\u00f3 que el Cambio Clim\u00e1tico es una de varias problem\u00e1ticas globales que se deben atacar (biodiversidad, desertificaci\u00f3n, ozono, etc) que est\u00e1n interrelacionadas. Aport\u00f3 informaci\u00f3n actualizada respecto a evoluci\u00f3n de emisiones por sector, futuros escenarios que muestran la gravedad del problema y la necesidad de actuar en forma inmediata. Con relaci\u00f3n a las pol\u00edticas llevadas adelante por la CSI se destacaron los tres ejes sobre los que se basa: solidaridad, transformaci\u00f3n y justicia<\/span><\/span><\/p>\n<p>&nbsp;<\/p>\n<p>&nbsp;<\/p>\n<p lang=\"es-MX\" align=\"JUSTIFY\"><span style=\"font-family: arial,sans-serif;\"><span style=\"font-size: small;\">En el intercambio de opiniones, uno de los temas abordados estuvo relacionado con el nivel de ambici\u00f3n que deber\u00eda incluirse en los documentos de la CSI con relaci\u00f3n al aumento m\u00e1ximo de temperatura media. Se plante\u00f3 que existen documentos del Consejo General donde se adopta como meta los 2\u00baC que, hasta ahora, son los que la ciencia aconsejar\u00eda, pero que existen otras posturas donde se recomienda la necesidad de considerar una meta mas ambiciosa para impedir que la temperatura media se incremente m\u00e1s de 1,5\u00ba C.<\/span><\/span><\/p>\n<p>&nbsp;<\/p>\n<p>&nbsp;<\/p>\n<p lang=\"es-MX\" align=\"JUSTIFY\"><span style=\"font-family: arial,sans-serif;\"><span style=\"font-size: small;\">Las opiniones en la mesa estuvieron divididas. Algunos consideraron que disminuir la meta a 1,5\u00ba C era presionar en un punto que, en el escenario actual, no era posible lograr. Desde nuestra regi\u00f3n opinamos que, m\u00e1s all\u00e1 de la dificultad que existe actualmente con los niveles de ambici\u00f3n de reducciones y los escenarios probables, no debemos perder de vista que en la Asamblea de R\u00edo, este tema fue parte de una Resoluci\u00f3n acordada por m\u00e1s de 350 representantes de sindicatos todo el mundo. En este sentido, el p\u00e1rrafo de la resoluci\u00f3n reconoce los riesgos del cambio clim\u00e1tico y la necesidad de demandar acciones para que la temperatura (promedio) no se eleve en m\u00e1s de 1,5\u00ba C basados en las recomendaciones del pr\u00f3ximo informe del IPCC. Esto indica que existe un mandato concreto que indica el camino a seguir. <\/span><\/span><\/p>\n<p>&nbsp;<\/p>\n<p>&nbsp;<\/p>\n<p lang=\"es-MX\" align=\"JUSTIFY\"><span style=\"font-family: arial,sans-serif;\"><span style=\"font-size: small;\">Tambi\u00e9n se tocaron temas relacionados con la tecnolog\u00eda y algunas cuestiones ligadas a energ\u00edas extremas. Los compa\u00f1eros de T\u00fanez y Francia indicaron la necesidad de desalentar la explotaci\u00f3n de yacimientos de gas de esquisto (inclusive en T\u00fanez se lanz\u00f3 una campa\u00f1a contra este tipo de explotaciones) Esta visi\u00f3n fue apoyada por nuestra regi\u00f3n, justificando adem\u00e1s la necesidad de evaluar el ciclo de vida de los procesos para evitar que, una visi\u00f3n sesgada de las consecuencias al ambiente que determinadas tecnolog\u00edas y procesos, puedan inducir a una toma de decisi\u00f3n equivocada. En ese sentido tambi\u00e9n se puso tambi\u00e9n como ejemplo la Captura y Almacenamiento de Carbono como una tecnolog\u00eda que, adem\u00e1s de ser costosa, tiene asociada incertidumbre respecto a su eficacia y sin embargo fue incorporada al MDL. Todo esto nos lleva a que en realidad, todo parece indicar que se est\u00e1 haciendo todo lo posible para distraer a la sociedad y evitar comprometerse con el necesario cambio de los patrones de producci\u00f3n y consumo actuales.<\/span><\/span><\/p>\n<p>&nbsp;<\/p>\n<p>&nbsp;<\/p>\n<p lang=\"es-MX\" align=\"JUSTIFY\"><span style=\"font-family: arial,sans-serif;\"><span style=\"font-size: small;\">Desde nuestra regi\u00f3n se inst\u00f3 tambi\u00e9n a la necesidad de abordar los distintas problem\u00e1ticas medioambientales en forma conjunta, asegurar una capacitaci\u00f3n adecuada de los cuadros y que, de una vez por todas, se incorpore la problem\u00e1tica del Cambio Clim\u00e1tico a la \u201cagenda real\u201d de las organizaciones. <\/span><\/span><\/p>\n<p>&nbsp;<\/p>\n<p>&nbsp;<\/p>\n<p>&nbsp;<\/p>\n<p lang=\"es-MX\" align=\"JUSTIFY\"><span style=\"font-family: arial,sans-serif;\"><span style=\"font-size: small;\">La presentaci\u00f3n de Pierre Habbard vinculada al financiamiento del clima toc\u00f3 varios temas y se bas\u00f3 en que la actual agenda pol\u00edtica mundial se enfrenta a dos retos principales. Una de ellas es la ausencia de un marco multilateral s\u00f3lido para una acci\u00f3n eficaz para abordar los principales retos globales, incluida la adaptaci\u00f3n y mitigaci\u00f3n del cambio clim\u00e1tico, sino tambi\u00e9n la reducci\u00f3n de la pobreza y el acceso a la protecci\u00f3n social, etc. Esto tiene varias consecuencias, entre ellas la falta de una cumplimiento mecanismo para la realizaci\u00f3n de los compromisos financieros contra\u00eddos por los pa\u00edses desarrollados en una variedad de foros. El otro gran reto es el aumento de las restricciones presupuestarias post-crisis en muchos pa\u00edses desarrollados y su capacidad para cumplir con los compromisos antiguos y nuevos.<\/span><\/span><\/p>\n<p>&nbsp;<\/p>\n<p>&nbsp;<\/p>\n<p align=\"JUSTIFY\"><span style=\"font-family: arial,sans-serif;\"><span style=\"font-size: small;\">El financiamiento es un tema complejo que plantea muchas dudas que requiere de un an\u00e1lisis profundo porque impacta en todos los \u00e1mbitos y por otra parte, estamos en un momento donde l<span style=\"color: #333333;\">os recortes presupuestarios y las iniciativas de consolidaci\u00f3n fiscal est\u00e1n siendo utilizados como excusas para evitar el financiamiento para el clima o cualquier otro compromiso internacional.<\/span><\/span><\/span><\/p>\n<p>&nbsp;<\/p>\n<p>&nbsp;<\/p>\n<p lang=\"es-MX\" align=\"JUSTIFY\"><span style=\"font-family: arial,sans-serif;\"><span style=\"font-size: small;\">El trabajo realiz\u00f3 una presentaci\u00f3n de informaci\u00f3n estad\u00edstica que muestra que, por ejemplo para el caso del Fondo Verde del Clima, el objetivo de llegar a distribuir 100.000 millones de d\u00f3lares al 2020 no refleja las necesidades reales de los pa\u00edses, las cuales que se estiman, como m\u00ednimo, en el doble de lo comprometido y como m\u00e1ximo 150.000 millones por a\u00f1o a partir del 2013. Esto implica dificultades concretas para obtener fondos<\/span><\/span><\/p>\n<p>&nbsp;<\/p>\n<p>&nbsp;<\/p>\n<p lang=\"es-MX\" align=\"JUSTIFY\"><span style=\"font-family: arial,sans-serif;\"><span style=\"font-size: small;\">El trabajo explora alternativas concretas de financiamiento tanto tradicionales como innovadoras que incluye la Impuestos a transacciones Financieras, el papel que podr\u00edan jugar los fondos de pensi\u00f3n en la financiaci\u00f3n del clima, la introducci\u00f3n de impuestos al carbono y otras cuestiones. Qued\u00f3 claro que un documento que no est\u00e1 concluido que podr\u00e1 adecuarse seg\u00fan observaciones y aclaraciones que se realicen durante en el futuro.<\/span><\/span><\/p>\n<p><span style=\"font-family: Arial,sans-serif;\"><span style=\"font-size: x-small;\"><!--more--><\/span><\/span><\/p>\n<p>&nbsp;<\/p>\n<p lang=\"es-MX\" align=\"JUSTIFY\"><em>(Joaqu\u00edn Turco, 27.11.2012)<\/em><\/p>\n","protected":false},"excerpt":{"rendered":"Este fin de semana antes del comienzo oficial de la Conferencia de las Partes (COP), se han programado dos jornadas de trabajo en \n<a class=\"moretag\" href=\"https:\/\/ctainternacionales.org\/?p=1603\"> [...]<\/a>","protected":false},"author":1,"featured_media":0,"comment_status":"closed","ping_status":"closed","sticky":false,"template":"","format":"standard","meta":{"ngg_post_thumbnail":0,"footnotes":""},"categories":[],"tags":[],"class_list":["post-1603","post","type-post","status-publish","format-standard","hentry"],"_links":{"self":[{"href":"https:\/\/ctainternacionales.org\/index.php?rest_route=\/wp\/v2\/posts\/1603","targetHints":{"allow":["GET"]}}],"collection":[{"href":"https:\/\/ctainternacionales.org\/index.php?rest_route=\/wp\/v2\/posts"}],"about":[{"href":"https:\/\/ctainternacionales.org\/index.php?rest_route=\/wp\/v2\/types\/post"}],"author":[{"embeddable":true,"href":"https:\/\/ctainternacionales.org\/index.php?rest_route=\/wp\/v2\/users\/1"}],"replies":[{"embeddable":true,"href":"https:\/\/ctainternacionales.org\/index.php?rest_route=%2Fwp%2Fv2%2Fcomments&post=1603"}],"version-history":[{"count":10,"href":"https:\/\/ctainternacionales.org\/index.php?rest_route=\/wp\/v2\/posts\/1603\/revisions"}],"predecessor-version":[{"id":1658,"href":"https:\/\/ctainternacionales.org\/index.php?rest_route=\/wp\/v2\/posts\/1603\/revisions\/1658"}],"wp:attachment":[{"href":"https:\/\/ctainternacionales.org\/index.php?rest_route=%2Fwp%2Fv2%2Fmedia&parent=1603"}],"wp:term":[{"taxonomy":"category","embeddable":true,"href":"https:\/\/ctainternacionales.org\/index.php?rest_route=%2Fwp%2Fv2%2Fcategories&post=1603"},{"taxonomy":"post_tag","embeddable":true,"href":"https:\/\/ctainternacionales.org\/index.php?rest_route=%2Fwp%2Fv2%2Ftags&post=1603"}],"curies":[{"name":"wp","href":"https:\/\/api.w.org\/{rel}","templated":true}]}}