{"id":1594,"date":"2012-11-27T18:20:49","date_gmt":"2012-11-27T18:20:49","guid":{"rendered":"http:\/\/www.ctainternacionales.org\/?p=1594"},"modified":"2013-01-18T01:35:58","modified_gmt":"2013-01-18T01:35:58","slug":"amwu-australia-en-la-cta","status":"publish","type":"post","link":"https:\/\/ctainternacionales.org\/?p=1594","title":{"rendered":"AMWU Australia en la CTA"},"content":{"rendered":"<p>El jueves 22 de noviembre, Glenn Thompson, secretario general adjunto del Sindicato Australiano de Trabajadores Manufactureros (AMWU), visit\u00f3 la CTA donde se entrevist\u00f3 con el secretario de relaciones internacionales, Adolfo Fito Aguirre, y su equipo de trabajo.<!--more--><\/p>\n<p><em>\u00a0El jueves 22 de noviembre, Glenn Thompson, secretario general adjunto del Sindicato Australiano de Trabajadores Manufactureros (AMWU), visit\u00f3 la CTA donde se entrevist\u00f3 con el secretario de relaciones internacionales, Adolfo Fito Aguirre, y su equipo de trabajo.<\/em><\/p>\n<p><a href=\"http:\/\/www.ctainternacionales.org\/wp-content\/uploads\/2012\/11\/IMG_1210.jpg\"><img loading=\"lazy\" decoding=\"async\" class=\"alignnone size-medium wp-image-1596\" title=\"IMG_1210\" src=\"http:\/\/www.ctainternacionales.org\/wp-content\/uploads\/2012\/11\/IMG_1210-465x348.jpg\" alt=\"\" width=\"465\" height=\"348\" \/><\/a><\/p>\n<p>Durante la reuni\u00f3n se intercambiaron an\u00e1lisis de las situaciones laborales econ\u00f3micas en Australia y Argentina. Thompson se mostr\u00f3 interesado en la reciente huelga general que se realiz\u00f3 en el pa\u00eds, y expres\u00f3 su solidaridad con la misma. Por otra parte, relat\u00f3 los debates actuales en Australia, enfocados tambi\u00e9n estos en las discusiones acerca del impuesto a las ganancias.<\/p>\n<p>El principal eje de la reuni\u00f3n fue la planificaci\u00f3n de la pr\u00f3xima reuni\u00f3n en Buenos Aires, organizada por la CTA, de la Iniciativa del Sur sobre la Globalizaci\u00f3n y los Derechos Sindicales (SIGTUR por sus siglas en ingl\u00e9s), que agrupa a centrales sindicales del sur del mundo, incluyendo entre otras a COSATU de Sud\u00e1frica, KCTU de Corea del Sur, CITU de la India, ACTU de Australia y la CUT de Brasil, adem\u00e1s de la CTA. Esta iniciativa busca consolidar la relaci\u00f3n de centrales sindicales sur-sur, haciendo eje en diferentes campa\u00f1as conjuntas a nivel mundial.<\/p>\n<p>El pr\u00f3ximo marzo el SIGTUR de estar\u00e1 reuniendo en Buenos Aires, y se espera la presencia de todas estas centrales sindicales m\u00e1s otras invitadas.<\/p>\n<p>(27.11.2012)<\/p>\n","protected":false},"excerpt":{"rendered":"El jueves 22 de noviembre, Glenn Thompson, secretario general adjunto del Sindicato Australiano de Trabajadores Manufactureros (AMWU), visit\u00f3 la CTA donde se entrevist\u00f3 \n<a class=\"moretag\" href=\"https:\/\/ctainternacionales.org\/?p=1594\"> [...]<\/a>","protected":false},"author":1,"featured_media":0,"comment_status":"closed","ping_status":"closed","sticky":false,"template":"","format":"standard","meta":{"ngg_post_thumbnail":0,"footnotes":""},"categories":[],"tags":[],"class_list":["post-1594","post","type-post","status-publish","format-standard","hentry"],"_links":{"self":[{"href":"https:\/\/ctainternacionales.org\/index.php?rest_route=\/wp\/v2\/posts\/1594","targetHints":{"allow":["GET"]}}],"collection":[{"href":"https:\/\/ctainternacionales.org\/index.php?rest_route=\/wp\/v2\/posts"}],"about":[{"href":"https:\/\/ctainternacionales.org\/index.php?rest_route=\/wp\/v2\/types\/post"}],"author":[{"embeddable":true,"href":"https:\/\/ctainternacionales.org\/index.php?rest_route=\/wp\/v2\/users\/1"}],"replies":[{"embeddable":true,"href":"https:\/\/ctainternacionales.org\/index.php?rest_route=%2Fwp%2Fv2%2Fcomments&post=1594"}],"version-history":[{"count":6,"href":"https:\/\/ctainternacionales.org\/index.php?rest_route=\/wp\/v2\/posts\/1594\/revisions"}],"predecessor-version":[{"id":1599,"href":"https:\/\/ctainternacionales.org\/index.php?rest_route=\/wp\/v2\/posts\/1594\/revisions\/1599"}],"wp:attachment":[{"href":"https:\/\/ctainternacionales.org\/index.php?rest_route=%2Fwp%2Fv2%2Fmedia&parent=1594"}],"wp:term":[{"taxonomy":"category","embeddable":true,"href":"https:\/\/ctainternacionales.org\/index.php?rest_route=%2Fwp%2Fv2%2Fcategories&post=1594"},{"taxonomy":"post_tag","embeddable":true,"href":"https:\/\/ctainternacionales.org\/index.php?rest_route=%2Fwp%2Fv2%2Ftags&post=1594"}],"curies":[{"name":"wp","href":"https:\/\/api.w.org\/{rel}","templated":true}]}}