{"id":1587,"date":"2012-11-27T13:26:11","date_gmt":"2012-11-27T13:26:11","guid":{"rendered":"http:\/\/www.ctainternacionales.org\/?p=1587"},"modified":"2013-01-18T00:47:36","modified_gmt":"2013-01-18T00:47:36","slug":"el-paro-nacional-fue-un-exito","status":"publish","type":"post","link":"https:\/\/ctainternacionales.org\/?p=1587","title":{"rendered":"El Paro Nacional fue un \u00e9xito"},"content":{"rendered":"<p>&nbsp;<\/p>\n<p><strong><a href=\"http:\/\/www.ctainternacionales.org\/wp-content\/uploads\/2012\/11\/MicheliPuentePueyrredon.jpg\"><img loading=\"lazy\" decoding=\"async\" class=\"alignnone size-thumbnail wp-image-1588\" title=\"MicheliPuentePueyrredon\" src=\"http:\/\/www.ctainternacionales.org\/wp-content\/uploads\/2012\/11\/MicheliPuentePueyrredon-307x210.jpg\" alt=\"\" width=\"307\" height=\"210\" \/><\/a><\/strong><\/p>\n<p><strong>El 20 de noviembre se volvi\u00f3 a sentir, despu\u00e9s de muchos a\u00f1os, lo que significa un d\u00eda de Huelga General. Esos d\u00edas que o porque se para conscientemente o porque no se puede ir al laburo, casi nadie trabaja. Esos d\u00edas que no son domingos ni feriados, sino d\u00edas no laborables por decisi\u00f3n del movimiento obrero<!--more--><\/strong><\/p>\n<p><em><strong>En el 20N se volvi\u00f3 a sentir, despu\u00e9s de muchos a\u00f1os, lo que significa un d\u00eda de Huelga General. Esos d\u00edas que o porque se para conscientemente o porque no se puede ir al laburo, casi nadie trabaja. Esos d\u00edas que no son domingos ni feriados, sino d\u00edas no laborables por decisi\u00f3n del movimiento obrero.<\/strong><\/em><\/p>\n<p><a href=\"http:\/\/www.ctainternacionales.org\/wp-content\/uploads\/2012\/11\/estaciondetren.jpg\"><img loading=\"lazy\" decoding=\"async\" class=\"alignnone size-medium wp-image-1589\" title=\"estaciondetren\" src=\"http:\/\/www.ctainternacionales.org\/wp-content\/uploads\/2012\/11\/estaciondetren-465x319.jpg\" alt=\"\" width=\"465\" height=\"319\" \/><\/a>El paro nacional del 20 de noviembre convocado por la Central de Trabajadores de la Argentina (CTA) en conjunto con la Confederaci\u00f3n General del Trabajo (CGT) fue un rotundo \u00e9xito, logrando paralizar el transporte de todo el pa\u00eds y generando una paralizaci\u00f3n en la econom\u00eda nacional.<\/p>\n<p>De acuerdo al estudio del economista Orlando Ferreres, el paro gener\u00f3 p\u00e9rdidas por $2136 millones de pesos (casi 500 millones de d\u00f3lares), de los cu\u00e1les los sectores m\u00e1s afectados fueron la administraci\u00f3n p\u00fablica, el sistema bancario y el transporte.<\/p>\n<p>El paro se sinti\u00f3 a lo largo y ancho de todo el pa\u00eds, incluyendo manifestaciones masivas en Neuqu\u00e9n, Jujuy, Provincia de Buenos Aires, Misiones y Chaco. La contundencia del paro tambi\u00e9n se vio expresada en la adhesi\u00f3n a la medida de trabajadores de sectores cuyos l\u00edderes sindicales no apoyaron la medida. Este fue en especial el caso con el sector docente y de trabajadores del metro de Buenos Aires.<\/p>\n<p>&nbsp;<\/p>\n<p>&nbsp;<\/p>\n<p>&nbsp;<\/p>\n","protected":false},"excerpt":{"rendered":"&nbsp; El 20 de noviembre se volvi\u00f3 a sentir, despu\u00e9s de muchos a\u00f1os, lo que significa un d\u00eda de Huelga General. Esos d\u00edas \n<a class=\"moretag\" href=\"https:\/\/ctainternacionales.org\/?p=1587\"> [...]<\/a>","protected":false},"author":1,"featured_media":0,"comment_status":"closed","ping_status":"closed","sticky":false,"template":"","format":"standard","meta":{"ngg_post_thumbnail":0,"footnotes":""},"categories":[],"tags":[],"class_list":["post-1587","post","type-post","status-publish","format-standard","hentry"],"_links":{"self":[{"href":"https:\/\/ctainternacionales.org\/index.php?rest_route=\/wp\/v2\/posts\/1587","targetHints":{"allow":["GET"]}}],"collection":[{"href":"https:\/\/ctainternacionales.org\/index.php?rest_route=\/wp\/v2\/posts"}],"about":[{"href":"https:\/\/ctainternacionales.org\/index.php?rest_route=\/wp\/v2\/types\/post"}],"author":[{"embeddable":true,"href":"https:\/\/ctainternacionales.org\/index.php?rest_route=\/wp\/v2\/users\/1"}],"replies":[{"embeddable":true,"href":"https:\/\/ctainternacionales.org\/index.php?rest_route=%2Fwp%2Fv2%2Fcomments&post=1587"}],"version-history":[{"count":4,"href":"https:\/\/ctainternacionales.org\/index.php?rest_route=\/wp\/v2\/posts\/1587\/revisions"}],"predecessor-version":[{"id":1652,"href":"https:\/\/ctainternacionales.org\/index.php?rest_route=\/wp\/v2\/posts\/1587\/revisions\/1652"}],"wp:attachment":[{"href":"https:\/\/ctainternacionales.org\/index.php?rest_route=%2Fwp%2Fv2%2Fmedia&parent=1587"}],"wp:term":[{"taxonomy":"category","embeddable":true,"href":"https:\/\/ctainternacionales.org\/index.php?rest_route=%2Fwp%2Fv2%2Fcategories&post=1587"},{"taxonomy":"post_tag","embeddable":true,"href":"https:\/\/ctainternacionales.org\/index.php?rest_route=%2Fwp%2Fv2%2Ftags&post=1587"}],"curies":[{"name":"wp","href":"https:\/\/api.w.org\/{rel}","templated":true}]}}