{"id":1577,"date":"2012-11-20T16:35:46","date_gmt":"2012-11-20T16:35:46","guid":{"rendered":"http:\/\/www.ctainternacionales.org\/?p=1577"},"modified":"2013-01-18T00:39:32","modified_gmt":"2013-01-18T00:39:32","slug":"14-n-huelga-general-en-europa-la-cta-y-la-cgt-marcharon-a-la-sede-de-la-union-europea","status":"publish","type":"post","link":"https:\/\/ctainternacionales.org\/?p=1577","title":{"rendered":"14N, Huelga general en Europa: La CTA y la CGT marcharon a la sede de la Uni\u00f3n Europea"},"content":{"rendered":"<p>&nbsp;<\/p>\n<p><a href=\"http:\/\/www.ctainternacionales.org\/wp-content\/uploads\/2012\/11\/image1.jpeg\"><img loading=\"lazy\" decoding=\"async\" class=\"alignnone size-thumbnail wp-image-1579\" title=\"image\" src=\"http:\/\/www.ctainternacionales.org\/wp-content\/uploads\/2012\/11\/image1-307x204.jpg\" alt=\"\" width=\"307\" height=\"204\" \/><\/a><\/p>\n<p>La Central de Trabajadores de la Argentina (CTA) y la Confederaci\u00f3n General del Trabajo (CGT) se movilizaron este mi\u00e9rcoles 14 de noviembre a la sede de la Uni\u00f3n Europea en Buenos Aires para manifestar la solidaridad con la Huelga General de los trabajadores y trabajadoras europeos y contra el Ajuste Global que se aplica en diversos pa\u00edses ante la crisis econ\u00f3mica.<\/p>\n<p><strong><!--more--><\/strong><\/p>\n<p><em><strong>La Central de Trabajadores de la Argentina (CTA) y la Confederaci\u00f3n General del Trabajo (CGT) se movilizaron este mi\u00e9rcoles 14 de noviembre a la sede de la Uni\u00f3n Europea en Buenos Aires para manifestar la solidaridad con la Huelga General de los trabajadores y trabajadoras europeos y contra el Ajuste Global que se aplica en diversos pa\u00edses ante la crisis econ\u00f3mica. Entregaron un petitorio a las responsabilidades de la UE donde requieren \u201cun cambio de pol\u00edticas y un di\u00e1logo social capaz de encontrar alternativas a esta situaci\u00f3n que est\u00e1 perjudicando al mundo entero\u201d, entre otros conceptos.<\/strong><\/em><\/p>\n<p><a href=\"http:\/\/www.ctainternacionales.org\/wp-content\/uploads\/2012\/11\/image4.jpeg\"><img loading=\"lazy\" decoding=\"async\" class=\"alignnone size-medium wp-image-1582\" title=\"image\" src=\"http:\/\/www.ctainternacionales.org\/wp-content\/uploads\/2012\/11\/image4-465x309.jpg\" alt=\"\" width=\"465\" height=\"309\" \/><\/a><\/p>\n<p>&nbsp;<\/p>\n<p>&nbsp;<\/p>\n<p>El secretario de Relaciones Internacionales de la CTA, Adolfo \u201cFito\u201d Aguirre, expres\u00f3 :\u201cmarchamos para solidarizarnos con las huelgas que hay en Europa\u201d porque \u201ces un momento en el cual se est\u00e1n tomando decisiones anti obreras, anti trabajadores, en distintas regiones del mundo y Latinoam\u00e9rica no est\u00e1 ajena a eso\u201d.<\/p>\n<p>Seguidamente, Aguirre puntualiz\u00f3, \u201cen M\u00e9xico se pretende hacer una reforma laboral a la que se oponen todos los sindicatos, dos recientes golpes de Estado, las ART en Argentina, por eso es una pelea trasatl\u00e1ntica en la que nosotros estamos haciendo solidaridad activa porque fueron los trabajadores europeos los que tambi\u00e9n ayudaron mucho a la resistencia que tuvimos en la d\u00e9cada del \u201990 y corresponde que nosotros devolvamos de la misma manera\u201d.<\/p>\n<p>Respectivamente, Juan Carlos Smith, responsable de los asuntos internacionales de la CGT, indic\u00f3: \u201cHemos entregado un petitorio ante la representaci\u00f3n de la Uni\u00f3n Europea en solidaridad con los trabajadores que est\u00e1n llevando adelante un paro general. Los trabajadores argentinos sabemos perfectamente a donde conducen estas pol\u00edticas de ajuste que est\u00e1n llevando a cabo en Europa\u201d.<\/p>\n<p>Finaliz\u00f3 el cegetista diciendo, \u201ctodo lo que el mundo est\u00e1 reclamando es volver al di\u00e1logo social, todo el escenario internacional est\u00e1 reclamando esto y es justamente lo que no ocurre en la Argentina, es una hipocres\u00eda que reclamen di\u00e1logo internacional hacia afuera y hacia adentro se le d\u00e9 la espalda a los que no pensamos igual que el Gobierno Nacional\u201d.<\/p>\n<p>Julio Fuentes, presidente de la CLATE, explic\u00f3 \u201cvenimos a mostrar la solidaridad con la huelga que se esta llevando a cabo en Europa, en varios pa\u00edses, pero tambi\u00e9n en defensa propia porque somos conscientes de que lo que ocurre all\u00e1, nos va a repercutir\u201d.<\/p>\n<p>El secretario general de ATE Nacional agreg\u00f3 que \u201cen los momentos dif\u00edciles para los militantes del sindicato en Argentina, el sindicalismo europeo nos respald\u00f3, nos protegi\u00f3; as\u00ed que es nuestra obligaci\u00f3n estar en la calle, no alcazaba mandar una nota, hab\u00eda que estar en la calle en solidaridad\u201d, concluy\u00f3.<!--more--><\/p>\n","protected":false},"excerpt":{"rendered":"&nbsp; La Central de Trabajadores de la Argentina (CTA) y la Confederaci\u00f3n General del Trabajo (CGT) se movilizaron este mi\u00e9rcoles 14 de noviembre \n<a class=\"moretag\" href=\"https:\/\/ctainternacionales.org\/?p=1577\"> [...]<\/a>","protected":false},"author":1,"featured_media":0,"comment_status":"closed","ping_status":"closed","sticky":false,"template":"","format":"standard","meta":{"ngg_post_thumbnail":0,"footnotes":""},"categories":[],"tags":[],"class_list":["post-1577","post","type-post","status-publish","format-standard","hentry"],"_links":{"self":[{"href":"https:\/\/ctainternacionales.org\/index.php?rest_route=\/wp\/v2\/posts\/1577","targetHints":{"allow":["GET"]}}],"collection":[{"href":"https:\/\/ctainternacionales.org\/index.php?rest_route=\/wp\/v2\/posts"}],"about":[{"href":"https:\/\/ctainternacionales.org\/index.php?rest_route=\/wp\/v2\/types\/post"}],"author":[{"embeddable":true,"href":"https:\/\/ctainternacionales.org\/index.php?rest_route=\/wp\/v2\/users\/1"}],"replies":[{"embeddable":true,"href":"https:\/\/ctainternacionales.org\/index.php?rest_route=%2Fwp%2Fv2%2Fcomments&post=1577"}],"version-history":[{"count":5,"href":"https:\/\/ctainternacionales.org\/index.php?rest_route=\/wp\/v2\/posts\/1577\/revisions"}],"predecessor-version":[{"id":1646,"href":"https:\/\/ctainternacionales.org\/index.php?rest_route=\/wp\/v2\/posts\/1577\/revisions\/1646"}],"wp:attachment":[{"href":"https:\/\/ctainternacionales.org\/index.php?rest_route=%2Fwp%2Fv2%2Fmedia&parent=1577"}],"wp:term":[{"taxonomy":"category","embeddable":true,"href":"https:\/\/ctainternacionales.org\/index.php?rest_route=%2Fwp%2Fv2%2Fcategories&post=1577"},{"taxonomy":"post_tag","embeddable":true,"href":"https:\/\/ctainternacionales.org\/index.php?rest_route=%2Fwp%2Fv2%2Ftags&post=1577"}],"curies":[{"name":"wp","href":"https:\/\/api.w.org\/{rel}","templated":true}]}}