{"id":1566,"date":"2012-11-15T15:02:51","date_gmt":"2012-11-15T15:02:51","guid":{"rendered":"http:\/\/www.ctainternacionales.org\/?p=1566"},"modified":"2013-01-18T01:32:54","modified_gmt":"2013-01-18T01:32:54","slug":"doha-lo-que-no-se-va-a-decidir-sobre-cambio-climatico","status":"publish","type":"post","link":"https:\/\/ctainternacionales.org\/?p=1566","title":{"rendered":"Doha, lo que no se va a decidir"},"content":{"rendered":"<p style=\"text-align: left;\" align=\"JUSTIFY\"><em><em><img decoding=\"async\" title=\"More...\" src=\"http:\/\/www.ctainternacionales.org\/wp-includes\/js\/tinymce\/plugins\/wordpress\/img\/trans.gif\" alt=\"\" \/><\/em><\/em>Entre los d\u00edas 26 de noviembre y el 7 de diciembre de este a\u00f1o se va a realizar en Doha Qatar la COP18 \u2013 18va Conferencia de las Partes de la Convenci\u00f3n Marco de Naciones Unidas sobre Cambio Clim\u00e1tico<em>.<\/em><\/p>\n<p align=\"JUSTIFY\"><em><span style=\"color: #000000;\"><em><!--more--><\/em><\/span><\/em><\/p>\n<p align=\"JUSTIFY\"><em><strong><span style=\"color: #000000;\"><em>Entre los d\u00edas 26 de noviembre y el 7 de diciembre de este a\u00f1o se va a realizar en Doha Qatar la COP18 \u2013 18va Conferencia de las Partes de la Convenci\u00f3n Marco de Naciones Unidas sobre Cambio Clim\u00e1tico.<\/em><\/span><\/strong><br \/>\n<\/em><\/p>\n<p align=\"JUSTIFY\"><span style=\"color: #000000;\">En 1979 se realiz\u00f3 la primera Conferencia Mundial del Clima, donde se reconoc\u00eda el problema del cambio clim\u00e1tico y la necesidad de tratarlo globalmente. Aproximadamente 10 a\u00f1os despu\u00e9s comienza a funcionar el Panel Intergubernamental de Cambio Clim\u00e1tico (IPCC), compuesto por expertos de todo el mundo para evaluar la situaci\u00f3n clim\u00e1tica del planeta, lo que visibiliz\u00f3 la necesidad de aunar esfuerzos para asumir responsabilidades sobre las emisiones de gases de efecto invernadero a la atm\u00f3sfera. En R\u00edo en 1992 se lanz\u00f3 la Convenci\u00f3n Marco de Naciones Unidas sobre Cambio Clim\u00e1tico que reci\u00e9n en 1994 entr\u00f3 en vigor. All\u00ed que establec\u00eda el marco para reducir emisiones y promover medidas de adaptaci\u00f3n, en base algunos principios fundamentales como el de las responsabilidades comunes, pero diferenciadas; principio de precauci\u00f3n.<\/span><\/p>\n<p align=\"JUSTIFY\"><span style=\"color: #000000;\">Los acuerdos de reducci\u00f3n de emisiones por parte de aquellos que m\u00e1s emitieron, es decir los pa\u00edses desarrollados nunca se hicieron operativos, por lo que se firm\u00f3 en 1997 el Protocolo de Kyoto como forma de relanzar la CMNUCC. All\u00ed los pa\u00edses se dividieron en dos grupos. Por un lado los pa\u00edses desarrollados quienes se comprometieron a reducir sus emisiones. Por el otro, el resto de los pa\u00edses -en v\u00edas de desarrollo- que no tienen obligaciones de reducci\u00f3n. Con esto se buscaba implementar un sistema de reducciones de gases de efecto invernadero (GEI), basado en los principios de la convenci\u00f3n. Los que hist\u00f3ricamente m\u00e1s emitieron deb\u00edan reducir sus emisiones para que la temperatura de la tierra no aumentara a m\u00e1s de 2\u00b0C, que era el l\u00edmite indicado por el IPCC, en ese momento, para evitar interferencias peligrosas con la vida en la tierra tal como la conocemos hoy. Este protocolo entr\u00f3 en vigor reci\u00e9n en 2005 y nunca fue ratificado por los Estados Unidos (el mayor emisor hasta hace unos a\u00f1os).<\/span><\/p>\n<p align=\"JUSTIFY\"><span style=\"color: #000000;\">Para cumplir las metas de reducci\u00f3n de emisiones establecidas en este protocolo, se establecieron mecanismos de flexibilidad basados en el mercado como el Comercio de Emisiones (bonos de carbono) y los denominados Mecanismos para un D<em><img decoding=\"async\" title=\"More...\" src=\"http:\/\/www.ctainternacionales.org\/wp-includes\/js\/tinymce\/plugins\/wordpress\/img\/trans.gif\" alt=\"\" \/><\/em>esarrollo Limpio (MDL) e Implementaci\u00f3n Conjunta (IC). Esto llev\u00f3 a la creaci\u00f3n de mercados financieros (en Europa y Australia por ejemplo para comercializar esos bonos). Sin embargo, las metas de reducci\u00f3n de emisiones no fueron cumplidas y mucho menos facilit\u00f3 el camino hacia una reducci\u00f3n real de GEI y la limitaci\u00f3n del consumo de quienes m\u00e1s contribuyeron a la situaci\u00f3n actual.<\/span><\/p>\n<p align=\"JUSTIFY\"><span style=\"color: #000000;\">A esto se sum\u00f3, el crecimiento de los pa\u00edses llamados emergentes como China, Sud\u00e1frica, India y Brasil. China es hoy el principal emisor junto con Estados Unidos, y a su vez son los dos principales pa\u00edses que bloquean un acuerdo ambicioso y vinculante, incluso teniendo a su favor todos los mecanismos de mercado que permiten \u201ctercearizar\u201d el problema de la reducci\u00f3n (con todas las cr\u00edticas que esto merece).<\/span><\/p>\n<p align=\"JUSTIFY\"><span style=\"color: #000000;\">Tal como est\u00e1 hoy la negociaci\u00f3n, no se trata en el eje central de la cuesti\u00f3n que es el cambio en los modelos de producci\u00f3n y consumo y su transici\u00f3n hacia un modelo m\u00e1s eficiente en t\u00e9rminos energ\u00e9ticos y con justicia social y ambiental, con una divisi\u00f3n equitativa del espacio atmosf\u00e9rico (o sea, que los que m\u00e1s emitieron reduzcan efectivamente las emisiones, para que los que necesitan emitir para saldar deudas socio-ambientales puedan hacerlo, en el marco de un aumento de 1.5\u00b0 C).<\/span><\/p>\n<p align=\"JUSTIFY\"><span style=\"color: #000000;\">Por el contrario, actualmente las negociaciones s\u00f3lo buscan distribuir la carga a trav\u00e9s de m\u00e1s mecanismos de mercado (con el riesgo de generar incluso otra burbuja financiera) y mercantilizando los bienes comunes, sin buscar herramientas y formas de aplicaci\u00f3n real de un proceso de transici\u00f3n justa.<\/span><\/p>\n<p align=\"JUSTIFY\"><span style=\"color: #000000;\">Incluso as\u00ed, con todas estas limitaciones, hoy por hoy, la Convenci\u00f3n Marco, contin\u00faa siendo el \u00fanico espacio de negociaci\u00f3n, por lo tanto, seguimos esperando resultados positivos. Uno de ellos ser\u00eda la firma de un segundo per\u00edodo para el protocolo de Kyoto, PK2 ambicioso y vinculante por parte de todos los pa\u00edses que hoy lo firman con la inclusi\u00f3n de EEUU. <\/span><\/p>\n<p align=\"JUSTIFY\"><span style=\"color: #000000;\">El escenario es otro y parece que menos pa\u00edses firmar\u00e1n. Probablemente, por parte de los pa\u00edses desarrollados, s\u00f3lo la Uni\u00f3n Europea y Suiza. Lo que hay en la mesa de negociaci\u00f3n no son obligaciones de reducci\u00f3n de emisiones, solo \u201cpledges\u201d, es decir promesas voluntarias de reducci\u00f3n por pa\u00eds, en base a lo que cada uno eval\u00faa que puede reducir. Este sistema, tal y como est\u00e1 hoy, podr\u00eda llevar a un aumento de la temperatura media de la Tierra en 4 a 5 grados en este siglo cuyas consecuencias ser\u00e1n desvastadoras.<\/span><\/p>\n<p align=\"JUSTIFY\"><span style=\"color: #000000;\">Si no se firma un PK2 Ambicioso que busque el cumplimiento de los principios de la Convenci\u00f3n estaremos perdiendo, tal vez, la \u00faltima oportunidad de asumir el problema del cambio clim\u00e1tico de forma multilateral. Las soluciones fuera del sistema multilateral -ya que el problema es global- ser\u00e1n mucho menos efectivas y en consecuencia con efectos negativos para los m\u00e1s vulnerables.<\/span><\/p>\n<p align=\"JUSTIFY\"><span style=\"color: #000000;\">Los acuerdos logrados en Copenhague en 2009, en Canc\u00fan en 2010 y en Durban 2011 son deficientes, sin embargo son hoy, la base de las negociaciones.<\/span><\/p>\n<p align=\"JUSTIFY\"><span style=\"color: #000000;\">No debemos omitir que los acuerdos tibios y que muestran falsos compromisos esconden, en realidad, la presi\u00f3n por hacer avanzar la agenda extrema energ\u00e9tica, para explotar el petr\u00f3leo y gas no convencional. En este sentido, ya no se habla del l\u00edmite de los hidrocarburos, sino que con el descubrimiento de nuevas reservas no convencionales, se profundiza el secuestro corporativo de las negociaciones y el poder de aquellos que tienen las tecnolog\u00edas para explotarlas.<\/span><\/p>\n<p><span style=\"color: #000000;\">En Qatar deber\u00edan tomarse medidas que no permitan un aumento de la temperatura de m\u00e1s de 1,5\u00b0 C y debe hacerse de forma que se de un uso equitativo del espacio atmosf\u00e9rico, en base a las necesidades de desarrollo, comprometi\u00e9ndonos en nuestros pa\u00edses para trabajar para que ese desarrollo sea sustentable, eficiente en t\u00e9rminos energ\u00e9ticos, con justicia social y ambiental, comprendiendo que seguir los mismos caminos de desarrollo que siguieron los pa\u00edses del norte, es inviable en t\u00e9rminos ambientales.<\/span><\/p>\n<p align=\"JUSTIFY\"><span style=\"color: #000000;\">El cambio clim\u00e1tico, no se define s\u00f3lo una vez al a\u00f1o en cumbres, sino que se define d\u00eda a d\u00eda con pol\u00edticas p\u00fablicas, estrategias industriales, consumo, en municipios, provincias, estados. Las luchas por la defensa de los bienes comunes, la soberan\u00eda alimentaria, la econom\u00eda de los cuidados existen todos los d\u00edas en Am\u00e9rica Latina y en el mundo. Conectar luchas, debatir y proponer alternativas, mirar a los acuerdos de integraci\u00f3n regional para pensar en medidas de adaptaci\u00f3n y c\u00f3mo esa integraci\u00f3n regional toma en cuenta la dimensi\u00f3n clim\u00e1tica, es fundamental para pensar soluciones que no van a venir de un acuerdo global capturado por las corporaciones.<\/span><\/p>\n<p align=\"JUSTIFY\"><span style=\"color: #000000;\">La inacci\u00f3n de los gobiernos no puede significar s\u00f3lo frustraci\u00f3n.<\/span><\/p>\n<p align=\"JUSTIFY\"><span style=\"color: #000000;\">Es necesario que sigamos radicalizando la lucha por la defensa de los bienes comunes y consolidando alianzas, como hicimos en Rio+20, en junio de este a\u00f1o, donde movimientos y organizaciones sociales de todo el mundo nos comprometimos a asumir este desaf\u00edo para la humanidad y el planeta tierra que es pensar y crear paradigmas de sustentabilidad, de felicidad humana, de igualdad que superen los modelos de desarrollo que hoy conocemos.<\/span><\/p>\n<p align=\"JUSTIFY\"><span style=\"color: #000000;\">(<em>Mait\u00e9 Llanos: 15.11.2012<\/em>)<\/span><\/p>\n","protected":false},"excerpt":{"rendered":"Entre los d\u00edas 26 de noviembre y el 7 de diciembre de este a\u00f1o se va a realizar en Doha Qatar la COP18 \n<a class=\"moretag\" href=\"https:\/\/ctainternacionales.org\/?p=1566\"> [...]<\/a>","protected":false},"author":1,"featured_media":0,"comment_status":"closed","ping_status":"closed","sticky":false,"template":"","format":"standard","meta":{"ngg_post_thumbnail":0,"footnotes":""},"categories":[],"tags":[],"class_list":["post-1566","post","type-post","status-publish","format-standard","hentry"],"_links":{"self":[{"href":"https:\/\/ctainternacionales.org\/index.php?rest_route=\/wp\/v2\/posts\/1566","targetHints":{"allow":["GET"]}}],"collection":[{"href":"https:\/\/ctainternacionales.org\/index.php?rest_route=\/wp\/v2\/posts"}],"about":[{"href":"https:\/\/ctainternacionales.org\/index.php?rest_route=\/wp\/v2\/types\/post"}],"author":[{"embeddable":true,"href":"https:\/\/ctainternacionales.org\/index.php?rest_route=\/wp\/v2\/users\/1"}],"replies":[{"embeddable":true,"href":"https:\/\/ctainternacionales.org\/index.php?rest_route=%2Fwp%2Fv2%2Fcomments&post=1566"}],"version-history":[{"count":10,"href":"https:\/\/ctainternacionales.org\/index.php?rest_route=\/wp\/v2\/posts\/1566\/revisions"}],"predecessor-version":[{"id":1574,"href":"https:\/\/ctainternacionales.org\/index.php?rest_route=\/wp\/v2\/posts\/1566\/revisions\/1574"}],"wp:attachment":[{"href":"https:\/\/ctainternacionales.org\/index.php?rest_route=%2Fwp%2Fv2%2Fmedia&parent=1566"}],"wp:term":[{"taxonomy":"category","embeddable":true,"href":"https:\/\/ctainternacionales.org\/index.php?rest_route=%2Fwp%2Fv2%2Fcategories&post=1566"},{"taxonomy":"post_tag","embeddable":true,"href":"https:\/\/ctainternacionales.org\/index.php?rest_route=%2Fwp%2Fv2%2Ftags&post=1566"}],"curies":[{"name":"wp","href":"https:\/\/api.w.org\/{rel}","templated":true}]}}