{"id":1561,"date":"2012-11-13T01:39:11","date_gmt":"2012-11-13T01:39:11","guid":{"rendered":"http:\/\/www.ctainternacionales.org\/?p=1561"},"modified":"2012-11-27T13:26:49","modified_gmt":"2012-11-27T13:26:49","slug":"somos-nosotros-los-trabajadores-los-que-podemos-ponerle-un-freno-al-ajuste-global","status":"publish","type":"post","link":"https:\/\/ctainternacionales.org\/?p=1561","title":{"rendered":"\u00abSomos nosotros los trabajadores los que podemos ponerle un freno al ajuste global\u00bb"},"content":{"rendered":"<p><a href=\"http:\/\/www.ctainternacionales.org\/wp-content\/uploads\/2012\/11\/Fito1-465x308-2.jpg\"><img loading=\"lazy\" decoding=\"async\" class=\"alignnone size-thumbnail wp-image-1562\" title=\"Fito1-465x308-2\" src=\"http:\/\/www.ctainternacionales.org\/wp-content\/uploads\/2012\/11\/Fito1-465x308-2-307x203.jpg\" alt=\"\" width=\"307\" height=\"203\" \/><\/a>En di\u00e1logo con ACTA, Adolfo \u00abFito\u00bb Aguirre, secretario de Relaciones Internacionales de la CTA detall\u00f3 las razones por las que la Central se movilizar\u00e1 el 14 de noviembre a la sede de la Uni\u00f3n Europea para manifestar su repudio a las pol\u00edticas de ajuste que se dan en gran parte del mundo y su solidaridad con los trabajadores europeos.<!--more--><\/p>\n<p><em><strong><a href=\"http:\/\/www.ctainternacionales.org\/wp-content\/uploads\/2012\/11\/Fito1-465x308-2.jpg\"><img loading=\"lazy\" decoding=\"async\" class=\"alignnone size-full wp-image-1562\" title=\"Fito1-465x308-2\" src=\"http:\/\/www.ctainternacionales.org\/wp-content\/uploads\/2012\/11\/Fito1-465x308-2.jpg\" alt=\"\" width=\"400\" height=\"265\" \/><\/a>En di\u00e1logo con ACTA, Adolfo \u00abFito\u00bb Aguirre, secretario de Relaciones Internacionales de la CTA detall\u00f3 las razones por las que la Central se movilizar\u00e1 el 14 de noviembre a la sede de la Uni\u00f3n Europea para manifestar su repudio a las pol\u00edticas de ajuste que se dan en gran parte del mundo y su solidaridad con los trabajadores europeos.\u00a0<\/strong><\/em><\/p>\n<p><em><strong>&#8211; \u00bfLa CTA decidi\u00f3 marchar el 14 de noviembre contra el Ajuste Global?<\/strong><\/em><\/p>\n<p>As\u00ed es. Hoy tuvimos una reuni\u00f3n con Pablo Micheli y dirigentes de las CTA de Capital y provincia de Buenos Aires, ATE y el MST Teresa Vive para definir las caracter\u00edsticas de la movilizaci\u00f3n a la sede de la Uni\u00f3n Europea en Buenos Aires el mi\u00e9rcoles a la ma\u00f1ana.<\/p>\n<p><em><strong>&#8211; \u00bfY que suceder\u00e1 ese d\u00eda en varios pa\u00edses de Europa?<\/strong><\/em><\/p>\n<p>Habr\u00e1 huelgas generales en Espa\u00f1a, Portugal, Chipre, Malta y va a haber movilizaciones en otros pa\u00edses de la Uni\u00f3n Europea y la pol\u00edtica nuestra es acompa\u00f1ar con solidaridad activa a los trabajadores europeos y luchar contra el ajuste global planificado que se desarrolla con distintas consignas en todas las regiones del mundo.<\/p>\n<p><em><strong>&#8211; Un ajuste que apunta fundamentalmente a reducir costos laborales en la b\u00fasqueda de relocalizar inversiones y, desde ese punto de vista, mejorar las ganancias del capital.<\/strong><\/em><\/p>\n<p>El capital metab\u00f3licamente se transforma con el objetivo de no perder y mejorar la capacidad de ganancias ajustando pol\u00edticas p\u00fablicas y abaratando costos laborales y de ah\u00ed la precarizaci\u00f3n que llega hasta el trabajo esclavo en muchos lugares. En este sentido nosotros como Central clasista no podemos hacer otra cosa que solidarizarnos y por eso el 14 vamos a hacer una movilizaci\u00f3n con el objetivo de expresarles a los trabajadores eudropeos que ac\u00e1 en Argentina, los trabajadores argentinos nos manifestamos en esa solidaridad activa.<\/p>\n<p><em><strong>&#8211; \u00bfDesde la CTA tienen relaci\u00f3n con las principales organizaciones obreras de Europa?<\/strong><\/em><\/p>\n<p>Nosotros tenemos una muy buena relaci\u00f3n de a\u00f1os, desde la fundaci\u00f3n de la Central que est\u00e1 por cumplir 20 a\u00f1os y ya le hemos expresado nuestro apoyo a la CGTP de Portugal, a Comisiones Obreras, a UGT de Espa\u00f1a y a los sindicatos de Grecia que la CTA.<\/p>\n<p>Tambi\u00e9n la Confederaci\u00f3n Sindical de Trabajadores de las Am\u00e9ricas (CSA) ha invitado a todos sus afiliados a que hagan actividades el 14 y el Encuentro Sindical Nuestra Am\u00e9rica ha tomado la misma posici\u00f3n. Con este razonamiento estar\u00edamos construyendo una posici\u00f3n transatl\u00e1ntica ya que en M\u00e9xico tambi\u00e9n se va a ir a la huelga por los proyectos de reforma laboral regresivos y en Latinoam\u00e9rica no todo es color de rosa porque ac\u00e1 hubo dos golpes de Estado en asociativismo con las transnacioanles y tambi\u00e9n en la Argentina se ha aplicado una ley patronal de Aseguradoras del Riesgo de Trabajo para garantizar el m\u00e1ximo de ganancia a esas inversiones.<\/p>\n<p><em><strong>&#8211; \u00bfQue se tome en el resto de los pa\u00edses tiene que ver con la iniciativa de la Central?<\/strong><\/em><\/p>\n<p>Hace tiempo que venimos hablando, yo integro el consejo ejecutivo de la CSA y lo plante\u00e9 varias veces y esta vez con V\u00edctor B\u00e1ez, el secretario general,hemos coincidido de que es el momento de que todas estas herramientas las pongamos en funcionamiento con una solidaridad activa. Tambi\u00e9n estamos conversando con la CGT la posibilidad de que ellos tambi\u00e9n se sumen.<\/p>\n<p><em><strong>&#8211; \u00bfVos cre\u00e9s que las medidas de austeridad europeas pueden ser aplicadas por los gobiernos considerados progresistas de Am\u00e9rica Latina?, porque los de M\u00e9xico, Chile, Paraguay y Honduras ya lo est\u00e1n haciendo.<\/strong><\/em><\/p>\n<p>La receta es una sola, las modalidades pueden ser en distintos tiempos pero la tecnolog\u00eda de gobernabilidad que se permite hoy la mayor\u00eda de los pa\u00edses est\u00e1 basada en garantizar c\u00f3mo se reproduce este modelo de producci\u00f3n y consumo. Al no encontrarse una alternativa a eso, es casi de caj\u00f3n que los gobiernos apuntan a achicar el Estado y sus pol\u00edticas p\u00fablicas, a mercantilizar los recursos. Este es el choque con el que nos encontramos en Europa pero no hay que descartar que, como est\u00e1 pasando en M\u00e9xico, algunos gobiernos como el argentino, el brasile\u00f1o y otros tengan que meter mano, por un lado, a los recursos del Estado para garantizar no caer en d\u00e9ficit y, por otro lado, que necesiten poner en marcha una bater\u00eda de reformas legislativas que den beneficio a estos capitales a\u00fan en contra de los derechos de los trabajadores.<\/p>\n<p><strong>&#8211; Bueno, lo de la Ley de ART puede ser una muestra<\/strong><\/p>\n<p>S\u00ed, es la primer se\u00f1al y la que viene es la reforma del C\u00f3digo Civil donde se pretende ceder soberan\u00eda con mecanismos de derecho privado donde un grupo de inversores puede arrendar 10 millones de hect\u00e1reas por 50 a\u00f1os. Son bater\u00edas de esta nueva fase en la que entra el capitalismo a trav\u00e9s de las inversiones de las trasnacionales que no tienen un Estado pero los usan a todos, avanzan por donde tengan que avanzar. Entonces somos nosotros los trabajadores desde nuestra concepci\u00f3n pol\u00edtica de clase, los que podemos poner el freno y seguir hurgando en construir otro modelo de producci\u00f3n y consumo.<\/p>\n<p>&nbsp;<\/p>\n<p>(<em>In\u00e9s Hayes, ACTA: 12.11.2012<\/em>)<\/p>\n","protected":false},"excerpt":{"rendered":"En di\u00e1logo con ACTA, Adolfo \u00abFito\u00bb Aguirre, secretario de Relaciones Internacionales de la CTA detall\u00f3 las razones por las que la Central se \n<a class=\"moretag\" href=\"https:\/\/ctainternacionales.org\/?p=1561\"> [...]<\/a>","protected":false},"author":1,"featured_media":0,"comment_status":"closed","ping_status":"closed","sticky":false,"template":"","format":"standard","meta":{"ngg_post_thumbnail":0,"footnotes":""},"categories":[],"tags":[],"class_list":["post-1561","post","type-post","status-publish","format-standard","hentry"],"_links":{"self":[{"href":"https:\/\/ctainternacionales.org\/index.php?rest_route=\/wp\/v2\/posts\/1561","targetHints":{"allow":["GET"]}}],"collection":[{"href":"https:\/\/ctainternacionales.org\/index.php?rest_route=\/wp\/v2\/posts"}],"about":[{"href":"https:\/\/ctainternacionales.org\/index.php?rest_route=\/wp\/v2\/types\/post"}],"author":[{"embeddable":true,"href":"https:\/\/ctainternacionales.org\/index.php?rest_route=\/wp\/v2\/users\/1"}],"replies":[{"embeddable":true,"href":"https:\/\/ctainternacionales.org\/index.php?rest_route=%2Fwp%2Fv2%2Fcomments&post=1561"}],"version-history":[{"count":2,"href":"https:\/\/ctainternacionales.org\/index.php?rest_route=\/wp\/v2\/posts\/1561\/revisions"}],"predecessor-version":[{"id":1592,"href":"https:\/\/ctainternacionales.org\/index.php?rest_route=\/wp\/v2\/posts\/1561\/revisions\/1592"}],"wp:attachment":[{"href":"https:\/\/ctainternacionales.org\/index.php?rest_route=%2Fwp%2Fv2%2Fmedia&parent=1561"}],"wp:term":[{"taxonomy":"category","embeddable":true,"href":"https:\/\/ctainternacionales.org\/index.php?rest_route=%2Fwp%2Fv2%2Fcategories&post=1561"},{"taxonomy":"post_tag","embeddable":true,"href":"https:\/\/ctainternacionales.org\/index.php?rest_route=%2Fwp%2Fv2%2Ftags&post=1561"}],"curies":[{"name":"wp","href":"https:\/\/api.w.org\/{rel}","templated":true}]}}