{"id":1554,"date":"2012-11-05T17:39:30","date_gmt":"2012-11-05T17:39:30","guid":{"rendered":"http:\/\/www.ctainternacionales.org\/?p=1554"},"modified":"2012-11-29T18:42:03","modified_gmt":"2012-11-29T18:42:03","slug":"la-cta-en-canada","status":"publish","type":"post","link":"https:\/\/ctainternacionales.org\/?p=1554","title":{"rendered":"La CTA en Canad\u00e1"},"content":{"rendered":"<p>La CTA particip\u00f3 en Canad\u00e1 de la Cumbre de Juventud y Cambio Social Powershift 2012, que se llev\u00f3 a cabo en Ottawa con la presencia de m\u00e1s de 2000 j\u00f3venes de todo Canad\u00e1.<!--more--><\/p>\n<p><em><strong>La CTA particip\u00f3 en Canad\u00e1 de la Cumbre de Juventud y Cambio Social Powershift 2012, que se llev\u00f3 a cabo en Ottawa con la presencia de m\u00e1s de 2000 j\u00f3venes de todo Canad\u00e1.<\/strong><\/em><\/p>\n<p>Por la central particip\u00f3 Bruno Dobrusin, asesor de la Secretar\u00eda de Relaciones Internacionales. Durante la conferencia se debatieron estrategias de coordinaci\u00f3n entre los movimientos ambientales, estudiantiles y sindicales, en un contexto donde la industria extractiva se expande por todo el pa\u00eds del norte.<\/p>\n<p>La CTA contribuy\u00f3 con un relato de las diferentes luchas que se dieron en Argentina en los \u00faltimos a\u00f1os, haciendo \u00e9nfasis en el rol positivo que pueden jugar los movimientos sindicales en la lucha por el desarrollo sustentable. Se trat\u00f3 de la \u00fanica organizaci\u00f3n social no-canadiense presente en este evento.<\/p>\n<p>La agenda se complement\u00f3 con reuniones con las centrales sindicales canadienses, donde se intercambiaron ideas, experiencias y estrategias a futuro para coordinar acciones a nivel continental.<\/p>\n<p>En Ottawa se llev\u00f3 a cabo una reuni\u00f3n con el Congreso Canadiense del Trabajo (CLC por sus siglas en ingl\u00e9s), que en la actualidad tiene la presidencia de la Confederaci\u00f3n Sindical de las Am\u00e9ricas.<\/p>\n<p>En Montreal tuvieron lugar reuniones con la Confederaci\u00f3n Sindical Nacional (CSN) que organiza a los trabajadores de la provincia de Quebec, y con la Red Quebequense para la Integraci\u00f3n Continental, la cual tuvo una participaci\u00f3n importante durante la campa\u00f1a continental contra el ALCA en el 2005. La expectativa es poder afianzar los v\u00ednculos con estas organizaciones y volver a generar las acciones continentales que se lograron en los \u00faltimos a\u00f1os.<\/p>\n<p>Las actividades de la central se completar\u00e1n con una charla organizada en la Universidad de Trent, donde se expondr\u00e1n los cambios en Am\u00e9rica Latina, con eje en la tem\u00e1tica del desarrollo sustentable y los posicionamientos de nuestra central al respecto.<\/p>\n<p>&nbsp;<\/p>\n<p>(<em>02.11.2012<\/em>)<\/p>\n","protected":false},"excerpt":{"rendered":"La CTA particip\u00f3 en Canad\u00e1 de la Cumbre de Juventud y Cambio Social Powershift 2012, que se llev\u00f3 a cabo en Ottawa con \n<a class=\"moretag\" href=\"https:\/\/ctainternacionales.org\/?p=1554\"> [...]<\/a>","protected":false},"author":1,"featured_media":0,"comment_status":"closed","ping_status":"closed","sticky":false,"template":"","format":"standard","meta":{"ngg_post_thumbnail":0,"footnotes":""},"categories":[],"tags":[],"class_list":["post-1554","post","type-post","status-publish","format-standard","hentry"],"_links":{"self":[{"href":"https:\/\/ctainternacionales.org\/index.php?rest_route=\/wp\/v2\/posts\/1554","targetHints":{"allow":["GET"]}}],"collection":[{"href":"https:\/\/ctainternacionales.org\/index.php?rest_route=\/wp\/v2\/posts"}],"about":[{"href":"https:\/\/ctainternacionales.org\/index.php?rest_route=\/wp\/v2\/types\/post"}],"author":[{"embeddable":true,"href":"https:\/\/ctainternacionales.org\/index.php?rest_route=\/wp\/v2\/users\/1"}],"replies":[{"embeddable":true,"href":"https:\/\/ctainternacionales.org\/index.php?rest_route=%2Fwp%2Fv2%2Fcomments&post=1554"}],"version-history":[{"count":3,"href":"https:\/\/ctainternacionales.org\/index.php?rest_route=\/wp\/v2\/posts\/1554\/revisions"}],"predecessor-version":[{"id":1635,"href":"https:\/\/ctainternacionales.org\/index.php?rest_route=\/wp\/v2\/posts\/1554\/revisions\/1635"}],"wp:attachment":[{"href":"https:\/\/ctainternacionales.org\/index.php?rest_route=%2Fwp%2Fv2%2Fmedia&parent=1554"}],"wp:term":[{"taxonomy":"category","embeddable":true,"href":"https:\/\/ctainternacionales.org\/index.php?rest_route=%2Fwp%2Fv2%2Fcategories&post=1554"},{"taxonomy":"post_tag","embeddable":true,"href":"https:\/\/ctainternacionales.org\/index.php?rest_route=%2Fwp%2Fv2%2Ftags&post=1554"}],"curies":[{"name":"wp","href":"https:\/\/api.w.org\/{rel}","templated":true}]}}