{"id":1551,"date":"2012-11-06T14:39:58","date_gmt":"2012-11-06T14:39:58","guid":{"rendered":"http:\/\/www.ctainternacionales.org\/?p=1551"},"modified":"2012-12-18T16:25:07","modified_gmt":"2012-12-18T16:25:07","slug":"viva-mexico","status":"publish","type":"post","link":"https:\/\/ctainternacionales.org\/?p=1551","title":{"rendered":"\u00a1Viva M\u00e9xico!"},"content":{"rendered":"<p>A continuaci\u00f3n, el portal Internacional de la CTA reproduce la declaraci\u00f3n de la Convenci\u00f3n Nacional Sindical en Defensa de las Conquistas Laborales de M\u00e9xico.<!--more--><\/p>\n<p><em><strong>A continuaci\u00f3n, el portal Internacional de la CTA reproduce la declaraci\u00f3n de la Convenci\u00f3n Nacional Sindical en Defensa de las Conquistas Laborales de M\u00e9xico.<\/strong><\/em><\/p>\n<p><span style=\"text-decoration: underline;\">DECLARACI\u00d3N<\/span><\/p>\n<p>D\u00edas aciagos se ciernen sobre la clase trabajadora de este pa\u00eds. En el Congreso de la Uni\u00f3n, donde deber\u00eda velarse por los intereses populares, se fragua uno de los mayores atracos contra la gente que vive de su trabajo y contra sus organizaciones sindicales: la reforma neoliberal a la Ley Federal del Trabajo que por tanto tiempo busc\u00f3 la patronal, a su gusto y medida, est\u00e1 en marcha.<\/p>\n<p>Reunidas en esta gran Convenci\u00f3n unitaria, porque unidad, en estos momentos dif\u00edciles, es lo que nos exigen las y los trabajadores mexicanos, las organizaciones sindicales participantes le decimos al pueblo de M\u00e9xico que de consumarse esta \u201creforma\u201d, los patrones tendr\u00e1n las manos libres para contratar y despedir a su antojo, para expandir la simulaci\u00f3n perversa de la tercerizaci\u00f3n, para contratar por hora de acuerdo a su conveniencia y en pocas palabras, para eliminar la estabilidad en el empleo, fomentar la precarizaci\u00f3n del trabajo y socavar tanto a la contrataci\u00f3n colectiva como a la organizaci\u00f3n aut\u00f3noma de los trabajadores.<\/p>\n<p>En estas condiciones todos resultar\u00e1n afectados, especialmente los j\u00f3venes, quienes de aprobarse esta ley, ser\u00e1n condenados a pasar de un empleo a otro, sin acumular derechos y sin la m\u00e1s m\u00ednima oportunidad de aspirar a un retiro digno. M\u00e1s de 5 millones de jubilados y pensionados, por otra parte, resentir\u00e1n el efecto combinado de la contrarreforma laboral y de los procesos en marcha de privatizaci\u00f3n de la seguridad social mexicana, lo que les augura un futuro incierto y bajo condiciones de pobreza, a causa de las raqu\u00edticas pensiones que perciben.<\/p>\n<p>En lugar de poner un alto a las reiteradas violaciones patronales de los derechos laborales, se les encubre cambiando la ley. Legalizar lo ilegal es la divisa de una reforma que de ninguna manera impulsar\u00e1 el crecimiento del pa\u00eds y mucho menos el empleo digno; por el contrario, con ella, se profundiza la tendencia a convertir a M\u00e9xico en el para\u00edso del trabajo precario, por medio de la reducci\u00f3n extrema del costo de la mano de obra. Todo ello para beneficio de los empresarios nacionales y extranjeros. No es entonces la competitividad, sino la servidumbre de las y los trabajadores lo que se busca en el fondo.<\/p>\n<p>Por estas consideraciones, de ninguna manera podemos admitir el que se utilice la leg\u00edtima reivindicaci\u00f3n de mayor democracia y transparencia en los sindicatos como moneda de cambio para consentir la reducci\u00f3n o eliminaci\u00f3n de los derechos fundamentales de los trabajadores.<\/p>\n<p>Escoger entre la democracia sindical y los derechos humanos y laborales, como pretenden algunos medios que aprovechan la ocasi\u00f3n para hacer campa\u00f1a en contra de los sindicatos, es una disyuntiva falsa que oculta el hecho de que el verdadero n\u00facleo de la iniciativa que envi\u00f3 el Titular del Ejecutivo es la flexibilidad a ultranza y unilateral de las relaciones laborales. As\u00ed qued\u00f3 demostrado cuando la C\u00e1mara de Diputados elimin\u00f3 los cap\u00edtulos vinculados a la democracia y transparencia, sin que ello molestara mayor cosa a los aut\u00e9nticos promotores de la reforma, como la COPARMEX, quienes incluso le exigieron a los senadores que aprobaran sin cambios la minuta de la C\u00e1mara Baja.<\/p>\n<p>Sostenemos qu\u00e9 para democratizar verdaderamente al mundo del trabajo, es necesario un amplio debate nacional en el que participen todas las vertientes del sindicalismo mexicano y en el que se consideren, entre otros temas, la democracia, la independencia y la transparencia de las organizaciones gremiales, la protecci\u00f3n y fortalecimiento de las garant\u00edas individuales y colectivas de los trabajadores, el combate a la corrupci\u00f3n y antidemocracia en las instancias de impartici\u00f3n de justicia laboral, los derechos de la mujer trabajadora y de los j\u00f3venes, as\u00ed como la eliminaci\u00f3n de toda forma de injerencia de los patrones y el gobierno en la vida interna de los sindicatos. En suma, democracia y transparencia para todas y todos con plenos derechos.<\/p>\n<p>Esto es justamente lo opuesto al m\u00e9todo que est\u00e1n utilizando en el congreso para procesar, al vapor, la iniciativa gubernamental, por ello le preguntamos a los legisladores y a quienes promueven la contrarreforma laboral: \u00bfC\u00f3mo pueden hablar de democracia cuando en unos cuantos d\u00edas, sin que mediara la m\u00e1s m\u00ednima consulta con los trabajadores y sus organizaciones, se pretenden eliminar las conquistas hist\u00f3ricas, sociales y sindicales contenidas en nuestra Carta Magna, las que fueron producto de la primera revoluci\u00f3n social del siglo XX?<\/p>\n<p>No cabe duda, para finalizar, que la reforma que proyecta aprobar el Legislativo es claramente anticonstitucional, ya que vulnera lo establecido en los art\u00edculos Primero y 123 constitucionales, adem\u00e1s de transgredir los convenios internacionales que protegen los derechos humanos y laborales de los trabajadores.<\/p>\n<p>Compa\u00f1eros: esta batalla a\u00fan no concluye, la iniciativa de reforma ha regresado a la C\u00e1mara de Diputados y a\u00fan es posible hacer o\u00edr nuestra voz para que quienes se dicen representantes populares midan las consecuencias de sus actos. Que quede claro: los sindicalistas mexicanos no aceptamos ni aceptaremos que la aprobaci\u00f3n de la contrarreforma laboral sea un hecho consumado. \u00a1Todav\u00eda es tiempo de actuar para detenerla o revertirla!<\/p>\n<p>Con esta gran Convenci\u00f3n Nacional Sindical, la lucha por defender las conquistas laborales y sindicales pasa a una etapa superior. Las Centrales, Frentes Federaciones, Sindicatos y Secciones sindicales presentes, nos comprometemos a escalar nuestras acciones en todo el pa\u00eds y a incrementar la organizaci\u00f3n de las y los trabajadores para la defensa de sus derechos, hoy en peligro.<\/p>\n<p>Las diferencias que nos han distanciado en el pasado pasan a segundo t\u00e9rmino frente a la magnitud del reto que enfrentamos. Anunciamos, en consecuencia, que desarrollaremos la m\u00e1s amplia unidad en la acci\u00f3n para detener esta reforma laboral antiobrera y evitar que prospere cualquier otro proyecto que atente contra los intereses de los trabajadores y la naci\u00f3n.<\/p>\n<p>Convocamos a todas las organizaciones sindicales dispuestas a defender los derechos de los trabajadores amenazados por la reforma neoliberal a sumarse al gran esfuerzo unitario que significa esta Convenci\u00f3n Nacional Sindical y a las acciones que llevaremos a cabo en los pr\u00f3ximos d\u00edas de conformidad con el siguiente Plan de Acci\u00f3n:<\/p>\n<p>&nbsp;<\/p>\n<ol>\n<li>Integrar una Instancia de Coordinaci\u00f3n Nacional con los dirigentes de nuestros sindicatos, que se encargar\u00e1 de instrumentar y precisar el Plan de Acci\u00f3n de la Convenci\u00f3n.<\/li>\n<li>Reforzar la campa\u00f1a nacional en contra de la reforma patronal utilizando las redes sociales y las formas tradicionales de comunicaci\u00f3n, como mantas y carteles, rechazando la p\u00e9rdida de nuestros derechos laborales.<\/li>\n<li>Realizar una gran Marcha Nacional en un d\u00eda domingo (por definir), a la que acudir\u00e1n los trabajadores y sus familias, la que se llevar\u00e1 a cabo en la Ciudad de M\u00e9xico y en las principales localidades del pa\u00eds.<\/li>\n<li>Realizar una amplia consulta nacional entre los miembros de nuestros sindicatos para definir si el pr\u00f3ximo 20 de noviembre se realiza un paro o huelga nacional. La Jornada Nacional de protesta podr\u00e1 incluir otras acciones como la distribuci\u00f3n de volantes, la realizaci\u00f3n de m\u00edtines rel\u00e1mpago, efectuar marchas en las principales plazas p\u00fablicas, colocaci\u00f3n de mantas y pancartas en los centros de trabajo y v\u00eda p\u00fablica, etc.<\/li>\n<\/ol>\n<p>&nbsp;<\/p>\n<p><span style=\"text-decoration: underline;\">Firman:<\/span> Uni\u00f3n Nacional de Trabajadores (UNT), Frente Sindical Mexicano (FSM), Sindicato Mexicano de Electricistas (SME), Secci\u00f3n XVIII del SNTE-CNTE, Confederaci\u00f3n Regional Obrera de M\u00e9xico (CROM), Confederaci\u00f3n Obrera Revolucionaria (COR), Consejo Laboral del Estado de M\u00e9xico (CLEM), Sindicato \u00danico de Trabajadores del Gobierno del Distrito Federal (SUTGDF), Sindicato Nacional de Trabajadores de Transportes, Transformaci\u00f3n, Aviaci\u00f3n, Servicios y Similares (SNTTTASS), Confederaci\u00f3n de Obreros, Campesinos y Empleados de M\u00e9xico (COCEM), Confederaci\u00f3n Obrera de M\u00e9xico (COM), Confederaci\u00f3n Revolucionaria de Obreros y Campesinos (CROC), Federaci\u00f3n de Sindicatos de Trabajadores de los Gobiernos de los Estados, Municipios e Instituciones Descentralizados de los Estados Unidos Mexicanos (FESTEM), Sindicato \u00danico de Trabajadores de los Poderes, Municipios e Instituciones Descentralizadas del Estado de M\u00e9xico (S.U.T.E.Y M.), Federaci\u00f3n Revolucionaria de Empleados y Trabajadores (FRET), Asociaci\u00f3n Sindical de Pilotos Aviadores (ASPA), Sindicato \u00danico de Trabajadores de la Universidad de Guadalajara (SUTUdeG), Sindicato Nacional de Trabajadores de la Secretar\u00eda de Salud (SNTSA), Centro de Investigaci\u00f3n Laboral y Asesor\u00eda Sindical (CILAS), Alianza de Tranviarios de M\u00e9xico (ATM), Sindicato \u00danico de Trabajadores del Colegio de Educaci\u00f3n Profesional T\u00e9cnica (SUTCONALEP), Sindicato \u00danico de Trabajadores de la Industria Nuclear (SUTIN), Sindicato de Trabajadores de la Honorable C\u00e1mara de Senadores (STHCS), Sindicato Democr\u00e1tico de Trabajadores de la Procuradur\u00eda Social del Distrito Federal (SDTPSDF), Asociaci\u00f3n Sindical de Trabajadores de Tribunal Federal de Justicia Fiscal y Administrativa (ASTTFJFA), Sindicato de Trabajadores del Poder Judicial del Distrito Federal (STPJDF), Sindicato de Empleados P\u00fablicos de Sistema Intermunicipal de Agua Potable y Alcantarillado (SEPSIAPA), Sindicato Aut\u00f3nomo de Trabajadores de la Educaci\u00f3n de Veracruz (SATEV), Asociaci\u00f3n Sindical de los Trabajadores del Instituto de Vivienda del Distrito Federal (ASTINVI), Sindicato Democr\u00e1tico de Bomberos Jalisco (SIDEBOJA), Sindicato Nacional de Trabajadores de la Secretaria de Desarrollo Social (SNTSEDESOL), Sindicato Nacional de Trabajadores de Aviaci\u00f3n y Similares (SNTAS), Asociaci\u00f3n Sindical de Sobrecargos de Aviaci\u00f3n (ASSA), Sindicato \u00danico de Trabajadores del Instituto de Educaci\u00f3n Media Superior (SUTIEMS), Frente Social por la Soberan\u00eda Popular (FSSP), Trabajadoras de Av\u00f3n (COSMOGAR), Sindicato de Trabajadores de la Universidad Nacional Aut\u00f3noma de M\u00e9xico (STUNAM), Sindicato \u00danico de Trabajadores al Servicio del Estado Municipios y Organismos Paraestatales, (SUTSEMOP), Sindicato de Telefonistas de la Rep\u00fablica Mexicana (STRM), Sindicato de Trabajadores de la Universidad Aut\u00f3noma de Chapingo (SUTUACH), Sindicato Democr\u00e1tico del Heroico Cuerpo de Bomberos (SDHCB), Sindicato Independiente de Trabajadores de la Educaci\u00f3n del Estado de Tabasco (SITET), Sindicato Democr\u00e1tico de Trabajadores del Instituto Tecnol\u00f3gico Superior de Teposcolula (SDITSTE), Sindicato Independiente de Trabajadores de la Secretaria de Seguridad P\u00fablica Federal (SITSSPF), Federaci\u00f3n de Trabajadores del Distrito Federal (FTDF), Sindicato \u00danico de Trabajadores de la Universidad Aut\u00f3noma de la Ciudad de M\u00e9xico (SUTUACM), Federaci\u00f3n General de Trabajadores del Estados y los Municipios (FGTGM), Departamento II del Instituto Polit\u00e9cnico Nacional 12 Escuela Superior de Ingenier\u00eda Mec\u00e1nica y El\u00e9ctrica Zacatenco (D-II-IPN-12-ESIME-Z).<\/p>\n<p>&nbsp;<\/p>\n<p>(<em>06.11.2012<\/em>)<\/p>\n","protected":false},"excerpt":{"rendered":"A continuaci\u00f3n, el portal Internacional de la CTA reproduce la declaraci\u00f3n de la Convenci\u00f3n Nacional Sindical en Defensa de las Conquistas Laborales de \n<a class=\"moretag\" href=\"https:\/\/ctainternacionales.org\/?p=1551\"> [...]<\/a>","protected":false},"author":1,"featured_media":0,"comment_status":"closed","ping_status":"closed","sticky":false,"template":"","format":"standard","meta":{"ngg_post_thumbnail":0,"footnotes":""},"categories":[],"tags":[],"class_list":["post-1551","post","type-post","status-publish","format-standard","hentry"],"_links":{"self":[{"href":"https:\/\/ctainternacionales.org\/index.php?rest_route=\/wp\/v2\/posts\/1551","targetHints":{"allow":["GET"]}}],"collection":[{"href":"https:\/\/ctainternacionales.org\/index.php?rest_route=\/wp\/v2\/posts"}],"about":[{"href":"https:\/\/ctainternacionales.org\/index.php?rest_route=\/wp\/v2\/types\/post"}],"author":[{"embeddable":true,"href":"https:\/\/ctainternacionales.org\/index.php?rest_route=\/wp\/v2\/users\/1"}],"replies":[{"embeddable":true,"href":"https:\/\/ctainternacionales.org\/index.php?rest_route=%2Fwp%2Fv2%2Fcomments&post=1551"}],"version-history":[{"count":2,"href":"https:\/\/ctainternacionales.org\/index.php?rest_route=\/wp\/v2\/posts\/1551\/revisions"}],"predecessor-version":[{"id":1636,"href":"https:\/\/ctainternacionales.org\/index.php?rest_route=\/wp\/v2\/posts\/1551\/revisions\/1636"}],"wp:attachment":[{"href":"https:\/\/ctainternacionales.org\/index.php?rest_route=%2Fwp%2Fv2%2Fmedia&parent=1551"}],"wp:term":[{"taxonomy":"category","embeddable":true,"href":"https:\/\/ctainternacionales.org\/index.php?rest_route=%2Fwp%2Fv2%2Fcategories&post=1551"},{"taxonomy":"post_tag","embeddable":true,"href":"https:\/\/ctainternacionales.org\/index.php?rest_route=%2Fwp%2Fv2%2Ftags&post=1551"}],"curies":[{"name":"wp","href":"https:\/\/api.w.org\/{rel}","templated":true}]}}