{"id":1533,"date":"2012-10-16T16:10:44","date_gmt":"2012-10-16T16:10:44","guid":{"rendered":"http:\/\/www.ctainternacionales.org\/?p=1533"},"modified":"2012-11-20T16:36:17","modified_gmt":"2012-11-20T16:36:17","slug":"se-volvio-a-exigir-el-retiro-de-las-tropas-argentinas-de-haiti","status":"publish","type":"post","link":"https:\/\/ctainternacionales.org\/?p=1533","title":{"rendered":"Se volvi\u00f3 a exigir el retiro de las tropas argentinas de Hait\u00ed"},"content":{"rendered":"<p><a href=\"http:\/\/www.ctainternacionales.org\/wp-content\/uploads\/2012\/10\/haiti.jpg\"><img loading=\"lazy\" decoding=\"async\" class=\"alignnone size-thumbnail wp-image-1534\" title=\"haiti\" src=\"http:\/\/www.ctainternacionales.org\/wp-content\/uploads\/2012\/10\/haiti-307x204.jpg\" alt=\"\" width=\"307\" height=\"204\" \/><\/a>En la tarde de ayer, en la sede de la CTA (Lima 609) se realiz\u00f3 una conferencia de prensa organizada por el Comit\u00e9 de Solidaridad por el Retiro de las Tropas Argentinas en Hait\u00ed de la que participaron Ricardo Peidro (secretario adjunto de la CTA), Carlos Chile (secretario general de CTA Capital), Adolfo Perez Esquivel (Serpaj), Beverly Keene (Jubileo Sur) y Nora Corti\u00f1as (Madres de Plaza de Mayo-L\u00ednea Fundadora), coordinados por Fernando Cardozo (Relaciones Internacionales CTA Capital).<!--more--><\/p>\n<p><em><strong><a href=\"http:\/\/www.ctainternacionales.org\/wp-content\/uploads\/2012\/10\/haiti.jpg\"><img loading=\"lazy\" decoding=\"async\" class=\"alignnone size-medium wp-image-1534\" title=\"haiti\" src=\"http:\/\/www.ctainternacionales.org\/wp-content\/uploads\/2012\/10\/haiti-465x310.jpg\" alt=\"\" width=\"465\" height=\"310\" \/><\/a>En la tarde de ayer, en la sede de la CTA (Lima 609) se realiz\u00f3 una conferencia de prensa organizada por el Comit\u00e9 de Solidaridad por el Retiro de las Tropas Argentinas en Hait\u00ed de la que participaron Ricardo Peidro (secretario adjunto de la CTA), Carlos Chile (secretario general de CTA Capital), Adolfo Perez Esquivel (Serpaj), Beverly Keene (Jubileo Sur) y Nora Corti\u00f1as (Madres de Plaza de Mayo-L\u00ednea Fundadora), coordinados por Fernando Cardozo (Relaciones Internacionales CTA Capital).<\/strong><\/em><\/p>\n<p>Horas despu\u00e9s de haber integrado la delegaci\u00f3n que fue a la Canciller\u00eda para pedir el retiro de las tropas argentina de Hait\u00ed, sus integrantes llevaron adelante una conferencia de prensa en la que explicaron las razones del pedido.<\/p>\n<p>\u201cAunque Hait\u00ed fue el primer pa\u00eds del continente en independizarse (1804), siempre ha sufrido el intervencionismo permanente de Estados Unidos\u201d, dijo Adolfo P\u00e9rez Esquivel ante la presencia de organizaciones sociales, pol\u00edticas y de Derechos Humanos. \u201cPedimos el retiro inmediato de las tropas que hace 8 a\u00f1os que est\u00e1n y no han contribuido en nada, al contrario. Hait\u00ed necesita m\u00e9dicos y educadores no militares. Todo esto son negocios\u201d, agreg\u00f3 el Premio Nobel de la Paz. P\u00e9rez Esquivel dijo adem\u00e1s que toda la intervenci\u00f3n de la Minustah se hace sin consultarle al pueblo haitiano: \u201cpor favor escuchen a la ciudadan\u00eda para que se respete el derecho a la autodeterminaci\u00f3n y la soberan\u00eda del Pueblo\u201d, concluy\u00f3 el coordinador del Servicio Paz y Justicia.<\/p>\n<p>El segundo orador fue Carlos Chile, quien detall\u00f3 la reuni\u00f3n en la Canciller\u00eda: \u201cnos recibieron 5 funcionarios de carrera y en seguida nos dimos cuenta que tenemos dos visiones diametralmente opuestas\u201d.<\/p>\n<p>Al tomar la palabra Beverly Keene, de Jubileo Sur, traz\u00f3 las analog\u00edas entre Hait\u00ed y Honduras, sobre la presencia de intereses econ\u00f3micos geoestrat\u00e9gicos del Norte. Bajo el amparo de la Minustah, subray\u00f3 Keene, irrumpi\u00f3 la miner\u00eda a cielo abierto, el trabajo esclavo de las maquilas y se mantiene el salario m\u00e1s bajo de todo el continente: \u201ceso hacen las tropas, garantizan que todo esto siga pasando\u201d.<\/p>\n<p>Antes de finalizar, Keene llam\u00f3 a seguir fortaleciendo las redes de difusi\u00f3n sobre la situaci\u00f3n haitiana y a seguir exigiendo al Gobierno que retire sus tropas de Hait\u00ed.<\/p>\n<p>\u201cDesde la CTA es un orgullo participar de esta campa\u00f1a. No se puede hablar de soberan\u00eda cuando tenemos tropas ocupando otro pa\u00eds latinoamericano\u201d, dijo Ricardo Peidro, en representaci\u00f3n de la CTA nacional.<\/p>\n<p>La \u00faltima oradora fue Nora Corti\u00f1as quien llam\u00f3 tambi\u00e9n a poner todo el empelo en Hait\u00ed, pa\u00eds al que, aun en el empobrecimiento al que lo han arrastrado, le siguen exigiendo el pago de su deuda externa. \u201cHay 800 mil personas durmiendo en la calle y el poco alimento que llega es comido por las tropas de ocupaci\u00f3n. No podr\u00edamos dormir tranquilo si no emprendi\u00e9ramos esta campa\u00f1a, sigamos caminando juntos para sacar a Hait\u00ed de esta situaci\u00f3n\u201d, concluy\u00f3 Nora Corti\u00f1as ante el aplauso de todas y todos los presentes, entre los que se contaban compa\u00f1eros y compa\u00f1eras de Honduras.<\/p>\n<p>Luego de recordar que hace unos d\u00edas Pablo Micheli y Adolfo Aguirre (secretario de Relaciones Internacionales de la CTA), participaron en la ONU de una reuni\u00f3n en la que exigieron que se retire la Minustah de Hait\u00ed, Fernando Cardozo, quien coordin\u00f3 el encuentro, salud\u00f3 la presencia de dirigentes sociales, sindicales y pol\u00edticos que acompa\u00f1aron la conferencia y con quienes se construye a diario la lucha por un continente que pueda ser verdaderamente libre y soberano, como lo so\u00f1aron Mart\u00ed, Bol\u00edvar y San Mart\u00edn.<\/p>\n<p>&nbsp;<\/p>\n<p>(<em>In\u00e9s Hayes: 16.10.2012<\/em>)<\/p>\n","protected":false},"excerpt":{"rendered":"En la tarde de ayer, en la sede de la CTA (Lima 609) se realiz\u00f3 una conferencia de prensa organizada por el Comit\u00e9 \n<a class=\"moretag\" href=\"https:\/\/ctainternacionales.org\/?p=1533\"> [...]<\/a>","protected":false},"author":1,"featured_media":0,"comment_status":"closed","ping_status":"closed","sticky":false,"template":"","format":"standard","meta":{"ngg_post_thumbnail":0,"footnotes":""},"categories":[],"tags":[],"class_list":["post-1533","post","type-post","status-publish","format-standard","hentry"],"_links":{"self":[{"href":"https:\/\/ctainternacionales.org\/index.php?rest_route=\/wp\/v2\/posts\/1533","targetHints":{"allow":["GET"]}}],"collection":[{"href":"https:\/\/ctainternacionales.org\/index.php?rest_route=\/wp\/v2\/posts"}],"about":[{"href":"https:\/\/ctainternacionales.org\/index.php?rest_route=\/wp\/v2\/types\/post"}],"author":[{"embeddable":true,"href":"https:\/\/ctainternacionales.org\/index.php?rest_route=\/wp\/v2\/users\/1"}],"replies":[{"embeddable":true,"href":"https:\/\/ctainternacionales.org\/index.php?rest_route=%2Fwp%2Fv2%2Fcomments&post=1533"}],"version-history":[{"count":3,"href":"https:\/\/ctainternacionales.org\/index.php?rest_route=\/wp\/v2\/posts\/1533\/revisions"}],"predecessor-version":[{"id":1585,"href":"https:\/\/ctainternacionales.org\/index.php?rest_route=\/wp\/v2\/posts\/1533\/revisions\/1585"}],"wp:attachment":[{"href":"https:\/\/ctainternacionales.org\/index.php?rest_route=%2Fwp%2Fv2%2Fmedia&parent=1533"}],"wp:term":[{"taxonomy":"category","embeddable":true,"href":"https:\/\/ctainternacionales.org\/index.php?rest_route=%2Fwp%2Fv2%2Fcategories&post=1533"},{"taxonomy":"post_tag","embeddable":true,"href":"https:\/\/ctainternacionales.org\/index.php?rest_route=%2Fwp%2Fv2%2Ftags&post=1533"}],"curies":[{"name":"wp","href":"https:\/\/api.w.org\/{rel}","templated":true}]}}