{"id":1508,"date":"2012-10-11T18:38:11","date_gmt":"2012-10-11T18:38:11","guid":{"rendered":"http:\/\/www.ctainternacionales.org\/?p=1508"},"modified":"2012-11-07T17:40:35","modified_gmt":"2012-11-07T17:40:35","slug":"por-haiti","status":"publish","type":"post","link":"https:\/\/ctainternacionales.org\/?p=1508","title":{"rendered":"Por Hait\u00ed"},"content":{"rendered":"<p>El secretario general de la CTA, Pablo Micheli, se encuentra en Nueva York como parte de una delegaci\u00f3n continental de organizaciones sociales y sindicales en solidaridad con Hait\u00ed. <!--more--><\/p>\n<p><em><strong>El secretario general de la CTA, Pablo Micheli, se encuentra en Nueva York como parte de una delegaci\u00f3n continental de organizaciones sociales y sindicales que se manifestar\u00e1n en las Naciones Unidas para exigir el inmediato retiro de tropas de ocupaci\u00f3n de Hait\u00ed.<\/strong><\/em><\/p>\n<p>El titular de la Central de Trabajadores de la Argentina, Pablo Micheli, junto al secretario de Relaciones Internacionales de la Central, Adolfo Aguirre, participar\u00e1n de este encuentro que tiene por finalidad reclamar:<\/p>\n<p>&#8211; La salida inmediata de las fuerzas de ocupaci\u00f3n.<\/p>\n<p>&#8211; La compensaci\u00f3n de todas las v\u00edctimas de la MINUSTAH, por las Naciones Unidas.<\/p>\n<p>Micheli fue invitado por el secretario general de la Central Aut\u00f3noma de los Trabajadores Haitianos, Fignol\u00e9 St-CYR. Esta central encabeza la campa\u00f1a de organizaciones sociales haitianas, con apoyo de todo Am\u00e9rica Latina, incluyendo a la Central de Trabajadores de la Argentina, que denuncian las violaciones a los derechos humanos cometidos por la Misi\u00f3n de Estabilizaci\u00f3n de las Naciones Unidas en Hait\u00ed (MINUSTAH por sus siglas en ingl\u00e9s).<\/p>\n<p>Esta misi\u00f3n est\u00e1 liderada por Brasil y ocupa militarmente a Hait\u00ed desde el 2004, con una dotaci\u00f3n de m\u00e1s de 10.000 efectivos militares de pa\u00edses de toda la regi\u00f3n, incluyendo Argentina.<\/p>\n<p>El encuentro en las Naciones Unidas es un hecho hist\u00f3rico donde movimientos sociales de todo el continente, liderados por las organizaciones de Hait\u00ed, condenar\u00e1n los 8 a\u00f1os de ocupaci\u00f3n militar a ese pa\u00eds.<\/p>\n<p>&nbsp;<\/p>\n<p>(<em>11.10.2012<\/em>)<\/p>\n<p>&nbsp;<\/p>\n","protected":false},"excerpt":{"rendered":"El secretario general de la CTA, Pablo Micheli, se encuentra en Nueva York como parte de una delegaci\u00f3n continental de organizaciones sociales y \n<a class=\"moretag\" href=\"https:\/\/ctainternacionales.org\/?p=1508\"> [...]<\/a>","protected":false},"author":1,"featured_media":0,"comment_status":"closed","ping_status":"closed","sticky":false,"template":"","format":"standard","meta":{"ngg_post_thumbnail":0,"footnotes":""},"categories":[],"tags":[],"class_list":["post-1508","post","type-post","status-publish","format-standard","hentry"],"_links":{"self":[{"href":"https:\/\/ctainternacionales.org\/index.php?rest_route=\/wp\/v2\/posts\/1508","targetHints":{"allow":["GET"]}}],"collection":[{"href":"https:\/\/ctainternacionales.org\/index.php?rest_route=\/wp\/v2\/posts"}],"about":[{"href":"https:\/\/ctainternacionales.org\/index.php?rest_route=\/wp\/v2\/types\/post"}],"author":[{"embeddable":true,"href":"https:\/\/ctainternacionales.org\/index.php?rest_route=\/wp\/v2\/users\/1"}],"replies":[{"embeddable":true,"href":"https:\/\/ctainternacionales.org\/index.php?rest_route=%2Fwp%2Fv2%2Fcomments&post=1508"}],"version-history":[{"count":2,"href":"https:\/\/ctainternacionales.org\/index.php?rest_route=\/wp\/v2\/posts\/1508\/revisions"}],"predecessor-version":[{"id":1557,"href":"https:\/\/ctainternacionales.org\/index.php?rest_route=\/wp\/v2\/posts\/1508\/revisions\/1557"}],"wp:attachment":[{"href":"https:\/\/ctainternacionales.org\/index.php?rest_route=%2Fwp%2Fv2%2Fmedia&parent=1508"}],"wp:term":[{"taxonomy":"category","embeddable":true,"href":"https:\/\/ctainternacionales.org\/index.php?rest_route=%2Fwp%2Fv2%2Fcategories&post=1508"},{"taxonomy":"post_tag","embeddable":true,"href":"https:\/\/ctainternacionales.org\/index.php?rest_route=%2Fwp%2Fv2%2Ftags&post=1508"}],"curies":[{"name":"wp","href":"https:\/\/api.w.org\/{rel}","templated":true}]}}