{"id":1490,"date":"2012-09-20T22:06:38","date_gmt":"2012-09-20T22:06:38","guid":{"rendered":"http:\/\/www.ctainternacionales.org\/?p=1490"},"modified":"2012-10-16T16:11:42","modified_gmt":"2012-10-16T16:11:42","slug":"nos-hermana-un-pasado-y-un-futuro-de-luchas-comun","status":"publish","type":"post","link":"https:\/\/ctainternacionales.org\/?p=1490","title":{"rendered":"\u00abNos hermana un pasado y un futuro de luchas com\u00fan\u00bb"},"content":{"rendered":"<p><a href=\"http:\/\/www.ctainternacionales.org\/wp-content\/uploads\/2012\/09\/pitc-cnt.jpg\"><img loading=\"lazy\" decoding=\"async\" class=\"alignnone size-full wp-image-1491\" title=\"pitc-cnt\" src=\"http:\/\/www.ctainternacionales.org\/wp-content\/uploads\/2012\/09\/pitc-cnt.jpg\" alt=\"\" width=\"300\" height=\"400\" \/><\/a>En di\u00e1logo con ACTA, Jorge Berm\u00fadez, secretario de Relaciones Internacionales del PIT-CNT detalla las cuestiones que hermanan a la CTA con la Central uruguaya y celebra los motivos de este encuentro. <!--more--><\/p>\n<p><em><strong>En di\u00e1logo con ACTA, Jorge Berm\u00fadez, secretario de Relaciones Internacionales del PIT-CNT detalla las cuestiones que hermanan a la CTA con la Central uruguaya y celebra los motivos de este encuentro. Esta tarde a las 18, la CTA homenajea al Secretariado del PIT-CNT en el auditorio Eva Per\u00f3n de ATE (Belgrano 2527 de la Ciudad de Buenos Aires).<\/strong><\/em><\/p>\n<p><em>-\u00bfC\u00f3mo recibe el Secretariado del PIT-CNT este homenaje?<\/em><\/p>\n<p>&#8211; Primero que nada sentimos un inmenso honor, una muestra m\u00e1s de lo que es el concepto de internacionalismo y solidaridad entre los pueblos, mucho m\u00e1s entre el pueblo argentino y uruguayo y sobre todo en momentos complejos como el que estamos viviendo, en donde la importancia del movimiento sindical, de estrechar lazos y tambi\u00e9n de buscar y armar estrategias similares es fundamental.<\/p>\n<p>&nbsp;<\/p>\n<p><em>-\u00bfCu\u00e1les son las principales reivindicaciones actuales del PIT-CNT?<\/em><\/p>\n<p>&#8211; Si bien hay particularidades, hay cosas en com\u00fan por las cuales estamos luchando como la CTA: enfrentar una crisis de car\u00e1cter internacional en la cual los planteos de los sectores empresariales es que la crisis la paguen los trabajadores y el pueblo; eso ha significado en estos casos en el Uruguay profundas luchas en estos meses en defensa y por la conquista de convenios colectivos.<\/p>\n<p>Mi gremio de base en particular es la salud y de all\u00ed hemos logrado arrancar un importante convenio salarial y eso en un escenario en el que los empresarios plantean que no puede haber ning\u00fan incremento salarial que est\u00e9 por encima del crecimiento pronosticado, eso es parte del proceso y la concepci\u00f3n de que por m\u00e1s que el pa\u00eds avance, por m\u00e1s que las pol\u00edticas de nuestro pa\u00eds hagan que el PBI y los productos agroexportadores tengan valores muy importantes, en la cabeza de los empresarios la tasa de ganancia debe aumentar pero no los salarios de los trabajadores en proporci\u00f3n de los precios de esos productos.<\/p>\n<p>Esa es una pelea que junto con la redistribuci\u00f3n de la riqueza en un pa\u00eds que el crecimiento de distintos indicadores macroecon\u00f3micos permitir\u00eda la redistribuci\u00f3n de la riqueza y que sin embargo es una pelea que estamos dando no s\u00f3lo con el empresariado sino tambi\u00e9n con el Gobierno de que los procesos de cambio se deben fundar y avanzar con gobiernos que viniendo de una matriz popular respondan a esa matriz popular no como \u00fanico vector de cambio sino como principal vector de cambio.<\/p>\n<p>&nbsp;<\/p>\n<p><em>-\u00bfQu\u00e9 hermana a la CTA con el PIT-CNT?<\/em><\/p>\n<p>&#8211; Nos hermana una historia com\u00fan que surge justamente cuando pele\u00e1bamos contra gobiernos neoliberales de los a\u00f1os noventa que plantearon la venta de las empresas p\u00fablicas, la destrucci\u00f3n del modelo productivo de nuestro pa\u00eds, el consecuente aumento de la desocupaci\u00f3n, la pobreza, el hambre como moneda corriente en medio de las clases populares, todas esas luchas nos hermanan tambi\u00e9n a nivel internacional.<\/p>\n<p>Adem\u00e1s de esos a\u00f1os de lucha, el conocimiento que tenemos con algunos compa\u00f1eros de la CTA, adem\u00e1s de venir de una regi\u00f3n del mundo que hablamos el mismo idioma, tenemos las mismas costumbres y hemos sufrido procesos similares de dominaci\u00f3n por los sectores dominantes y el imperialismo. Frente a esto vamos fortaleciendo nuestras organizaciones, sigamos siendo un actor social indiscutible e inestimable, es decir, pensar en un proceso de cambio en Uruguay y en Argentina sin pensar en nuestras organizaciones sindicales ser\u00eda un gran error porque olvidar que los principales sujetos de cambio son los trabajadores en definitiva es serrucharse el piso a s\u00ed mismo y paralizar esos propios procesos e incluso hacerlos retroceder.<\/p>\n<p>Yo creo que nos hermana un pasado muy reciente de luchas muy concretas y un futuro y una visi\u00f3n similar de c\u00f3mo deben darse los procesos de cambio en nuestros pueblos pero sobre todo de cu\u00e1l debe ser el papel de nuestras organizaciones en este proceso de cambio.<\/p>\n<p>&nbsp;<\/p>\n<p>(<em>18.09.2012<\/em>)<\/p>\n","protected":false},"excerpt":{"rendered":"En di\u00e1logo con ACTA, Jorge Berm\u00fadez, secretario de Relaciones Internacionales del PIT-CNT detalla las cuestiones que hermanan a la CTA con la Central \n<a class=\"moretag\" href=\"https:\/\/ctainternacionales.org\/?p=1490\"> [...]<\/a>","protected":false},"author":1,"featured_media":0,"comment_status":"closed","ping_status":"closed","sticky":false,"template":"","format":"standard","meta":{"ngg_post_thumbnail":0,"footnotes":""},"categories":[],"tags":[],"class_list":["post-1490","post","type-post","status-publish","format-standard","hentry"],"_links":{"self":[{"href":"https:\/\/ctainternacionales.org\/index.php?rest_route=\/wp\/v2\/posts\/1490","targetHints":{"allow":["GET"]}}],"collection":[{"href":"https:\/\/ctainternacionales.org\/index.php?rest_route=\/wp\/v2\/posts"}],"about":[{"href":"https:\/\/ctainternacionales.org\/index.php?rest_route=\/wp\/v2\/types\/post"}],"author":[{"embeddable":true,"href":"https:\/\/ctainternacionales.org\/index.php?rest_route=\/wp\/v2\/users\/1"}],"replies":[{"embeddable":true,"href":"https:\/\/ctainternacionales.org\/index.php?rest_route=%2Fwp%2Fv2%2Fcomments&post=1490"}],"version-history":[{"count":4,"href":"https:\/\/ctainternacionales.org\/index.php?rest_route=\/wp\/v2\/posts\/1490\/revisions"}],"predecessor-version":[{"id":1495,"href":"https:\/\/ctainternacionales.org\/index.php?rest_route=\/wp\/v2\/posts\/1490\/revisions\/1495"}],"wp:attachment":[{"href":"https:\/\/ctainternacionales.org\/index.php?rest_route=%2Fwp%2Fv2%2Fmedia&parent=1490"}],"wp:term":[{"taxonomy":"category","embeddable":true,"href":"https:\/\/ctainternacionales.org\/index.php?rest_route=%2Fwp%2Fv2%2Fcategories&post=1490"},{"taxonomy":"post_tag","embeddable":true,"href":"https:\/\/ctainternacionales.org\/index.php?rest_route=%2Fwp%2Fv2%2Ftags&post=1490"}],"curies":[{"name":"wp","href":"https:\/\/api.w.org\/{rel}","templated":true}]}}